{"id":4278,"date":"2011-10-05T20:54:00","date_gmt":"2011-10-05T20:54:00","guid":{"rendered":"https:\/\/www.oidossucios.com\/site\/2011\/10\/05\/slash-inicia-las-grabaciones-de-su-nuevo-album-solista\/"},"modified":"2011-10-05T20:54:00","modified_gmt":"2011-10-05T20:54:00","slug":"slash-inicia-las-grabaciones-de-su-nuevo-album-solista","status":"publish","type":"post","link":"https:\/\/www.oidossucios.com\/site\/slash-inicia-las-grabaciones-de-su-nuevo-album-solista\/","title":{"rendered":"Slash inicia las grabaciones de su nuevo \u00e1lbum solista"},"content":{"rendered":"\n<p class=\"MsoNormal\">El legendario guitarrista Slash comunico a sus fans que est\u00e1 listo para grabar el sucesor de su \u00e1lbum hom\u00f3nimo como solista.<o:p><\/o:p><\/p>\n<p class=\"MsoNormal\"><\/p>\n<p class=\"MsoNormal\">El ex guitarrista de Guns N Roses coment\u00f3 a trav\u00e9s de su cuenta de Twitter:<o:p><\/o:p><\/p>\n<p class=\"MsoNormal\"><\/p>\n<p class=\"MsoNormal\">&#8220;Escuchando demos que grab\u00e9 la semana pasada. Algunos m\u00e1s pulidos que otros, pero suena bien. He reunido catorce canciones hasta el&nbsp;momento. Tres m\u00e1s y listo. Ser\u00e1 buen momento para grabar estas tres canciones este fin de semana&#8221;.<\/p>\n<p class=\"MsoNormal\"><o:p><\/o:p><\/p>\n<p class=\"MsoNormal\"><\/p>\n<p class=\"MsoNormal\">Se dice que el guitarrista juntar\u00e1 a la misma banda con la que grab\u00f3 su primer trabajo, para esta nueva producci\u00f3n, incluyendo en la voz a Myles Kennedy, l\u00edder de la banda Alter Bridge. Las sesiones hasta el momento est\u00e1n muy lejos de ser no dolorosas.&nbsp;<br \/>Slash a\u00f1adio:<o:p><\/o:p><\/p>\n<p class=\"MsoNormal\"><\/p>\n<p class=\"MsoNormal\">&#8220;Tengo ampollas en mis dedos (I Got blistes on my fingaas!!&#8221;-John Lennon!). D\u00edmelo a m\u00ed. Por lo menos se dice que era John. Independientemente de qui\u00e9n lo dijo, yo las tengo y me encantan&#8221;.<o:p><\/o:p><\/p>\n<p class=\"MsoNormal\"><\/p>\n<p class=\"MsoNormal\">&#8220;Los fans del cl\u00e1sico \u00e1lbum&nbsp;<i>Appetite For Destruction<\/i> de Guns N Roses estar\u00e1n encantados de escuchar que llev\u00e9 al estudio mi guitarra Les Paul con la que grab\u00e9 originalmente el AFD y la he tocado todo el d\u00eda, es como un viejo amigo, es una gran guitarra&#8221;.<o:p><\/o:p><\/p>\n<p class=\"MsoNormal\"><\/p>\n<p class=\"MsoNormal\">Hay 17 canciones escritas y listas para grabarse. Slash y su banda se dirigen a Barefoot Studio en California para trabajar con el productor Eric Valentine. Y seg\u00fan informaci\u00f3n del bajista Todd Kerns, se espera tener grabado en su totalidad el nuevo \u00e1lbum de Slash para finales de a\u00f1o.<o:p><\/o:p><\/p>\n<p class=\"MsoNormal\"><o:p>&nbsp;<\/o:p><\/p>\n","protected":false},"excerpt":{"rendered":"<p>El legendario guitarrista Slash comunico a sus fans que est\u00e1 listo para grabar el sucesor de su \u00e1lbum hom\u00f3nimo como solista.<\/p>\n","protected":false},"author":4,"featured_media":100004278,"comment_status":"open","ping_status":"open","sticky":false,"template":"","format":"standard","meta":{"_jetpack_memberships_contains_paid_content":false,"footnotes":""},"categories":[250],"tags":[],"class_list":["post-4278","post","type-post","status-publish","format-standard","has-post-thumbnail","hentry","category-noticias"],"jetpack_featured_media_url":"https:\/\/www.oidossucios.com\/site\/wp-content\/uploads\/2011\/10\/4278.jpg","yoast_head":"<!-- This site is optimized with the Yoast SEO plugin v14.0.4 - https:\/\/yoast.com\/wordpress\/plugins\/seo\/ -->\n<title>Slash inicia las grabaciones de su nuevo \u00e1lbum solista - OidosSucios.Com<\/title>\n<meta name=\"description\" content=\"El legendario guitarrista Slash comunico a sus fans que est\u00e1 listo para grabar el sucesor de su \u00e1lbum hom\u00f3nimo como solista.\" \/>\n<meta name=\"robots\" content=\"index, follow\" \/>\n<meta name=\"googlebot\" content=\"index, follow, max-snippet:-1, max-image-preview:large, max-video-preview:-1\" \/>\n<meta name=\"bingbot\" content=\"index, follow, max-snippet:-1, max-image-preview:large, max-video-preview:-1\" \/>\n<link rel=\"canonical\" href=\"https:\/\/www.oidossucios.com\/site\/slash-inicia-las-grabaciones-de-su-nuevo-album-solista\/\" \/>\n<meta property=\"og:locale\" content=\"es_ES\" \/>\n<meta property=\"og:type\" content=\"article\" \/>\n<meta property=\"og:title\" content=\"Slash inicia las grabaciones de su nuevo \u00e1lbum solista - OidosSucios.Com\" \/>\n<meta property=\"og:description\" content=\"El legendario guitarrista Slash comunico a sus fans que est\u00e1 listo para grabar el sucesor de su \u00e1lbum hom\u00f3nimo como solista.\" \/>\n<meta property=\"og:url\" content=\"https:\/\/www.oidossucios.com\/site\/slash-inicia-las-grabaciones-de-su-nuevo-album-solista\/\" \/>\n<meta property=\"og:site_name\" content=\"OidosSucios.Com\" \/>\n<meta property=\"article:published_time\" content=\"2011-10-05T20:54:00+00:00\" \/>\n<meta property=\"og:image\" content=\"https:\/\/www.oidossucios.com\/site\/wp-content\/uploads\/2011\/10\/4278.jpg\" \/>\n\t<meta property=\"og:image:width\" content=\"350\" \/>\n\t<meta property=\"og:image:height\" content=\"300\" \/>\n<meta name=\"twitter:card\" content=\"summary_large_image\" \/>\n<meta name=\"twitter:creator\" content=\"@oidossucios\" \/>\n<script type=\"application\/ld+json\" class=\"yoast-schema-graph\">{\"@context\":\"https:\/\/schema.org\",\"@graph\":[{\"@type\":\"WebSite\",\"@id\":\"https:\/\/www.oidossucios.com\/site\/#website\",\"url\":\"https:\/\/www.oidossucios.com\/site\/\",\"name\":\"OidosSucios.Com\",\"description\":\"M\\u00fasica, conciertos, discos\",\"potentialAction\":[{\"@type\":\"SearchAction\",\"target\":\"https:\/\/www.oidossucios.com\/site\/?s={search_term_string}\",\"query-input\":\"required name=search_term_string\"}],\"inLanguage\":\"es\"},{\"@type\":\"ImageObject\",\"@id\":\"https:\/\/www.oidossucios.com\/site\/slash-inicia-las-grabaciones-de-su-nuevo-album-solista\/#primaryimage\",\"inLanguage\":\"es\",\"url\":\"https:\/\/www.oidossucios.com\/site\/wp-content\/uploads\/2011\/10\/4278.jpg\",\"width\":350,\"height\":300},{\"@type\":\"WebPage\",\"@id\":\"https:\/\/www.oidossucios.com\/site\/slash-inicia-las-grabaciones-de-su-nuevo-album-solista\/#webpage\",\"url\":\"https:\/\/www.oidossucios.com\/site\/slash-inicia-las-grabaciones-de-su-nuevo-album-solista\/\",\"name\":\"Slash inicia las grabaciones de su nuevo \\u00e1lbum solista - OidosSucios.Com\",\"isPartOf\":{\"@id\":\"https:\/\/www.oidossucios.com\/site\/#website\"},\"primaryImageOfPage\":{\"@id\":\"https:\/\/www.oidossucios.com\/site\/slash-inicia-las-grabaciones-de-su-nuevo-album-solista\/#primaryimage\"},\"datePublished\":\"2011-10-05T20:54:00+00:00\",\"dateModified\":\"2011-10-05T20:54:00+00:00\",\"author\":{\"@id\":\"https:\/\/www.oidossucios.com\/site\/#\/schema\/person\/24559eeb76bf83a63296fb072393a688\"},\"description\":\"El legendario guitarrista Slash comunico a sus fans que est\\u00e1 listo para grabar el sucesor de su \\u00e1lbum hom\\u00f3nimo como solista.\",\"inLanguage\":\"es\",\"potentialAction\":[{\"@type\":\"ReadAction\",\"target\":[\"https:\/\/www.oidossucios.com\/site\/slash-inicia-las-grabaciones-de-su-nuevo-album-solista\/\"]}]},{\"@type\":[\"Person\"],\"@id\":\"https:\/\/www.oidossucios.com\/site\/#\/schema\/person\/24559eeb76bf83a63296fb072393a688\",\"name\":\"Oidossucios\",\"image\":{\"@type\":\"ImageObject\",\"@id\":\"https:\/\/www.oidossucios.com\/site\/#personlogo\",\"inLanguage\":\"es\",\"url\":\"https:\/\/secure.gravatar.com\/avatar\/74fcb480f42f1a33e50a0b6e6369a3f907be2e43dc84fa5f76c66e9c22b4a5ab?s=96&d=mm&r=g\",\"caption\":\"Oidossucios\"},\"sameAs\":[\"https:\/\/twitter.com\/oidossucios\"]}]}<\/script>\n<!-- \/ Yoast SEO plugin. -->","jetpack_sharing_enabled":true,"_links":{"self":[{"href":"https:\/\/www.oidossucios.com\/site\/wp-json\/wp\/v2\/posts\/4278","targetHints":{"allow":["GET"]}}],"collection":[{"href":"https:\/\/www.oidossucios.com\/site\/wp-json\/wp\/v2\/posts"}],"about":[{"href":"https:\/\/www.oidossucios.com\/site\/wp-json\/wp\/v2\/types\/post"}],"author":[{"embeddable":true,"href":"https:\/\/www.oidossucios.com\/site\/wp-json\/wp\/v2\/users\/4"}],"replies":[{"embeddable":true,"href":"https:\/\/www.oidossucios.com\/site\/wp-json\/wp\/v2\/comments?post=4278"}],"version-history":[{"count":0,"href":"https:\/\/www.oidossucios.com\/site\/wp-json\/wp\/v2\/posts\/4278\/revisions"}],"wp:featuredmedia":[{"embeddable":true,"href":"https:\/\/www.oidossucios.com\/site\/wp-json\/wp\/v2\/media\/100004278"}],"wp:attachment":[{"href":"https:\/\/www.oidossucios.com\/site\/wp-json\/wp\/v2\/media?parent=4278"}],"wp:term":[{"taxonomy":"category","embeddable":true,"href":"https:\/\/www.oidossucios.com\/site\/wp-json\/wp\/v2\/categories?post=4278"},{"taxonomy":"post_tag","embeddable":true,"href":"https:\/\/www.oidossucios.com\/site\/wp-json\/wp\/v2\/tags?post=4278"}],"curies":[{"name":"wp","href":"https:\/\/api.w.org\/{rel}","templated":true}]}}