{"id":4280,"date":"2011-10-06T16:30:00","date_gmt":"2011-10-06T16:30:00","guid":{"rendered":"https:\/\/www.oidossucios.com\/site\/2011\/10\/06\/black-eyed-peas-podrian-anunciar-su-separacion\/"},"modified":"2011-10-06T16:30:00","modified_gmt":"2011-10-06T16:30:00","slug":"black-eyed-peas-podrian-anunciar-su-separacion","status":"publish","type":"post","link":"https:\/\/www.oidossucios.com\/site\/black-eyed-peas-podrian-anunciar-su-separacion\/","title":{"rendered":"Black Eyed Peas podr\u00edan anunciar su separaci\u00f3n"},"content":{"rendered":"<p>Por <\/p>\n<p class=\"MsoNormal\">Diversos medios brit\u00e1nicos han informado que los integrantes de&nbsp;The Black Eyed Peas&nbsp;planean anunciar la&nbsp;desintegraci\u00f3n&nbsp;de la banda a finales de esta semana.&nbsp;<\/p>\n<p class=\"MsoNormal\">Este anuncio llega tras el comunicado que dieron a conocer el d\u00eda de ayer (5 de octubre), en el que informaron que no se presentar\u00e1n en el&nbsp;concierto tributo a Michael Jackson&nbsp;en Gales, debido a &#8220;circunstancias inevitables&#8221;.&nbsp;<\/p>\n<p class=\"MsoNormal\">\n<p>Una fuente cercana a la banda inform\u00f3 a&nbsp;The Mirror&nbsp;que &#8220;el salir de este concierto significa la primera llamada para cerrar el tel\u00f3n, especialmente cuando todos son grandes fans de Jacko.&#8221; Tambi\u00e9n agreg\u00f3 que &#8220;las cosas han tomado un mal giro en los \u00faltimos meses, pero esto marca el final.&#8221;&nbsp;<\/p>\n<p class=\"MsoNormal\">\n<p>Por su parte,&nbsp;Will.I.Am&nbsp;neg\u00f3 los comentarios que&nbsp;Kanye West&nbsp;hizo sobre la desintegraci\u00f3n de Black Eyed Peas&nbsp;durante su presentaci\u00f3n en&nbsp;Austin City Limits, donde le dijo al p\u00fablico: &#8220;Descanse en paz&nbsp;Black Eyed Peas. Se les extra\u00f1ar\u00e1&#8221;.<\/p>\n<p class=\"MsoNormal\">&nbsp;<\/p>\n<p>Mientras tanto los integrantes de la banda no han querido dar declaraciones al respecto.&nbsp;<o:p><\/o:p><\/p>\n","protected":false},"excerpt":{"rendered":"<p>Diversos medios brit\u00e1nicos han informado que los integrantes de The Black Eyed Peas planean anunciar la desintegraci\u00f3n de la banda a finales de esta semana. <\/p>\n","protected":false},"author":4,"featured_media":100004280,"comment_status":"open","ping_status":"open","sticky":false,"template":"","format":"standard","meta":{"_jetpack_memberships_contains_paid_content":false,"footnotes":""},"categories":[685],"tags":[],"class_list":["post-4280","post","type-post","status-publish","format-standard","has-post-thumbnail","hentry","category-ultima"],"jetpack_featured_media_url":"https:\/\/www.oidossucios.com\/site\/wp-content\/uploads\/2011\/10\/4280.jpg","yoast_head":"<!-- This site is optimized with the Yoast SEO plugin v14.0.4 - https:\/\/yoast.com\/wordpress\/plugins\/seo\/ -->\n<title>Black Eyed Peas podr\u00edan anunciar su separaci\u00f3n - OidosSucios.Com<\/title>\n<meta name=\"description\" content=\"Diversos medios brit\u00e1nicos han informado que los integrantes de The Black Eyed Peas planean anunciar la desintegraci\u00f3n de la banda a finales de esta semana.\" \/>\n<meta name=\"robots\" content=\"index, follow\" \/>\n<meta name=\"googlebot\" content=\"index, follow, max-snippet:-1, max-image-preview:large, max-video-preview:-1\" \/>\n<meta name=\"bingbot\" content=\"index, follow, max-snippet:-1, max-image-preview:large, max-video-preview:-1\" \/>\n<link rel=\"canonical\" href=\"https:\/\/www.oidossucios.com\/site\/black-eyed-peas-podrian-anunciar-su-separacion\/\" \/>\n<meta property=\"og:locale\" content=\"es_ES\" \/>\n<meta property=\"og:type\" content=\"article\" \/>\n<meta property=\"og:title\" content=\"Black Eyed Peas podr\u00edan anunciar su separaci\u00f3n - OidosSucios.Com\" \/>\n<meta property=\"og:description\" content=\"Diversos medios brit\u00e1nicos han informado que los integrantes de The Black Eyed Peas planean anunciar la desintegraci\u00f3n de la banda a finales de esta semana.\" \/>\n<meta property=\"og:url\" content=\"https:\/\/www.oidossucios.com\/site\/black-eyed-peas-podrian-anunciar-su-separacion\/\" \/>\n<meta property=\"og:site_name\" content=\"OidosSucios.Com\" \/>\n<meta property=\"article:published_time\" content=\"2011-10-06T16:30:00+00:00\" \/>\n<meta property=\"og:image\" content=\"https:\/\/www.oidossucios.com\/site\/wp-content\/uploads\/2011\/10\/4280.jpg\" \/>\n\t<meta property=\"og:image:width\" content=\"350\" \/>\n\t<meta property=\"og:image:height\" content=\"300\" \/>\n<meta name=\"twitter:card\" content=\"summary_large_image\" \/>\n<meta name=\"twitter:creator\" content=\"@oidossucios\" \/>\n<script type=\"application\/ld+json\" class=\"yoast-schema-graph\">{\"@context\":\"https:\/\/schema.org\",\"@graph\":[{\"@type\":\"WebSite\",\"@id\":\"https:\/\/www.oidossucios.com\/site\/#website\",\"url\":\"https:\/\/www.oidossucios.com\/site\/\",\"name\":\"OidosSucios.Com\",\"description\":\"M\\u00fasica, conciertos, discos\",\"potentialAction\":[{\"@type\":\"SearchAction\",\"target\":\"https:\/\/www.oidossucios.com\/site\/?s={search_term_string}\",\"query-input\":\"required name=search_term_string\"}],\"inLanguage\":\"es\"},{\"@type\":\"ImageObject\",\"@id\":\"https:\/\/www.oidossucios.com\/site\/black-eyed-peas-podrian-anunciar-su-separacion\/#primaryimage\",\"inLanguage\":\"es\",\"url\":\"https:\/\/www.oidossucios.com\/site\/wp-content\/uploads\/2011\/10\/4280.jpg\",\"width\":350,\"height\":300},{\"@type\":\"WebPage\",\"@id\":\"https:\/\/www.oidossucios.com\/site\/black-eyed-peas-podrian-anunciar-su-separacion\/#webpage\",\"url\":\"https:\/\/www.oidossucios.com\/site\/black-eyed-peas-podrian-anunciar-su-separacion\/\",\"name\":\"Black Eyed Peas podr\\u00edan anunciar su separaci\\u00f3n - OidosSucios.Com\",\"isPartOf\":{\"@id\":\"https:\/\/www.oidossucios.com\/site\/#website\"},\"primaryImageOfPage\":{\"@id\":\"https:\/\/www.oidossucios.com\/site\/black-eyed-peas-podrian-anunciar-su-separacion\/#primaryimage\"},\"datePublished\":\"2011-10-06T16:30:00+00:00\",\"dateModified\":\"2011-10-06T16:30:00+00:00\",\"author\":{\"@id\":\"https:\/\/www.oidossucios.com\/site\/#\/schema\/person\/24559eeb76bf83a63296fb072393a688\"},\"description\":\"Diversos medios brit\\u00e1nicos han informado que los integrantes de The Black Eyed Peas planean anunciar la desintegraci\\u00f3n de la banda a finales de esta semana.\",\"inLanguage\":\"es\",\"potentialAction\":[{\"@type\":\"ReadAction\",\"target\":[\"https:\/\/www.oidossucios.com\/site\/black-eyed-peas-podrian-anunciar-su-separacion\/\"]}]},{\"@type\":[\"Person\"],\"@id\":\"https:\/\/www.oidossucios.com\/site\/#\/schema\/person\/24559eeb76bf83a63296fb072393a688\",\"name\":\"Oidossucios\",\"image\":{\"@type\":\"ImageObject\",\"@id\":\"https:\/\/www.oidossucios.com\/site\/#personlogo\",\"inLanguage\":\"es\",\"url\":\"https:\/\/secure.gravatar.com\/avatar\/74fcb480f42f1a33e50a0b6e6369a3f907be2e43dc84fa5f76c66e9c22b4a5ab?s=96&d=mm&r=g\",\"caption\":\"Oidossucios\"},\"sameAs\":[\"https:\/\/twitter.com\/oidossucios\"]}]}<\/script>\n<!-- \/ Yoast SEO plugin. -->","jetpack_sharing_enabled":true,"_links":{"self":[{"href":"https:\/\/www.oidossucios.com\/site\/wp-json\/wp\/v2\/posts\/4280","targetHints":{"allow":["GET"]}}],"collection":[{"href":"https:\/\/www.oidossucios.com\/site\/wp-json\/wp\/v2\/posts"}],"about":[{"href":"https:\/\/www.oidossucios.com\/site\/wp-json\/wp\/v2\/types\/post"}],"author":[{"embeddable":true,"href":"https:\/\/www.oidossucios.com\/site\/wp-json\/wp\/v2\/users\/4"}],"replies":[{"embeddable":true,"href":"https:\/\/www.oidossucios.com\/site\/wp-json\/wp\/v2\/comments?post=4280"}],"version-history":[{"count":0,"href":"https:\/\/www.oidossucios.com\/site\/wp-json\/wp\/v2\/posts\/4280\/revisions"}],"wp:featuredmedia":[{"embeddable":true,"href":"https:\/\/www.oidossucios.com\/site\/wp-json\/wp\/v2\/media\/100004280"}],"wp:attachment":[{"href":"https:\/\/www.oidossucios.com\/site\/wp-json\/wp\/v2\/media?parent=4280"}],"wp:term":[{"taxonomy":"category","embeddable":true,"href":"https:\/\/www.oidossucios.com\/site\/wp-json\/wp\/v2\/categories?post=4280"},{"taxonomy":"post_tag","embeddable":true,"href":"https:\/\/www.oidossucios.com\/site\/wp-json\/wp\/v2\/tags?post=4280"}],"curies":[{"name":"wp","href":"https:\/\/api.w.org\/{rel}","templated":true}]}}