{"id":4281,"date":"2011-10-06T16:43:00","date_gmt":"2011-10-06T16:43:00","guid":{"rendered":"https:\/\/www.oidossucios.com\/site\/2011\/10\/06\/sibelius-presenta-el-sibelius-g3-tour-y-su-gira-internacional-por-colombia-y-mexico\/"},"modified":"2011-10-06T16:43:00","modified_gmt":"2011-10-06T16:43:00","slug":"sibelius-presenta-el-sibelius-g3-tour-y-su-gira-internacional-por-colombia-y-mexico","status":"publish","type":"post","link":"https:\/\/www.oidossucios.com\/site\/sibelius-presenta-el-sibelius-g3-tour-y-su-gira-internacional-por-colombia-y-mexico\/","title":{"rendered":"Sibelius presenta el &#8220;Sibelius G3 tour&#8221; y su gira internacional por Colombia y M\u00e9xico"},"content":{"rendered":"\n<p align=\"center\" style=\"text-align: left; \">Sibelius ya es un nombre reconocido dentro del rock venezolano. Luego de organizar durante dos a\u00f1os consecutivos el \u00fanico concurso para ejecutantes de la guitarra el\u00e9ctrica en Venezuela, Sibelius comienza a recoger una f\u00e9rtil cosecha inspirada en el talento nacional con el primer Sibelius G3 tour. Barquisimeto, Caracas, Maracay, Valencia, Puerto La Cruz, Margarita y M\u00e9rida ser\u00e1n los escenarios de esta gran fiesta de la guitarra el\u00e9ctrica.<\/p>\n<p>&nbsp;<\/p>\n<p>Inspir\u00e1ndose en los famosos G3 organizados por el guitarrista mundialmente reconocido Joe Satriani, ahora, los 3 guitarristas que se embarcan en una gran aventura por diferentes ciudades del pa\u00eds ser\u00e1n Carlos Damiano (Ganador del 1er lugar Sibelius Fest 2011), Alfredo G\u00f3mez (Ganador 2do lugar Sibelius Fest 2011) y Philipp Scheer (Guitarrista l\u00edder de la agrupaci\u00f3n Sibelius). Cada uno interpretar\u00e1 piezas que han sido parte de su formaci\u00f3n musical junto a temas propios. Como cierre tienen la meta el darle continuidad a la tradici\u00f3n del famoso &#8220;Jammin&#8221; a tres guitarras.<\/p>\n<p>&nbsp;<\/p>\n<p>&#8220;\u00bfQui\u00e9n no ha so\u00f1ado con el G3? Ese es un ideal de todo guitarrista y para mi es un sue\u00f1o hecho realidad poder hacerlo con dos guitarristas que merecen un lugar en el rock venezolano, donde puedan mostrar de lo que son capaces. La idea de la banda SIBELIUS no es solo hacer m\u00fasica, tambi\u00e9n es ayudar a que la comunidad musical en Venezuela crezca y tenga nuevos espacios&#8221;, expres\u00f3 Philipp Scheer.<\/p>\n<p>&nbsp;<\/p>\n<p>&#8220;Esta gira va a ser realmente emocionante, desde el d\u00eda en que tuvo lugar el Sibelius Fest 2011 so\u00f1\u00e1bamos con la posibilidad de tocar juntos y compartir tarima, ahora va a ser un hecho y una gran oportunidad para nosotros de mostrar nuestro trabajo como guitarristas, es una iniciativa que vale la pena apoyar por busca reconocer el talento de los m\u00fasicos venezolanos&#8221;, coment\u00f3 Alfredo G\u00f3mez.<\/p>\n<p>&nbsp;<\/p>\n<p>Pero adem\u00e1s, SIBELIUS cerrar\u00e1 el a\u00f1o con su primera gran gira internacional. M\u00e9xico y Colombia&nbsp; recibir\u00e1n un show que enfatiza un recorrido amplio de lo que han sido los temas predilectos de las dos producciones discogr\u00e1ficas de la banda: Rebellion (2008) y Classical Tendencies (2010). <\/p>\n<p>&nbsp;<\/p>\n<p><b>La alineaci\u00f3n de m\u00fasicos invitados para el tour 2011 de Sibelius cuenta con:<\/b><\/p>\n<p>&#8211; Ricardo Figueroa (Vocalista de la agrupaci\u00f3n Tolerance)<\/p>\n<p>&#8211; Franco Nori (Baterista de la agrupaci\u00f3n&nbsp; Cyclic Fracture)<\/p>\n<p>&#8211; Rafael Rivas (Bajista de la agrupaci\u00f3n Ventuari)<\/p>\n<p>&nbsp;<\/p>\n<p><b>Las fechas, ciudades y pa\u00edses confirmados son los siguientes:<\/b><\/p>\n<p>&nbsp;<\/p>\n<p>&#8230;&#8230;&#8230;&#8230;.Octubre \u0096 Venezuela &#8211; Sibelius G3 Tour 2011&#8230;&#8230;&#8230;&#8230;<\/p>\n<p>&nbsp;<\/p>\n<p>&#8211; Barquisimeto; S\u00e1bado 8 (Flor de Venezuela) <\/p>\n<p>&#8211; Caracas; Jueves 13 (Universidad Sim\u00f3n Bol\u00edvar) &nbsp;<\/p>\n<p>&#8211; Maracay; Viernes 14 (Deja Vu)&nbsp; <\/p>\n<p>&#8211; Valencia; S\u00e1bado 15 (Oh que bueno)<\/p>\n<p>&#8211; Puerto la cruz; Viernes 21 (Tibur\u00f3n Club)<\/p>\n<p>&#8211; Margarita; S\u00e1bado 22 (Casa de la Cultura Ram\u00f3n V\u00e1squez Brito)<\/p>\n<p>&#8211; M\u00e9rida; S\u00e1bado 29 (Auditorio de la Facultad de Ciencias Forestales)<\/p>\n<p>&nbsp;<\/p>\n<p>&#8230;&#8230;&#8230;&#8230;.Noviembre \u0096 Colombia \u0096 Sibelius Tour 2011&#8230;&#8230;&#8230;<\/p>\n<p>&nbsp;<\/p>\n<p>&#8211; Bogot\u00e1; Viernes 4 (Riff Bar Rock)<\/p>\n<p>&#8211; Bogot\u00e1; S\u00e1bado 5 (Ozzy bar)<\/p>\n<p>&#8211; Bogot\u00e1; Domingo 6 (V-bar)<\/p>\n<p>&nbsp;<\/p>\n<p>&#8230;&#8230;&#8230;&#8230;.Noviembre \u0096 M\u00e9xico \u0096 Sibelius Tour 2011&#8230;&#8230;&#8230;&#8230;<\/p>\n<p>&nbsp;<\/p>\n<p>&#8211; DF; Viernes 11 (Kiss Lounge)<\/p>\n<p>&#8211; DF; S\u00e1bado 12 (Bulldog Caf\u00e9)<\/p>\n<p>&nbsp;<\/p>\n","protected":false},"excerpt":{"rendered":"<p>Venezuela, Colombia y M\u00e9xico ser\u00e1n los pa\u00edses que podr\u00e1n presenciar las nuevas tendencias e invitados especiales de la agrupaci\u00f3n Sibelius.<\/p>\n","protected":false},"author":4,"featured_media":100004281,"comment_status":"open","ping_status":"open","sticky":false,"template":"","format":"standard","meta":{"_jetpack_memberships_contains_paid_content":false,"footnotes":""},"categories":[250],"tags":[],"class_list":["post-4281","post","type-post","status-publish","format-standard","has-post-thumbnail","hentry","category-noticias"],"jetpack_featured_media_url":"https:\/\/www.oidossucios.com\/site\/wp-content\/uploads\/2011\/10\/4281.jpg","yoast_head":"<!-- This site is optimized with the Yoast SEO plugin v14.0.4 - https:\/\/yoast.com\/wordpress\/plugins\/seo\/ -->\n<title>Sibelius presenta el &quot;Sibelius G3 tour&quot; y su gira internacional por Colombia y M\u00e9xico - OidosSucios.Com<\/title>\n<meta name=\"description\" content=\"Venezuela, Colombia y M\u00e9xico ser\u00e1n los pa\u00edses que podr\u00e1n presenciar las nuevas tendencias e invitados especiales de la agrupaci\u00f3n Sibelius.\" \/>\n<meta name=\"robots\" content=\"index, follow\" \/>\n<meta name=\"googlebot\" content=\"index, follow, max-snippet:-1, max-image-preview:large, max-video-preview:-1\" \/>\n<meta name=\"bingbot\" content=\"index, follow, max-snippet:-1, max-image-preview:large, max-video-preview:-1\" \/>\n<link rel=\"canonical\" href=\"https:\/\/www.oidossucios.com\/site\/sibelius-presenta-el-sibelius-g3-tour-y-su-gira-internacional-por-colombia-y-mexico\/\" \/>\n<meta property=\"og:locale\" content=\"es_ES\" \/>\n<meta property=\"og:type\" content=\"article\" \/>\n<meta property=\"og:title\" content=\"Sibelius presenta el &quot;Sibelius G3 tour&quot; y su gira internacional por Colombia y M\u00e9xico - OidosSucios.Com\" \/>\n<meta property=\"og:description\" content=\"Venezuela, Colombia y M\u00e9xico ser\u00e1n los pa\u00edses que podr\u00e1n presenciar las nuevas tendencias e invitados especiales de la agrupaci\u00f3n Sibelius.\" \/>\n<meta property=\"og:url\" content=\"https:\/\/www.oidossucios.com\/site\/sibelius-presenta-el-sibelius-g3-tour-y-su-gira-internacional-por-colombia-y-mexico\/\" \/>\n<meta property=\"og:site_name\" content=\"OidosSucios.Com\" \/>\n<meta property=\"article:published_time\" content=\"2011-10-06T16:43:00+00:00\" \/>\n<meta property=\"og:image\" content=\"https:\/\/www.oidossucios.com\/site\/wp-content\/uploads\/2011\/10\/4281.jpg\" \/>\n\t<meta property=\"og:image:width\" content=\"350\" \/>\n\t<meta property=\"og:image:height\" content=\"300\" \/>\n<meta name=\"twitter:card\" content=\"summary_large_image\" \/>\n<meta name=\"twitter:creator\" content=\"@oidossucios\" \/>\n<script type=\"application\/ld+json\" class=\"yoast-schema-graph\">{\"@context\":\"https:\/\/schema.org\",\"@graph\":[{\"@type\":\"WebSite\",\"@id\":\"https:\/\/www.oidossucios.com\/site\/#website\",\"url\":\"https:\/\/www.oidossucios.com\/site\/\",\"name\":\"OidosSucios.Com\",\"description\":\"M\\u00fasica, conciertos, discos\",\"potentialAction\":[{\"@type\":\"SearchAction\",\"target\":\"https:\/\/www.oidossucios.com\/site\/?s={search_term_string}\",\"query-input\":\"required name=search_term_string\"}],\"inLanguage\":\"es\"},{\"@type\":\"ImageObject\",\"@id\":\"https:\/\/www.oidossucios.com\/site\/sibelius-presenta-el-sibelius-g3-tour-y-su-gira-internacional-por-colombia-y-mexico\/#primaryimage\",\"inLanguage\":\"es\",\"url\":\"https:\/\/www.oidossucios.com\/site\/wp-content\/uploads\/2011\/10\/4281.jpg\",\"width\":350,\"height\":300},{\"@type\":\"WebPage\",\"@id\":\"https:\/\/www.oidossucios.com\/site\/sibelius-presenta-el-sibelius-g3-tour-y-su-gira-internacional-por-colombia-y-mexico\/#webpage\",\"url\":\"https:\/\/www.oidossucios.com\/site\/sibelius-presenta-el-sibelius-g3-tour-y-su-gira-internacional-por-colombia-y-mexico\/\",\"name\":\"Sibelius presenta el \\\"Sibelius G3 tour\\\" y su gira internacional por Colombia y M\\u00e9xico - OidosSucios.Com\",\"isPartOf\":{\"@id\":\"https:\/\/www.oidossucios.com\/site\/#website\"},\"primaryImageOfPage\":{\"@id\":\"https:\/\/www.oidossucios.com\/site\/sibelius-presenta-el-sibelius-g3-tour-y-su-gira-internacional-por-colombia-y-mexico\/#primaryimage\"},\"datePublished\":\"2011-10-06T16:43:00+00:00\",\"dateModified\":\"2011-10-06T16:43:00+00:00\",\"author\":{\"@id\":\"https:\/\/www.oidossucios.com\/site\/#\/schema\/person\/24559eeb76bf83a63296fb072393a688\"},\"description\":\"Venezuela, Colombia y M\\u00e9xico ser\\u00e1n los pa\\u00edses que podr\\u00e1n presenciar las nuevas tendencias e invitados especiales de la agrupaci\\u00f3n Sibelius.\",\"inLanguage\":\"es\",\"potentialAction\":[{\"@type\":\"ReadAction\",\"target\":[\"https:\/\/www.oidossucios.com\/site\/sibelius-presenta-el-sibelius-g3-tour-y-su-gira-internacional-por-colombia-y-mexico\/\"]}]},{\"@type\":[\"Person\"],\"@id\":\"https:\/\/www.oidossucios.com\/site\/#\/schema\/person\/24559eeb76bf83a63296fb072393a688\",\"name\":\"Oidossucios\",\"image\":{\"@type\":\"ImageObject\",\"@id\":\"https:\/\/www.oidossucios.com\/site\/#personlogo\",\"inLanguage\":\"es\",\"url\":\"https:\/\/secure.gravatar.com\/avatar\/74fcb480f42f1a33e50a0b6e6369a3f907be2e43dc84fa5f76c66e9c22b4a5ab?s=96&d=mm&r=g\",\"caption\":\"Oidossucios\"},\"sameAs\":[\"https:\/\/twitter.com\/oidossucios\"]}]}<\/script>\n<!-- \/ Yoast SEO plugin. -->","jetpack_sharing_enabled":true,"_links":{"self":[{"href":"https:\/\/www.oidossucios.com\/site\/wp-json\/wp\/v2\/posts\/4281","targetHints":{"allow":["GET"]}}],"collection":[{"href":"https:\/\/www.oidossucios.com\/site\/wp-json\/wp\/v2\/posts"}],"about":[{"href":"https:\/\/www.oidossucios.com\/site\/wp-json\/wp\/v2\/types\/post"}],"author":[{"embeddable":true,"href":"https:\/\/www.oidossucios.com\/site\/wp-json\/wp\/v2\/users\/4"}],"replies":[{"embeddable":true,"href":"https:\/\/www.oidossucios.com\/site\/wp-json\/wp\/v2\/comments?post=4281"}],"version-history":[{"count":0,"href":"https:\/\/www.oidossucios.com\/site\/wp-json\/wp\/v2\/posts\/4281\/revisions"}],"wp:featuredmedia":[{"embeddable":true,"href":"https:\/\/www.oidossucios.com\/site\/wp-json\/wp\/v2\/media\/100004281"}],"wp:attachment":[{"href":"https:\/\/www.oidossucios.com\/site\/wp-json\/wp\/v2\/media?parent=4281"}],"wp:term":[{"taxonomy":"category","embeddable":true,"href":"https:\/\/www.oidossucios.com\/site\/wp-json\/wp\/v2\/categories?post=4281"},{"taxonomy":"post_tag","embeddable":true,"href":"https:\/\/www.oidossucios.com\/site\/wp-json\/wp\/v2\/tags?post=4281"}],"curies":[{"name":"wp","href":"https:\/\/api.w.org\/{rel}","templated":true}]}}