{"id":4282,"date":"2011-10-06T16:50:00","date_gmt":"2011-10-06T16:50:00","guid":{"rendered":"https:\/\/www.oidossucios.com\/site\/2011\/10\/06\/video-arctic-monkeys-estrenan-en-vivo-el-tema-evil-twin\/"},"modified":"2011-10-06T16:50:00","modified_gmt":"2011-10-06T16:50:00","slug":"video-arctic-monkeys-estrenan-en-vivo-el-tema-evil-twin","status":"publish","type":"post","link":"https:\/\/www.oidossucios.com\/site\/video-arctic-monkeys-estrenan-en-vivo-el-tema-evil-twin\/","title":{"rendered":"Video: Arctic Monkeys estrenan en vivo el tema &#8220;Evil Twin&#8221;"},"content":{"rendered":"\n<p>Como les informamos anteriormente la canci\u00f3n que da t\u00edtulo al nuevo \u00e1lbum, de Arctic Monkeys, <i>Suck It And See<\/i>, fue elegida por la banda como el tercer sencillo, de dicho disco. El mencionado tema, estar\u00e1 disponible en tiendas y en formato digital el pr\u00f3ximo 31 de octubre, por Domino Records, junto a su lado B, titulado &#8220;Evil Twin&#8221;.<\/p>\n<p><\/p>\n<p>Este \u00faltimo tema fue presentado en vivo por primera vez, el pasado 4 de octubre durante su show en la ciudad de St. Louis, MO.<\/p>\n<p><\/p>\n<p>Mismo que compartimos a continuaci\u00f3n:<\/p>\n<p><\/p>\n<p><iframe loading=\"lazy\" width=\"560\" height=\"315\" frameborder=\"0\" allowfullscreen=\"\" src=\"http:\/\/www.youtube.com\/embed\/jGYN7gAiJJQ\"><\/iframe><\/p>\n<p><\/p>\n<p>Fuente: www.warp.la<\/p>\n","protected":false},"excerpt":{"rendered":"<p>Como les informamos anteriormente la canci\u00f3n que da t\u00edtulo al nuevo \u00e1lbum, de Arctic Monkeys, Suck It And See, fue elegida por la banda como el tercer sencillo, de dicho disco. El mencionado tema, estar\u00e1 disponible en tiendas y en formato digital el pr\u00f3ximo 31 de octubre, por Domino Records, junto a su lado B, [&hellip;]<\/p>\n","protected":false},"author":4,"featured_media":100004282,"comment_status":"open","ping_status":"open","sticky":false,"template":"","format":"standard","meta":{"_jetpack_memberships_contains_paid_content":false,"footnotes":""},"categories":[142],"tags":[],"class_list":["post-4282","post","type-post","status-publish","format-standard","has-post-thumbnail","hentry","category-buzznews"],"jetpack_featured_media_url":"https:\/\/www.oidossucios.com\/site\/wp-content\/uploads\/2011\/10\/4282.jpg","yoast_head":"<!-- This site is optimized with the Yoast SEO plugin v14.0.4 - https:\/\/yoast.com\/wordpress\/plugins\/seo\/ -->\n<title>Video: Arctic Monkeys estrenan en vivo el tema &quot;Evil Twin&quot; - OidosSucios.Com<\/title>\n<meta name=\"robots\" content=\"index, follow\" \/>\n<meta name=\"googlebot\" content=\"index, follow, max-snippet:-1, max-image-preview:large, max-video-preview:-1\" \/>\n<meta name=\"bingbot\" content=\"index, follow, max-snippet:-1, max-image-preview:large, max-video-preview:-1\" \/>\n<link rel=\"canonical\" href=\"https:\/\/www.oidossucios.com\/site\/video-arctic-monkeys-estrenan-en-vivo-el-tema-evil-twin\/\" \/>\n<meta property=\"og:locale\" content=\"es_ES\" \/>\n<meta property=\"og:type\" content=\"article\" \/>\n<meta property=\"og:title\" content=\"Video: Arctic Monkeys estrenan en vivo el tema &quot;Evil Twin&quot; - OidosSucios.Com\" \/>\n<meta property=\"og:description\" content=\"Como les informamos anteriormente la canci\u00f3n que da t\u00edtulo al nuevo \u00e1lbum, de Arctic Monkeys, Suck It And See, fue elegida por la banda como el tercer sencillo, de dicho disco. El mencionado tema, estar\u00e1 disponible en tiendas y en formato digital el pr\u00f3ximo 31 de octubre, por Domino Records, junto a su lado B, [&hellip;]\" \/>\n<meta property=\"og:url\" content=\"https:\/\/www.oidossucios.com\/site\/video-arctic-monkeys-estrenan-en-vivo-el-tema-evil-twin\/\" \/>\n<meta property=\"og:site_name\" content=\"OidosSucios.Com\" \/>\n<meta property=\"article:published_time\" content=\"2011-10-06T16:50:00+00:00\" \/>\n<meta property=\"og:image\" content=\"https:\/\/www.oidossucios.com\/site\/wp-content\/uploads\/2011\/10\/4282.jpg\" \/>\n\t<meta property=\"og:image:width\" content=\"350\" \/>\n\t<meta property=\"og:image:height\" content=\"300\" \/>\n<meta name=\"twitter:card\" content=\"summary_large_image\" \/>\n<meta name=\"twitter:creator\" content=\"@oidossucios\" \/>\n<script type=\"application\/ld+json\" class=\"yoast-schema-graph\">{\"@context\":\"https:\/\/schema.org\",\"@graph\":[{\"@type\":\"WebSite\",\"@id\":\"https:\/\/www.oidossucios.com\/site\/#website\",\"url\":\"https:\/\/www.oidossucios.com\/site\/\",\"name\":\"OidosSucios.Com\",\"description\":\"M\\u00fasica, conciertos, discos\",\"potentialAction\":[{\"@type\":\"SearchAction\",\"target\":\"https:\/\/www.oidossucios.com\/site\/?s={search_term_string}\",\"query-input\":\"required name=search_term_string\"}],\"inLanguage\":\"es\"},{\"@type\":\"ImageObject\",\"@id\":\"https:\/\/www.oidossucios.com\/site\/video-arctic-monkeys-estrenan-en-vivo-el-tema-evil-twin\/#primaryimage\",\"inLanguage\":\"es\",\"url\":\"https:\/\/www.oidossucios.com\/site\/wp-content\/uploads\/2011\/10\/4282.jpg\",\"width\":350,\"height\":300},{\"@type\":\"WebPage\",\"@id\":\"https:\/\/www.oidossucios.com\/site\/video-arctic-monkeys-estrenan-en-vivo-el-tema-evil-twin\/#webpage\",\"url\":\"https:\/\/www.oidossucios.com\/site\/video-arctic-monkeys-estrenan-en-vivo-el-tema-evil-twin\/\",\"name\":\"Video: Arctic Monkeys estrenan en vivo el tema \\\"Evil Twin\\\" - OidosSucios.Com\",\"isPartOf\":{\"@id\":\"https:\/\/www.oidossucios.com\/site\/#website\"},\"primaryImageOfPage\":{\"@id\":\"https:\/\/www.oidossucios.com\/site\/video-arctic-monkeys-estrenan-en-vivo-el-tema-evil-twin\/#primaryimage\"},\"datePublished\":\"2011-10-06T16:50:00+00:00\",\"dateModified\":\"2011-10-06T16:50:00+00:00\",\"author\":{\"@id\":\"https:\/\/www.oidossucios.com\/site\/#\/schema\/person\/24559eeb76bf83a63296fb072393a688\"},\"inLanguage\":\"es\",\"potentialAction\":[{\"@type\":\"ReadAction\",\"target\":[\"https:\/\/www.oidossucios.com\/site\/video-arctic-monkeys-estrenan-en-vivo-el-tema-evil-twin\/\"]}]},{\"@type\":[\"Person\"],\"@id\":\"https:\/\/www.oidossucios.com\/site\/#\/schema\/person\/24559eeb76bf83a63296fb072393a688\",\"name\":\"Oidossucios\",\"image\":{\"@type\":\"ImageObject\",\"@id\":\"https:\/\/www.oidossucios.com\/site\/#personlogo\",\"inLanguage\":\"es\",\"url\":\"https:\/\/secure.gravatar.com\/avatar\/74fcb480f42f1a33e50a0b6e6369a3f907be2e43dc84fa5f76c66e9c22b4a5ab?s=96&d=mm&r=g\",\"caption\":\"Oidossucios\"},\"sameAs\":[\"https:\/\/twitter.com\/oidossucios\"]}]}<\/script>\n<!-- \/ Yoast SEO plugin. -->","jetpack_sharing_enabled":true,"_links":{"self":[{"href":"https:\/\/www.oidossucios.com\/site\/wp-json\/wp\/v2\/posts\/4282","targetHints":{"allow":["GET"]}}],"collection":[{"href":"https:\/\/www.oidossucios.com\/site\/wp-json\/wp\/v2\/posts"}],"about":[{"href":"https:\/\/www.oidossucios.com\/site\/wp-json\/wp\/v2\/types\/post"}],"author":[{"embeddable":true,"href":"https:\/\/www.oidossucios.com\/site\/wp-json\/wp\/v2\/users\/4"}],"replies":[{"embeddable":true,"href":"https:\/\/www.oidossucios.com\/site\/wp-json\/wp\/v2\/comments?post=4282"}],"version-history":[{"count":0,"href":"https:\/\/www.oidossucios.com\/site\/wp-json\/wp\/v2\/posts\/4282\/revisions"}],"wp:featuredmedia":[{"embeddable":true,"href":"https:\/\/www.oidossucios.com\/site\/wp-json\/wp\/v2\/media\/100004282"}],"wp:attachment":[{"href":"https:\/\/www.oidossucios.com\/site\/wp-json\/wp\/v2\/media?parent=4282"}],"wp:term":[{"taxonomy":"category","embeddable":true,"href":"https:\/\/www.oidossucios.com\/site\/wp-json\/wp\/v2\/categories?post=4282"},{"taxonomy":"post_tag","embeddable":true,"href":"https:\/\/www.oidossucios.com\/site\/wp-json\/wp\/v2\/tags?post=4282"}],"curies":[{"name":"wp","href":"https:\/\/api.w.org\/{rel}","templated":true}]}}