{"id":4289,"date":"2011-10-07T16:37:00","date_gmt":"2011-10-07T16:37:00","guid":{"rendered":"https:\/\/www.oidossucios.com\/site\/2011\/10\/07\/ya-abrio-teatro-store-la-tienda-concepto-de-el-teatro-bar\/"},"modified":"2011-10-07T16:37:00","modified_gmt":"2011-10-07T16:37:00","slug":"ya-abrio-teatro-store-la-tienda-concepto-de-el-teatro-bar","status":"publish","type":"post","link":"https:\/\/www.oidossucios.com\/site\/ya-abrio-teatro-store-la-tienda-concepto-de-el-teatro-bar\/","title":{"rendered":"Ya abri\u00f3 Teatro Store la tienda concepto de El Teatro Bar"},"content":{"rendered":"\n<p><span class=\"Apple-style-span\">El local que nunca duerme El Teatro Bar, sigue dando que hablar con la apertura de&nbsp;<\/span>Teatro Store<span class=\"Apple-style-span\">&nbsp;su tienda concepto a la par de los grandes locales del mundo.<\/span><\/p>\n<p><\/p>\n<p>Teatro Store abri\u00f3 el pasado viernes 30 de septiembre. El evento cont\u00f3 con asistencia masiva y fue acompa\u00f1ado de la presentacion de Tribal Freak,&nbsp; la fusi\u00f3n de la banda Elefreak y las chicas del Tribal Serpens. &nbsp;Dj Victor M\u00e9ndez y el Boogie Nights tambi\u00e9n amenizaron la fiesta.<\/p>\n<p><\/p>\n<p>Teatro Store&nbsp;estar\u00e1 abierta todos los d\u00edas entre 3pm y 3am&nbsp;&nbsp; para atender a los asiduos visitantes del local ofreciendo souvenirs del mismo recinto y marcas de dise\u00f1adores locales, as\u00ed como tambi\u00e9n material de distintos artistas. <\/p>\n<p><\/p>\n<p><span class=\"Apple-style-span\">El Teatro Bar ya se acerca a su tercer aniversario y que mejor manera de empezar a celebrar que inaugurando&nbsp;<\/span>Teatro Store<span class=\"Apple-style-span\">, ubicada en la misma direcci\u00f3n&nbsp; Calle Orinoco, Torre D&amp;D, Las Mercedes Caracas. <\/span><\/p>\n<p>&nbsp;<\/p>\n<p>Facebook: El Teatro Bar <\/p>\n<p>Twitter: @elteatrobar<\/p>\n<p><!--nextpage--><img decoding=\"async\" class=\"aligncenter size-medium wp-image-111114710\" src=\"https:\/\/www.oidossucios.com\/site\/wp-content\/uploads\/2020\/02\/4710.jpg\" alt=\"Ya abri\u00f3 Teatro Store la tienda concepto de El Teatro Bar\"  \/><!--nextpage--><img decoding=\"async\" class=\"aligncenter size-medium wp-image-111114711\" src=\"https:\/\/www.oidossucios.com\/site\/wp-content\/uploads\/2020\/02\/4711.jpg\" alt=\"Ya abri\u00f3 Teatro Store la tienda concepto de El Teatro Bar\"  \/><!--nextpage--><img decoding=\"async\" class=\"aligncenter size-medium wp-image-111114712\" src=\"https:\/\/www.oidossucios.com\/site\/wp-content\/uploads\/2020\/02\/4712.jpg\" alt=\"Ya abri\u00f3 Teatro Store la tienda concepto de El Teatro Bar\"  \/><!--nextpage--><img decoding=\"async\" class=\"aligncenter size-medium wp-image-111114713\" src=\"https:\/\/www.oidossucios.com\/site\/wp-content\/uploads\/2020\/02\/4713.jpg\" alt=\"Ya abri\u00f3 Teatro Store la tienda concepto de El Teatro Bar\"  \/><!--nextpage--><img decoding=\"async\" class=\"aligncenter size-medium wp-image-111114714\" src=\"https:\/\/www.oidossucios.com\/site\/wp-content\/uploads\/2020\/02\/4714.jpg\" alt=\"Ya abri\u00f3 Teatro Store la tienda concepto de El Teatro Bar\"  \/><!--nextpage--><img decoding=\"async\" class=\"aligncenter size-medium wp-image-111114715\" src=\"https:\/\/www.oidossucios.com\/site\/wp-content\/uploads\/2020\/02\/4715.jpg\" alt=\"Ya abri\u00f3 Teatro Store la tienda concepto de El Teatro Bar\"  \/><!--nextpage--><img decoding=\"async\" class=\"aligncenter size-medium wp-image-111114716\" src=\"https:\/\/www.oidossucios.com\/site\/wp-content\/uploads\/2020\/02\/4716.jpg\" alt=\"Ya abri\u00f3 Teatro Store la tienda concepto de El Teatro Bar\"  \/><a href='https:\/\/www.oidossucios.com\/site\/ya-abrio-teatro-store-la-tienda-concepto-de-el-teatro-bar\/2\/'\n                        onclick='if (tpsInstance) { tpsInstance.setNext(); return false; }'\n                        rel='next'\n                        style=''\n                        class=''>Ver galer\u00eda<\/a>]]><\/p>\n","protected":false},"excerpt":{"rendered":"<p>El local que nunca duerme El Teatro Bar, sigue dando que hablar con la apertura de Teatro Store su tienda concepto a la par de los grandes locales del mundo.<\/p>\n","protected":false},"author":4,"featured_media":100004289,"comment_status":"open","ping_status":"open","sticky":false,"template":"","format":"standard","meta":{"_jetpack_memberships_contains_paid_content":false,"footnotes":""},"categories":[250],"tags":[],"class_list":["post-4289","post","type-post","status-publish","format-standard","has-post-thumbnail","hentry","category-noticias"],"jetpack_featured_media_url":"https:\/\/www.oidossucios.com\/site\/wp-content\/uploads\/2011\/10\/4289.jpg","yoast_head":"<!-- This site is optimized with the Yoast SEO plugin v14.0.4 - https:\/\/yoast.com\/wordpress\/plugins\/seo\/ -->\n<title>Ya abri\u00f3 Teatro Store la tienda concepto de El Teatro Bar - OidosSucios.Com<\/title>\n<meta name=\"description\" content=\"El local que nunca duerme El Teatro Bar, sigue dando que hablar con la apertura de Teatro Store su tienda concepto a la par de los grandes locales del mundo.\" \/>\n<meta name=\"robots\" content=\"index, follow\" \/>\n<meta name=\"googlebot\" content=\"index, follow, max-snippet:-1, max-image-preview:large, max-video-preview:-1\" \/>\n<meta name=\"bingbot\" content=\"index, follow, max-snippet:-1, max-image-preview:large, max-video-preview:-1\" \/>\n<link rel=\"canonical\" href=\"https:\/\/www.oidossucios.com\/site\/ya-abrio-teatro-store-la-tienda-concepto-de-el-teatro-bar\/\" \/>\n<link rel=\"next\" href=\"https:\/\/www.oidossucios.com\/site\/ya-abrio-teatro-store-la-tienda-concepto-de-el-teatro-bar\/2\/\" \/>\n<meta property=\"og:locale\" content=\"es_ES\" \/>\n<meta property=\"og:type\" content=\"article\" \/>\n<meta property=\"og:title\" content=\"Ya abri\u00f3 Teatro Store la tienda concepto de El Teatro Bar - OidosSucios.Com\" \/>\n<meta property=\"og:description\" content=\"El local que nunca duerme El Teatro Bar, sigue dando que hablar con la apertura de Teatro Store su tienda concepto a la par de los grandes locales del mundo.\" \/>\n<meta property=\"og:url\" content=\"https:\/\/www.oidossucios.com\/site\/ya-abrio-teatro-store-la-tienda-concepto-de-el-teatro-bar\/\" \/>\n<meta property=\"og:site_name\" content=\"OidosSucios.Com\" \/>\n<meta property=\"article:published_time\" content=\"2011-10-07T16:37:00+00:00\" \/>\n<meta property=\"og:image\" content=\"https:\/\/www.oidossucios.com\/site\/wp-content\/uploads\/2011\/10\/4289.jpg\" \/>\n\t<meta property=\"og:image:width\" content=\"350\" \/>\n\t<meta property=\"og:image:height\" content=\"300\" \/>\n<meta name=\"twitter:card\" content=\"summary_large_image\" \/>\n<meta name=\"twitter:creator\" content=\"@oidossucios\" \/>\n<script type=\"application\/ld+json\" class=\"yoast-schema-graph\">{\"@context\":\"https:\/\/schema.org\",\"@graph\":[{\"@type\":\"WebSite\",\"@id\":\"https:\/\/www.oidossucios.com\/site\/#website\",\"url\":\"https:\/\/www.oidossucios.com\/site\/\",\"name\":\"OidosSucios.Com\",\"description\":\"M\\u00fasica, conciertos, discos\",\"potentialAction\":[{\"@type\":\"SearchAction\",\"target\":\"https:\/\/www.oidossucios.com\/site\/?s={search_term_string}\",\"query-input\":\"required name=search_term_string\"}],\"inLanguage\":\"es\"},{\"@type\":\"ImageObject\",\"@id\":\"https:\/\/www.oidossucios.com\/site\/ya-abrio-teatro-store-la-tienda-concepto-de-el-teatro-bar\/#primaryimage\",\"inLanguage\":\"es\",\"url\":\"https:\/\/www.oidossucios.com\/site\/wp-content\/uploads\/2011\/10\/4289.jpg\",\"width\":350,\"height\":300},{\"@type\":\"WebPage\",\"@id\":\"https:\/\/www.oidossucios.com\/site\/ya-abrio-teatro-store-la-tienda-concepto-de-el-teatro-bar\/#webpage\",\"url\":\"https:\/\/www.oidossucios.com\/site\/ya-abrio-teatro-store-la-tienda-concepto-de-el-teatro-bar\/\",\"name\":\"Ya abri\\u00f3 Teatro Store la tienda concepto de El Teatro Bar - OidosSucios.Com\",\"isPartOf\":{\"@id\":\"https:\/\/www.oidossucios.com\/site\/#website\"},\"primaryImageOfPage\":{\"@id\":\"https:\/\/www.oidossucios.com\/site\/ya-abrio-teatro-store-la-tienda-concepto-de-el-teatro-bar\/#primaryimage\"},\"datePublished\":\"2011-10-07T16:37:00+00:00\",\"dateModified\":\"2011-10-07T16:37:00+00:00\",\"author\":{\"@id\":\"https:\/\/www.oidossucios.com\/site\/#\/schema\/person\/24559eeb76bf83a63296fb072393a688\"},\"description\":\"El local que nunca duerme El Teatro Bar, sigue dando que hablar con la apertura de Teatro Store su tienda concepto a la par de los grandes locales del mundo.\",\"inLanguage\":\"es\",\"potentialAction\":[{\"@type\":\"ReadAction\",\"target\":[\"https:\/\/www.oidossucios.com\/site\/ya-abrio-teatro-store-la-tienda-concepto-de-el-teatro-bar\/\"]}]},{\"@type\":[\"Person\"],\"@id\":\"https:\/\/www.oidossucios.com\/site\/#\/schema\/person\/24559eeb76bf83a63296fb072393a688\",\"name\":\"Oidossucios\",\"image\":{\"@type\":\"ImageObject\",\"@id\":\"https:\/\/www.oidossucios.com\/site\/#personlogo\",\"inLanguage\":\"es\",\"url\":\"https:\/\/secure.gravatar.com\/avatar\/74fcb480f42f1a33e50a0b6e6369a3f907be2e43dc84fa5f76c66e9c22b4a5ab?s=96&d=mm&r=g\",\"caption\":\"Oidossucios\"},\"sameAs\":[\"https:\/\/twitter.com\/oidossucios\"]}]}<\/script>\n<!-- \/ Yoast SEO plugin. -->","jetpack_sharing_enabled":true,"_links":{"self":[{"href":"https:\/\/www.oidossucios.com\/site\/wp-json\/wp\/v2\/posts\/4289","targetHints":{"allow":["GET"]}}],"collection":[{"href":"https:\/\/www.oidossucios.com\/site\/wp-json\/wp\/v2\/posts"}],"about":[{"href":"https:\/\/www.oidossucios.com\/site\/wp-json\/wp\/v2\/types\/post"}],"author":[{"embeddable":true,"href":"https:\/\/www.oidossucios.com\/site\/wp-json\/wp\/v2\/users\/4"}],"replies":[{"embeddable":true,"href":"https:\/\/www.oidossucios.com\/site\/wp-json\/wp\/v2\/comments?post=4289"}],"version-history":[{"count":0,"href":"https:\/\/www.oidossucios.com\/site\/wp-json\/wp\/v2\/posts\/4289\/revisions"}],"wp:featuredmedia":[{"embeddable":true,"href":"https:\/\/www.oidossucios.com\/site\/wp-json\/wp\/v2\/media\/100004289"}],"wp:attachment":[{"href":"https:\/\/www.oidossucios.com\/site\/wp-json\/wp\/v2\/media?parent=4289"}],"wp:term":[{"taxonomy":"category","embeddable":true,"href":"https:\/\/www.oidossucios.com\/site\/wp-json\/wp\/v2\/categories?post=4289"},{"taxonomy":"post_tag","embeddable":true,"href":"https:\/\/www.oidossucios.com\/site\/wp-json\/wp\/v2\/tags?post=4289"}],"curies":[{"name":"wp","href":"https:\/\/api.w.org\/{rel}","templated":true}]}}