{"id":4297,"date":"2011-10-07T21:01:00","date_gmt":"2011-10-07T21:01:00","guid":{"rendered":"https:\/\/www.oidossucios.com\/site\/2011\/10\/07\/vuelve-zapato-3-2\/"},"modified":"2011-10-07T21:01:00","modified_gmt":"2011-10-07T21:01:00","slug":"vuelve-zapato-3-2","status":"publish","type":"post","link":"https:\/\/www.oidossucios.com\/site\/vuelve-zapato-3-2\/","title":{"rendered":"Vuelve Zapato 3"},"content":{"rendered":"<p>Por <\/p>\n<p>La ma\u00f1ana de hoy, Zapato 3 <a href=\"http:\/\/twitter.com\/#!\/Zapato3\/status\/122314063580631040\">anunci\u00f3 su regreso a los escenarios a trav\u00e9s del Twitter de su tecladista Jaime Verdaguer (@Zapato3).<\/a>  <\/p>\n<p>&nbsp;<\/p>\n<p><\/p>\n<p>&#8220;Se acab\u00f3 el Silencio! Hoy les anunciamos que el regreso es ineludible! Nos vemos en el 2012&#8221; fue el mensaje publicado, sin ofrecer m\u00e1s detalles al respecto.<\/p>\n<p><\/p>\n<p>Seg\u00fan hemos podido saber en OidosSucios.Com, el n\u00facleo hist\u00f3rico de la banda (\u00c1lvaro y Carlos Segura, Jaime Verdaguer y Fernando Batoni) se reunir\u00e1n la semana pr\u00f3xima en Caracas para afinar los detalles del regreso, aunque ya todos est\u00e1n decididos a realizarlo el a\u00f1o pr\u00f3ximo.<\/p>\n<p><\/p>\n<p>A pesar que fueron varios quienes ocuparon el puesto de baterista en la banda, tambi\u00e9n hemos sabido que el encargado de sentarse tras la bater\u00eda en esta reuni\u00f3n ser\u00eda Diego M\u00e1rquez.<\/p>\n<p><\/p>\n<p>&nbsp;Hace ya un par de a\u00f1os Zapato 3 se intent\u00f3 reunir, pero por la falta de una propuesta seria para una gira con las caracter\u00edsticas exigidas por la banda, no se concret\u00f3. Fernando Batoni, el coraz\u00f3n del grupo, fue quien puso mayor oposici\u00f3n a realizar una gira a media m\u00e1quina sin los est\u00e1ndares a los que Zapato 3 ten\u00eda acostumbrado al p\u00fablico. Ahora, el resto de la banda parece haber convencido al bajista y a partir de la pr\u00f3xima semana se sabr\u00e1n m\u00e1s detalles del esperado regreso.<\/p>\n<p>&nbsp;<\/p>\n<p>Recordemos que Zapato 3 edit\u00f3 cinco discos: <i>Amor, Furia y Languidez<\/i> (1989), <i>B\u00e9same y Suic\u00eddate<\/i> (1991), <i>Separaci\u00f3n<\/i> (1993), <i>C\u00e1psula para Volar<\/i> (1995), <i>Ecos Punzantes del Ayer<\/i> (1999); antes de separarse oficialmente en el a\u00f1o 2000.<\/p>\n<p><\/p>\n<p><iframe loading=\"lazy\" width=\"420\" height=\"315\" frameborder=\"0\" allowfullscreen=\"\" src=\"http:\/\/www.youtube.com\/embed\/55P2gTAFFfo\"><\/iframe><\/p>\n<p><\/p>\n<p><iframe loading=\"lazy\" width=\"420\" height=\"315\" frameborder=\"0\" allowfullscreen=\"\" src=\"http:\/\/www.youtube.com\/embed\/tRHkUJ3atUM\"><\/iframe><\/p>\n<p><\/p>\n<p><iframe loading=\"lazy\" width=\"420\" height=\"315\" frameborder=\"0\" allowfullscreen=\"\" src=\"http:\/\/www.youtube.com\/embed\/Orqhmn5aUjA\"><\/iframe><\/p>\n","protected":false},"excerpt":{"rendered":"<p>A trav\u00e9s de la cuenta en Twitter del tecladista de Zapato 3, Jaime Verdaguer, se confirm\u00f3 la vuela de la banda para el 2012.<\/p>\n","protected":false},"author":4,"featured_media":100004297,"comment_status":"open","ping_status":"open","sticky":false,"template":"","format":"standard","meta":{"_jetpack_memberships_contains_paid_content":false,"footnotes":""},"categories":[640],"tags":[],"class_list":["post-4297","post","type-post","status-publish","format-standard","has-post-thumbnail","hentry","category-rumores"],"jetpack_featured_media_url":"https:\/\/www.oidossucios.com\/site\/wp-content\/uploads\/2011\/10\/4297.jpg","yoast_head":"<!-- This site is optimized with the Yoast SEO plugin v14.0.4 - https:\/\/yoast.com\/wordpress\/plugins\/seo\/ -->\n<title>Vuelve Zapato 3 - OidosSucios.Com<\/title>\n<meta name=\"description\" content=\"A trav\u00e9s de la cuenta en Twitter del tecladista de Zapato 3, Jaime Verdaguer, se confirm\u00f3 la vuela de la banda para el 2012.\" \/>\n<meta name=\"robots\" content=\"index, follow\" \/>\n<meta name=\"googlebot\" content=\"index, follow, max-snippet:-1, max-image-preview:large, max-video-preview:-1\" \/>\n<meta name=\"bingbot\" content=\"index, follow, max-snippet:-1, max-image-preview:large, max-video-preview:-1\" \/>\n<link rel=\"canonical\" href=\"https:\/\/www.oidossucios.com\/site\/vuelve-zapato-3-2\/\" \/>\n<meta property=\"og:locale\" content=\"es_ES\" \/>\n<meta property=\"og:type\" content=\"article\" \/>\n<meta property=\"og:title\" content=\"Vuelve Zapato 3 - OidosSucios.Com\" \/>\n<meta property=\"og:description\" content=\"A trav\u00e9s de la cuenta en Twitter del tecladista de Zapato 3, Jaime Verdaguer, se confirm\u00f3 la vuela de la banda para el 2012.\" \/>\n<meta property=\"og:url\" content=\"https:\/\/www.oidossucios.com\/site\/vuelve-zapato-3-2\/\" \/>\n<meta property=\"og:site_name\" content=\"OidosSucios.Com\" \/>\n<meta property=\"article:published_time\" content=\"2011-10-07T21:01:00+00:00\" \/>\n<meta property=\"og:image\" content=\"https:\/\/www.oidossucios.com\/site\/wp-content\/uploads\/2011\/10\/4297.jpg\" \/>\n\t<meta property=\"og:image:width\" content=\"350\" \/>\n\t<meta property=\"og:image:height\" content=\"300\" \/>\n<meta name=\"twitter:card\" content=\"summary_large_image\" \/>\n<meta name=\"twitter:creator\" content=\"@oidossucios\" \/>\n<script type=\"application\/ld+json\" class=\"yoast-schema-graph\">{\"@context\":\"https:\/\/schema.org\",\"@graph\":[{\"@type\":\"WebSite\",\"@id\":\"https:\/\/www.oidossucios.com\/site\/#website\",\"url\":\"https:\/\/www.oidossucios.com\/site\/\",\"name\":\"OidosSucios.Com\",\"description\":\"M\\u00fasica, conciertos, discos\",\"potentialAction\":[{\"@type\":\"SearchAction\",\"target\":\"https:\/\/www.oidossucios.com\/site\/?s={search_term_string}\",\"query-input\":\"required name=search_term_string\"}],\"inLanguage\":\"es\"},{\"@type\":\"ImageObject\",\"@id\":\"https:\/\/www.oidossucios.com\/site\/vuelve-zapato-3-2\/#primaryimage\",\"inLanguage\":\"es\",\"url\":\"https:\/\/www.oidossucios.com\/site\/wp-content\/uploads\/2011\/10\/4297.jpg\",\"width\":350,\"height\":300},{\"@type\":\"WebPage\",\"@id\":\"https:\/\/www.oidossucios.com\/site\/vuelve-zapato-3-2\/#webpage\",\"url\":\"https:\/\/www.oidossucios.com\/site\/vuelve-zapato-3-2\/\",\"name\":\"Vuelve Zapato 3 - OidosSucios.Com\",\"isPartOf\":{\"@id\":\"https:\/\/www.oidossucios.com\/site\/#website\"},\"primaryImageOfPage\":{\"@id\":\"https:\/\/www.oidossucios.com\/site\/vuelve-zapato-3-2\/#primaryimage\"},\"datePublished\":\"2011-10-07T21:01:00+00:00\",\"dateModified\":\"2011-10-07T21:01:00+00:00\",\"author\":{\"@id\":\"https:\/\/www.oidossucios.com\/site\/#\/schema\/person\/24559eeb76bf83a63296fb072393a688\"},\"description\":\"A trav\\u00e9s de la cuenta en Twitter del tecladista de Zapato 3, Jaime Verdaguer, se confirm\\u00f3 la vuela de la banda para el 2012.\",\"inLanguage\":\"es\",\"potentialAction\":[{\"@type\":\"ReadAction\",\"target\":[\"https:\/\/www.oidossucios.com\/site\/vuelve-zapato-3-2\/\"]}]},{\"@type\":[\"Person\"],\"@id\":\"https:\/\/www.oidossucios.com\/site\/#\/schema\/person\/24559eeb76bf83a63296fb072393a688\",\"name\":\"Oidossucios\",\"image\":{\"@type\":\"ImageObject\",\"@id\":\"https:\/\/www.oidossucios.com\/site\/#personlogo\",\"inLanguage\":\"es\",\"url\":\"https:\/\/secure.gravatar.com\/avatar\/74fcb480f42f1a33e50a0b6e6369a3f907be2e43dc84fa5f76c66e9c22b4a5ab?s=96&d=mm&r=g\",\"caption\":\"Oidossucios\"},\"sameAs\":[\"https:\/\/twitter.com\/oidossucios\"]}]}<\/script>\n<!-- \/ Yoast SEO plugin. -->","jetpack_sharing_enabled":true,"_links":{"self":[{"href":"https:\/\/www.oidossucios.com\/site\/wp-json\/wp\/v2\/posts\/4297","targetHints":{"allow":["GET"]}}],"collection":[{"href":"https:\/\/www.oidossucios.com\/site\/wp-json\/wp\/v2\/posts"}],"about":[{"href":"https:\/\/www.oidossucios.com\/site\/wp-json\/wp\/v2\/types\/post"}],"author":[{"embeddable":true,"href":"https:\/\/www.oidossucios.com\/site\/wp-json\/wp\/v2\/users\/4"}],"replies":[{"embeddable":true,"href":"https:\/\/www.oidossucios.com\/site\/wp-json\/wp\/v2\/comments?post=4297"}],"version-history":[{"count":0,"href":"https:\/\/www.oidossucios.com\/site\/wp-json\/wp\/v2\/posts\/4297\/revisions"}],"wp:featuredmedia":[{"embeddable":true,"href":"https:\/\/www.oidossucios.com\/site\/wp-json\/wp\/v2\/media\/100004297"}],"wp:attachment":[{"href":"https:\/\/www.oidossucios.com\/site\/wp-json\/wp\/v2\/media?parent=4297"}],"wp:term":[{"taxonomy":"category","embeddable":true,"href":"https:\/\/www.oidossucios.com\/site\/wp-json\/wp\/v2\/categories?post=4297"},{"taxonomy":"post_tag","embeddable":true,"href":"https:\/\/www.oidossucios.com\/site\/wp-json\/wp\/v2\/tags?post=4297"}],"curies":[{"name":"wp","href":"https:\/\/api.w.org\/{rel}","templated":true}]}}