{"id":4309,"date":"2011-10-11T06:43:00","date_gmt":"2011-10-11T06:43:00","guid":{"rendered":"https:\/\/www.oidossucios.com\/site\/2011\/10\/11\/documentales-de-zapato-3-y-sentimiento-muerto-se-mostraran-este-fin-de-semana-en-cumana\/"},"modified":"2011-10-11T06:43:00","modified_gmt":"2011-10-11T06:43:00","slug":"documentales-de-zapato-3-y-sentimiento-muerto-se-mostraran-este-fin-de-semana-en-cumana","status":"publish","type":"post","link":"https:\/\/www.oidossucios.com\/site\/documentales-de-zapato-3-y-sentimiento-muerto-se-mostraran-este-fin-de-semana-en-cumana\/","title":{"rendered":"Documentales de Zapato 3 y Sentimiento Muerto se mostrar\u00e1n este fin de semana en Cuman\u00e1"},"content":{"rendered":"\n<p>Este s\u00e1bado, ser\u00e1 la primera vez que los documentales &#8220;Detr\u00e1s de la Puerta \u0096 La Historia Documentada de ZAPATO 3&#8221; y &#8220;ESE EME \u0096 La Historia NO Autorizada de SENTIMIENTO MUERTO&#8221; se proyecten juntos en una sola funci\u00f3n.<\/p>\n<p>&nbsp;<\/p>\n<p>En esta \u00e9poca de documentales que tratan la m\u00fasica urbana venezolana, se tom\u00f3 la iniciativa de invitar a los realizadores de dichos trabajos audiovisuales en una misma sala, y recordar la historia de dos de las bandas m\u00e1s importantes que tuvo el rock venezolano.<\/p>\n<p>&nbsp;<\/p>\n<p>&#8220;ESE EME \u0096 La Historia NO Autorizada de Sentimiento Muerto&#8221; , documental independiente realizado en su totalidad por el cineasta venezolano Sergio Zaur\u00edn, es un trabajo que cuenta con entrevistas realizadas a algunos personajes de la escena nacional que cedieron su palabra para comentar an\u00e9cdotas desconocidas sobre la banda legendaria del rock nacional en los 80\u00b4s.<\/p>\n<p>&nbsp;<\/p>\n<p>&#8220;Detr\u00e1s de la Puerta \u0096 La Historia Documentada de ZAPATO 3&#8221; trabajo dirigido y producido por Pericles y Max Manzano, y que este a\u00f1o ha tenido \u00e9xito en n\u00famero de proyecciones en varias ciudades de Venezuela, sigue despertando la curiosidad de un nuevo oleaje de fan\u00e1ticos de todas partes del pa\u00eds que desean ver este documental, y m\u00e1s a ra\u00edz del anuncio que la banda emiti\u00f3 el viernes de &#8220;un regreso ineludible&#8221; para el 2012 a trav\u00e9s de su twitter oficial @Zapato3.<\/p>\n<p>&nbsp;<\/p>\n<p>La invitaci\u00f3n queda para este s\u00e1bado 15 de octubre, en el Teatro Mar\u00eda Rodr\u00edguez de Cuman\u00e1, a las 5:30 p.m., a todo el p\u00fablico que desee disfrutar de ambos documentales por primera vez en una misma sala. Como cierre, estar\u00e1 una banda local que interpretar\u00e1 temas de las dos recordadas agrupaciones. Cover 50 Bs F.<\/p>\n<p>&nbsp;<\/p>\n<p>Evento en Facebook: <a href=\"http:\/\/www.facebook.com\/event.php?eid=161284910626283&amp;ref=ts\">http:\/\/www.facebook.com\/event.php?eid=161284910626283&amp;ref=ts<\/a><\/p>\n<p><\/p>\n<p><iframe loading=\"lazy\" width=\"420\" height=\"315\" frameborder=\"0\" allowfullscreen=\"\" src=\"http:\/\/www.youtube.com\/embed\/KD7npdbmo4o\"><\/iframe><\/p>\n<p><\/p>\n<p><iframe loading=\"lazy\" width=\"420\" height=\"315\" frameborder=\"0\" allowfullscreen=\"\" src=\"http:\/\/www.youtube.com\/embed\/ZIs0wLeSq_Y\"><\/iframe><\/p>\n","protected":false},"excerpt":{"rendered":"<p>Este s\u00e1bado, ser\u00e1 la primera vez que los documentales &#8220;Detr\u00e1s de la Puerta \u0096 La Historia Documentada de ZAPATO 3&#8221; y &#8220;ESE EME \u0096 La Historia NO Autorizada de SENTIMIENTO MUERTO&#8221; se proyecten juntos en una sola funci\u00f3n.<\/p>\n","protected":false},"author":4,"featured_media":100004309,"comment_status":"open","ping_status":"open","sticky":false,"template":"","format":"standard","meta":{"_jetpack_memberships_contains_paid_content":false,"footnotes":""},"categories":[250],"tags":[],"class_list":["post-4309","post","type-post","status-publish","format-standard","has-post-thumbnail","hentry","category-noticias"],"jetpack_featured_media_url":"https:\/\/www.oidossucios.com\/site\/wp-content\/uploads\/2011\/10\/4309.jpg","yoast_head":"<!-- This site is optimized with the Yoast SEO plugin v14.0.4 - https:\/\/yoast.com\/wordpress\/plugins\/seo\/ -->\n<title>Documentales de Zapato 3 y Sentimiento Muerto se mostrar\u00e1n este fin de semana en Cuman\u00e1 - OidosSucios.Com<\/title>\n<meta name=\"description\" content=\"Este s\u00e1bado, ser\u00e1 la primera vez que los documentales &quot;Detr\u00e1s de la Puerta \u0096 La Historia Documentada de ZAPATO 3&quot; y &quot;ESE EME \u0096 La Historia NO Autorizada de SENTIMIENTO MUERTO&quot; se proyecten juntos en una sola funci\u00f3n.\" \/>\n<meta name=\"robots\" content=\"index, follow\" \/>\n<meta name=\"googlebot\" content=\"index, follow, max-snippet:-1, max-image-preview:large, max-video-preview:-1\" \/>\n<meta name=\"bingbot\" content=\"index, follow, max-snippet:-1, max-image-preview:large, max-video-preview:-1\" \/>\n<link rel=\"canonical\" href=\"https:\/\/www.oidossucios.com\/site\/documentales-de-zapato-3-y-sentimiento-muerto-se-mostraran-este-fin-de-semana-en-cumana\/\" \/>\n<meta property=\"og:locale\" content=\"es_ES\" \/>\n<meta property=\"og:type\" content=\"article\" \/>\n<meta property=\"og:title\" content=\"Documentales de Zapato 3 y Sentimiento Muerto se mostrar\u00e1n este fin de semana en Cuman\u00e1 - OidosSucios.Com\" \/>\n<meta property=\"og:description\" content=\"Este s\u00e1bado, ser\u00e1 la primera vez que los documentales &quot;Detr\u00e1s de la Puerta \u0096 La Historia Documentada de ZAPATO 3&quot; y &quot;ESE EME \u0096 La Historia NO Autorizada de SENTIMIENTO MUERTO&quot; se proyecten juntos en una sola funci\u00f3n.\" \/>\n<meta property=\"og:url\" content=\"https:\/\/www.oidossucios.com\/site\/documentales-de-zapato-3-y-sentimiento-muerto-se-mostraran-este-fin-de-semana-en-cumana\/\" \/>\n<meta property=\"og:site_name\" content=\"OidosSucios.Com\" \/>\n<meta property=\"article:published_time\" content=\"2011-10-11T06:43:00+00:00\" \/>\n<meta property=\"og:image\" content=\"https:\/\/www.oidossucios.com\/site\/wp-content\/uploads\/2011\/10\/4309.jpg\" \/>\n\t<meta property=\"og:image:width\" content=\"350\" \/>\n\t<meta property=\"og:image:height\" content=\"300\" \/>\n<meta name=\"twitter:card\" content=\"summary_large_image\" \/>\n<meta name=\"twitter:creator\" content=\"@oidossucios\" \/>\n<script type=\"application\/ld+json\" class=\"yoast-schema-graph\">{\"@context\":\"https:\/\/schema.org\",\"@graph\":[{\"@type\":\"WebSite\",\"@id\":\"https:\/\/www.oidossucios.com\/site\/#website\",\"url\":\"https:\/\/www.oidossucios.com\/site\/\",\"name\":\"OidosSucios.Com\",\"description\":\"M\\u00fasica, conciertos, discos\",\"potentialAction\":[{\"@type\":\"SearchAction\",\"target\":\"https:\/\/www.oidossucios.com\/site\/?s={search_term_string}\",\"query-input\":\"required name=search_term_string\"}],\"inLanguage\":\"es\"},{\"@type\":\"ImageObject\",\"@id\":\"https:\/\/www.oidossucios.com\/site\/documentales-de-zapato-3-y-sentimiento-muerto-se-mostraran-este-fin-de-semana-en-cumana\/#primaryimage\",\"inLanguage\":\"es\",\"url\":\"https:\/\/www.oidossucios.com\/site\/wp-content\/uploads\/2011\/10\/4309.jpg\",\"width\":350,\"height\":300},{\"@type\":\"WebPage\",\"@id\":\"https:\/\/www.oidossucios.com\/site\/documentales-de-zapato-3-y-sentimiento-muerto-se-mostraran-este-fin-de-semana-en-cumana\/#webpage\",\"url\":\"https:\/\/www.oidossucios.com\/site\/documentales-de-zapato-3-y-sentimiento-muerto-se-mostraran-este-fin-de-semana-en-cumana\/\",\"name\":\"Documentales de Zapato 3 y Sentimiento Muerto se mostrar\\u00e1n este fin de semana en Cuman\\u00e1 - OidosSucios.Com\",\"isPartOf\":{\"@id\":\"https:\/\/www.oidossucios.com\/site\/#website\"},\"primaryImageOfPage\":{\"@id\":\"https:\/\/www.oidossucios.com\/site\/documentales-de-zapato-3-y-sentimiento-muerto-se-mostraran-este-fin-de-semana-en-cumana\/#primaryimage\"},\"datePublished\":\"2011-10-11T06:43:00+00:00\",\"dateModified\":\"2011-10-11T06:43:00+00:00\",\"author\":{\"@id\":\"https:\/\/www.oidossucios.com\/site\/#\/schema\/person\/24559eeb76bf83a63296fb072393a688\"},\"description\":\"Este s\\u00e1bado, ser\\u00e1 la primera vez que los documentales \\\"Detr\\u00e1s de la Puerta \\u0096 La Historia Documentada de ZAPATO 3\\\" y \\\"ESE EME \\u0096 La Historia NO Autorizada de SENTIMIENTO MUERTO\\\" se proyecten juntos en una sola funci\\u00f3n.\",\"inLanguage\":\"es\",\"potentialAction\":[{\"@type\":\"ReadAction\",\"target\":[\"https:\/\/www.oidossucios.com\/site\/documentales-de-zapato-3-y-sentimiento-muerto-se-mostraran-este-fin-de-semana-en-cumana\/\"]}]},{\"@type\":[\"Person\"],\"@id\":\"https:\/\/www.oidossucios.com\/site\/#\/schema\/person\/24559eeb76bf83a63296fb072393a688\",\"name\":\"Oidossucios\",\"image\":{\"@type\":\"ImageObject\",\"@id\":\"https:\/\/www.oidossucios.com\/site\/#personlogo\",\"inLanguage\":\"es\",\"url\":\"https:\/\/secure.gravatar.com\/avatar\/74fcb480f42f1a33e50a0b6e6369a3f907be2e43dc84fa5f76c66e9c22b4a5ab?s=96&d=mm&r=g\",\"caption\":\"Oidossucios\"},\"sameAs\":[\"https:\/\/twitter.com\/oidossucios\"]}]}<\/script>\n<!-- \/ Yoast SEO plugin. -->","jetpack_sharing_enabled":true,"_links":{"self":[{"href":"https:\/\/www.oidossucios.com\/site\/wp-json\/wp\/v2\/posts\/4309","targetHints":{"allow":["GET"]}}],"collection":[{"href":"https:\/\/www.oidossucios.com\/site\/wp-json\/wp\/v2\/posts"}],"about":[{"href":"https:\/\/www.oidossucios.com\/site\/wp-json\/wp\/v2\/types\/post"}],"author":[{"embeddable":true,"href":"https:\/\/www.oidossucios.com\/site\/wp-json\/wp\/v2\/users\/4"}],"replies":[{"embeddable":true,"href":"https:\/\/www.oidossucios.com\/site\/wp-json\/wp\/v2\/comments?post=4309"}],"version-history":[{"count":0,"href":"https:\/\/www.oidossucios.com\/site\/wp-json\/wp\/v2\/posts\/4309\/revisions"}],"wp:featuredmedia":[{"embeddable":true,"href":"https:\/\/www.oidossucios.com\/site\/wp-json\/wp\/v2\/media\/100004309"}],"wp:attachment":[{"href":"https:\/\/www.oidossucios.com\/site\/wp-json\/wp\/v2\/media?parent=4309"}],"wp:term":[{"taxonomy":"category","embeddable":true,"href":"https:\/\/www.oidossucios.com\/site\/wp-json\/wp\/v2\/categories?post=4309"},{"taxonomy":"post_tag","embeddable":true,"href":"https:\/\/www.oidossucios.com\/site\/wp-json\/wp\/v2\/tags?post=4309"}],"curies":[{"name":"wp","href":"https:\/\/api.w.org\/{rel}","templated":true}]}}