{"id":4345,"date":"2011-10-17T06:43:00","date_gmt":"2011-10-17T06:43:00","guid":{"rendered":"https:\/\/www.oidossucios.com\/site\/2011\/10\/17\/green-day-quiere-que-robert-pattinson-el-vampiro-de-twilight-protagonice-su-pelicula-de-american-idiot\/"},"modified":"2011-10-17T06:43:00","modified_gmt":"2011-10-17T06:43:00","slug":"green-day-quiere-que-robert-pattinson-el-vampiro-de-twilight-protagonice-su-pelicula-de-american-idiot","status":"publish","type":"post","link":"https:\/\/www.oidossucios.com\/site\/green-day-quiere-que-robert-pattinson-el-vampiro-de-twilight-protagonice-su-pelicula-de-american-idiot\/","title":{"rendered":"Green Day quiere que Robert Pattinson (el vampiro de Twilight) protagonice su pel\u00edcula de &#8220;American Idiot&#8221;"},"content":{"rendered":"\n<p>Billy Joel Amstrong, l\u00edder de la banda Green Day, publico que quiere de protagonista en la pel\u00edcula basada en el musical de su disco <i>American Idiot<\/i> (2004), al actor Robert Pattinson de la saga <i>Twilight<\/i>(Crep\u00fasculo).<\/p>\n<p><\/p>\n<p>Dicho musical que estuvo en los escenarios de Broadway fue protagonizado por el propio Amstrong, ahora se convertir\u00e1 en una pel\u00edcula, producida por Tom Hanks y los propios Greenday, se tiene contemplado que vea la luz en 2013.<\/p>\n<p><\/p>\n<p>El director ser\u00e1 Michael Mayer, que tambi\u00e9n se encarg\u00f3 de la direcci\u00f3n en la versi\u00f3n para Broadway.<\/p>\n<p><\/p>\n<p>La elecci\u00f3n de Pattinson, seg\u00fan Billy Joel, es por su trabajo actoral, el cual lo califica como excelente y que tiene mucho m\u00e1s que dar.<\/p>\n<p><\/p>\n<p>&nbsp;<\/p>\n<p>Fuente: www.warp.la<\/p>\n","protected":false},"excerpt":{"rendered":"<p>Billy Joel Amstrong, l\u00edder de la banda Green Day, publico que quiere de protagonista en la pel\u00edcula basada en el musical de su disco American Idiot (2004), al actor Robert Pattinson de la saga Twilight(Crep\u00fasculo). Dicho musical que estuvo en los escenarios de Broadway fue protagonizado por el propio Amstrong, ahora se convertir\u00e1 en una [&hellip;]<\/p>\n","protected":false},"author":4,"featured_media":100004345,"comment_status":"open","ping_status":"open","sticky":false,"template":"","format":"standard","meta":{"_jetpack_memberships_contains_paid_content":false,"footnotes":""},"categories":[142],"tags":[],"class_list":["post-4345","post","type-post","status-publish","format-standard","has-post-thumbnail","hentry","category-buzznews"],"jetpack_featured_media_url":"https:\/\/www.oidossucios.com\/site\/wp-content\/uploads\/2011\/10\/4345.jpg","yoast_head":"<!-- This site is optimized with the Yoast SEO plugin v14.0.4 - https:\/\/yoast.com\/wordpress\/plugins\/seo\/ -->\n<title>Green Day quiere que Robert Pattinson (el vampiro de Twilight) protagonice su pel\u00edcula de &quot;American Idiot&quot; - OidosSucios.Com<\/title>\n<meta name=\"robots\" content=\"index, follow\" \/>\n<meta name=\"googlebot\" content=\"index, follow, max-snippet:-1, max-image-preview:large, max-video-preview:-1\" \/>\n<meta name=\"bingbot\" content=\"index, follow, max-snippet:-1, max-image-preview:large, max-video-preview:-1\" \/>\n<link rel=\"canonical\" href=\"https:\/\/www.oidossucios.com\/site\/green-day-quiere-que-robert-pattinson-el-vampiro-de-twilight-protagonice-su-pelicula-de-american-idiot\/\" \/>\n<meta property=\"og:locale\" content=\"es_ES\" \/>\n<meta property=\"og:type\" content=\"article\" \/>\n<meta property=\"og:title\" content=\"Green Day quiere que Robert Pattinson (el vampiro de Twilight) protagonice su pel\u00edcula de &quot;American Idiot&quot; - OidosSucios.Com\" \/>\n<meta property=\"og:description\" content=\"Billy Joel Amstrong, l\u00edder de la banda Green Day, publico que quiere de protagonista en la pel\u00edcula basada en el musical de su disco American Idiot (2004), al actor Robert Pattinson de la saga Twilight(Crep\u00fasculo). Dicho musical que estuvo en los escenarios de Broadway fue protagonizado por el propio Amstrong, ahora se convertir\u00e1 en una [&hellip;]\" \/>\n<meta property=\"og:url\" content=\"https:\/\/www.oidossucios.com\/site\/green-day-quiere-que-robert-pattinson-el-vampiro-de-twilight-protagonice-su-pelicula-de-american-idiot\/\" \/>\n<meta property=\"og:site_name\" content=\"OidosSucios.Com\" \/>\n<meta property=\"article:published_time\" content=\"2011-10-17T06:43:00+00:00\" \/>\n<meta property=\"og:image\" content=\"https:\/\/www.oidossucios.com\/site\/wp-content\/uploads\/2011\/10\/4345.jpg\" \/>\n\t<meta property=\"og:image:width\" content=\"350\" \/>\n\t<meta property=\"og:image:height\" content=\"300\" \/>\n<meta name=\"twitter:card\" content=\"summary_large_image\" \/>\n<meta name=\"twitter:creator\" content=\"@oidossucios\" \/>\n<script type=\"application\/ld+json\" class=\"yoast-schema-graph\">{\"@context\":\"https:\/\/schema.org\",\"@graph\":[{\"@type\":\"WebSite\",\"@id\":\"https:\/\/www.oidossucios.com\/site\/#website\",\"url\":\"https:\/\/www.oidossucios.com\/site\/\",\"name\":\"OidosSucios.Com\",\"description\":\"M\\u00fasica, conciertos, discos\",\"potentialAction\":[{\"@type\":\"SearchAction\",\"target\":\"https:\/\/www.oidossucios.com\/site\/?s={search_term_string}\",\"query-input\":\"required name=search_term_string\"}],\"inLanguage\":\"es\"},{\"@type\":\"ImageObject\",\"@id\":\"https:\/\/www.oidossucios.com\/site\/green-day-quiere-que-robert-pattinson-el-vampiro-de-twilight-protagonice-su-pelicula-de-american-idiot\/#primaryimage\",\"inLanguage\":\"es\",\"url\":\"https:\/\/www.oidossucios.com\/site\/wp-content\/uploads\/2011\/10\/4345.jpg\",\"width\":350,\"height\":300},{\"@type\":\"WebPage\",\"@id\":\"https:\/\/www.oidossucios.com\/site\/green-day-quiere-que-robert-pattinson-el-vampiro-de-twilight-protagonice-su-pelicula-de-american-idiot\/#webpage\",\"url\":\"https:\/\/www.oidossucios.com\/site\/green-day-quiere-que-robert-pattinson-el-vampiro-de-twilight-protagonice-su-pelicula-de-american-idiot\/\",\"name\":\"Green Day quiere que Robert Pattinson (el vampiro de Twilight) protagonice su pel\\u00edcula de \\\"American Idiot\\\" - OidosSucios.Com\",\"isPartOf\":{\"@id\":\"https:\/\/www.oidossucios.com\/site\/#website\"},\"primaryImageOfPage\":{\"@id\":\"https:\/\/www.oidossucios.com\/site\/green-day-quiere-que-robert-pattinson-el-vampiro-de-twilight-protagonice-su-pelicula-de-american-idiot\/#primaryimage\"},\"datePublished\":\"2011-10-17T06:43:00+00:00\",\"dateModified\":\"2011-10-17T06:43:00+00:00\",\"author\":{\"@id\":\"https:\/\/www.oidossucios.com\/site\/#\/schema\/person\/24559eeb76bf83a63296fb072393a688\"},\"inLanguage\":\"es\",\"potentialAction\":[{\"@type\":\"ReadAction\",\"target\":[\"https:\/\/www.oidossucios.com\/site\/green-day-quiere-que-robert-pattinson-el-vampiro-de-twilight-protagonice-su-pelicula-de-american-idiot\/\"]}]},{\"@type\":[\"Person\"],\"@id\":\"https:\/\/www.oidossucios.com\/site\/#\/schema\/person\/24559eeb76bf83a63296fb072393a688\",\"name\":\"Oidossucios\",\"image\":{\"@type\":\"ImageObject\",\"@id\":\"https:\/\/www.oidossucios.com\/site\/#personlogo\",\"inLanguage\":\"es\",\"url\":\"https:\/\/secure.gravatar.com\/avatar\/74fcb480f42f1a33e50a0b6e6369a3f907be2e43dc84fa5f76c66e9c22b4a5ab?s=96&d=mm&r=g\",\"caption\":\"Oidossucios\"},\"sameAs\":[\"https:\/\/twitter.com\/oidossucios\"]}]}<\/script>\n<!-- \/ Yoast SEO plugin. -->","jetpack_sharing_enabled":true,"_links":{"self":[{"href":"https:\/\/www.oidossucios.com\/site\/wp-json\/wp\/v2\/posts\/4345","targetHints":{"allow":["GET"]}}],"collection":[{"href":"https:\/\/www.oidossucios.com\/site\/wp-json\/wp\/v2\/posts"}],"about":[{"href":"https:\/\/www.oidossucios.com\/site\/wp-json\/wp\/v2\/types\/post"}],"author":[{"embeddable":true,"href":"https:\/\/www.oidossucios.com\/site\/wp-json\/wp\/v2\/users\/4"}],"replies":[{"embeddable":true,"href":"https:\/\/www.oidossucios.com\/site\/wp-json\/wp\/v2\/comments?post=4345"}],"version-history":[{"count":0,"href":"https:\/\/www.oidossucios.com\/site\/wp-json\/wp\/v2\/posts\/4345\/revisions"}],"wp:featuredmedia":[{"embeddable":true,"href":"https:\/\/www.oidossucios.com\/site\/wp-json\/wp\/v2\/media\/100004345"}],"wp:attachment":[{"href":"https:\/\/www.oidossucios.com\/site\/wp-json\/wp\/v2\/media?parent=4345"}],"wp:term":[{"taxonomy":"category","embeddable":true,"href":"https:\/\/www.oidossucios.com\/site\/wp-json\/wp\/v2\/categories?post=4345"},{"taxonomy":"post_tag","embeddable":true,"href":"https:\/\/www.oidossucios.com\/site\/wp-json\/wp\/v2\/tags?post=4345"}],"curies":[{"name":"wp","href":"https:\/\/api.w.org\/{rel}","templated":true}]}}