{"id":4347,"date":"2011-10-17T06:52:00","date_gmt":"2011-10-17T06:52:00","guid":{"rendered":"https:\/\/www.oidossucios.com\/site\/2011\/10\/17\/fred-durst-de-limp-bizkit-producira-y-protagonizara-su-propia-serie-de-comedia\/"},"modified":"2011-10-17T06:52:00","modified_gmt":"2011-10-17T06:52:00","slug":"fred-durst-de-limp-bizkit-producira-y-protagonizara-su-propia-serie-de-comedia","status":"publish","type":"post","link":"https:\/\/www.oidossucios.com\/site\/fred-durst-de-limp-bizkit-producira-y-protagonizara-su-propia-serie-de-comedia\/","title":{"rendered":"Fred Durst de Limp Bizkit producir\u00e1 y protagonizar\u00e1 su propia serie de comedia"},"content":{"rendered":"<p>Por <\/p>\n<p>Fred Durst, l\u00edder de Limp Bizkit protagonizar\u00e1 una nueva serie de comedia, que tiene como t\u00edtulo provisional <i>Douchebag<\/i>.<\/p>\n<p><\/p>\n<p>El cantante ha firmado un acuerdo con CBS TV Studios para protagonizar y producir la serie, que ser\u00e1 escrita por Matthew Carlson, quien ha escrito episodios de <i>Malcolm In The Middle, The Wonder Years<\/i> y recientemente <i>Mr. Sunshine.<\/i><\/p>\n<p><i><br \/><\/i><\/p>\n<p>La comedia se desarrolla alrededor de una estrella de rock en busca del balance entre su vida como estrella y la familiar. Es previsto que llegue a las pantallas de EUA en el transcurso de 2012.<\/p>\n<p><\/p>\n<p>La idea lleg\u00f3 a la compa\u00f1\u00eda Tannenbaum de manos de&nbsp;<strong>John Schneider<\/strong>, manager y productor de&nbsp;<strong>Durst<\/strong>, quien tambi\u00e9n participar\u00e1 como productor pero no intervendr\u00e1 en el gui\u00f3n.&nbsp;<\/p>\n<p>Los \u00fanicos cr\u00e9ditos que&nbsp;<strong>Durst<\/strong>&nbsp;ha tenido en televisi\u00f3n fueron por participaciones en la serie&nbsp;<strong><i>Revelations<\/i><\/strong>&nbsp;de&nbsp;<strong>NBC<\/strong>&nbsp;y en&nbsp;<strong><i>House<\/i><\/strong>&nbsp;de&nbsp;<strong>FOX<\/strong>. Tambi\u00e9n particip\u00f3 en la direcci\u00f3n de&nbsp;<strong><i>The Education of Charlie Banks<\/i><\/strong>&nbsp;y&nbsp;<strong><i>The Longshots<\/i><\/strong>.&nbsp;<\/p>\n<p><\/p>\n<p>Durst y su banda Limp Bizkit se encuentran actualmente en un descanso despu\u00e9s de su tour en apoyo a su \u00e1lbum lanzado a principios de a\u00f1o titulado <i>Gold Cobra<\/i>.<\/p>\n<p>&nbsp;<\/p>\n","protected":false},"excerpt":{"rendered":"<p>La comedia se desarrolla alrededor de una estrella de rock en busca del balance entre su vida como estrella y la familiar.<\/p>\n","protected":false},"author":4,"featured_media":100004347,"comment_status":"open","ping_status":"open","sticky":false,"template":"","format":"standard","meta":{"_jetpack_memberships_contains_paid_content":false,"footnotes":""},"categories":[685],"tags":[],"class_list":["post-4347","post","type-post","status-publish","format-standard","has-post-thumbnail","hentry","category-ultima"],"jetpack_featured_media_url":"https:\/\/www.oidossucios.com\/site\/wp-content\/uploads\/2011\/10\/4347.jpg","yoast_head":"<!-- This site is optimized with the Yoast SEO plugin v14.0.4 - https:\/\/yoast.com\/wordpress\/plugins\/seo\/ -->\n<title>Fred Durst de Limp Bizkit producir\u00e1 y protagonizar\u00e1 su propia serie de comedia - OidosSucios.Com<\/title>\n<meta name=\"description\" content=\"La comedia se desarrolla alrededor de una estrella de rock en busca del balance entre su vida como estrella y la familiar.\" \/>\n<meta name=\"robots\" content=\"index, follow\" \/>\n<meta name=\"googlebot\" content=\"index, follow, max-snippet:-1, max-image-preview:large, max-video-preview:-1\" \/>\n<meta name=\"bingbot\" content=\"index, follow, max-snippet:-1, max-image-preview:large, max-video-preview:-1\" \/>\n<link rel=\"canonical\" href=\"https:\/\/www.oidossucios.com\/site\/fred-durst-de-limp-bizkit-producira-y-protagonizara-su-propia-serie-de-comedia\/\" \/>\n<meta property=\"og:locale\" content=\"es_ES\" \/>\n<meta property=\"og:type\" content=\"article\" \/>\n<meta property=\"og:title\" content=\"Fred Durst de Limp Bizkit producir\u00e1 y protagonizar\u00e1 su propia serie de comedia - OidosSucios.Com\" \/>\n<meta property=\"og:description\" content=\"La comedia se desarrolla alrededor de una estrella de rock en busca del balance entre su vida como estrella y la familiar.\" \/>\n<meta property=\"og:url\" content=\"https:\/\/www.oidossucios.com\/site\/fred-durst-de-limp-bizkit-producira-y-protagonizara-su-propia-serie-de-comedia\/\" \/>\n<meta property=\"og:site_name\" content=\"OidosSucios.Com\" \/>\n<meta property=\"article:published_time\" content=\"2011-10-17T06:52:00+00:00\" \/>\n<meta property=\"og:image\" content=\"https:\/\/www.oidossucios.com\/site\/wp-content\/uploads\/2011\/10\/4347.jpg\" \/>\n\t<meta property=\"og:image:width\" content=\"350\" \/>\n\t<meta property=\"og:image:height\" content=\"300\" \/>\n<meta name=\"twitter:card\" content=\"summary_large_image\" \/>\n<meta name=\"twitter:creator\" content=\"@oidossucios\" \/>\n<script type=\"application\/ld+json\" class=\"yoast-schema-graph\">{\"@context\":\"https:\/\/schema.org\",\"@graph\":[{\"@type\":\"WebSite\",\"@id\":\"https:\/\/www.oidossucios.com\/site\/#website\",\"url\":\"https:\/\/www.oidossucios.com\/site\/\",\"name\":\"OidosSucios.Com\",\"description\":\"M\\u00fasica, conciertos, discos\",\"potentialAction\":[{\"@type\":\"SearchAction\",\"target\":\"https:\/\/www.oidossucios.com\/site\/?s={search_term_string}\",\"query-input\":\"required name=search_term_string\"}],\"inLanguage\":\"es\"},{\"@type\":\"ImageObject\",\"@id\":\"https:\/\/www.oidossucios.com\/site\/fred-durst-de-limp-bizkit-producira-y-protagonizara-su-propia-serie-de-comedia\/#primaryimage\",\"inLanguage\":\"es\",\"url\":\"https:\/\/www.oidossucios.com\/site\/wp-content\/uploads\/2011\/10\/4347.jpg\",\"width\":350,\"height\":300},{\"@type\":\"WebPage\",\"@id\":\"https:\/\/www.oidossucios.com\/site\/fred-durst-de-limp-bizkit-producira-y-protagonizara-su-propia-serie-de-comedia\/#webpage\",\"url\":\"https:\/\/www.oidossucios.com\/site\/fred-durst-de-limp-bizkit-producira-y-protagonizara-su-propia-serie-de-comedia\/\",\"name\":\"Fred Durst de Limp Bizkit producir\\u00e1 y protagonizar\\u00e1 su propia serie de comedia - OidosSucios.Com\",\"isPartOf\":{\"@id\":\"https:\/\/www.oidossucios.com\/site\/#website\"},\"primaryImageOfPage\":{\"@id\":\"https:\/\/www.oidossucios.com\/site\/fred-durst-de-limp-bizkit-producira-y-protagonizara-su-propia-serie-de-comedia\/#primaryimage\"},\"datePublished\":\"2011-10-17T06:52:00+00:00\",\"dateModified\":\"2011-10-17T06:52:00+00:00\",\"author\":{\"@id\":\"https:\/\/www.oidossucios.com\/site\/#\/schema\/person\/24559eeb76bf83a63296fb072393a688\"},\"description\":\"La comedia se desarrolla alrededor de una estrella de rock en busca del balance entre su vida como estrella y la familiar.\",\"inLanguage\":\"es\",\"potentialAction\":[{\"@type\":\"ReadAction\",\"target\":[\"https:\/\/www.oidossucios.com\/site\/fred-durst-de-limp-bizkit-producira-y-protagonizara-su-propia-serie-de-comedia\/\"]}]},{\"@type\":[\"Person\"],\"@id\":\"https:\/\/www.oidossucios.com\/site\/#\/schema\/person\/24559eeb76bf83a63296fb072393a688\",\"name\":\"Oidossucios\",\"image\":{\"@type\":\"ImageObject\",\"@id\":\"https:\/\/www.oidossucios.com\/site\/#personlogo\",\"inLanguage\":\"es\",\"url\":\"https:\/\/secure.gravatar.com\/avatar\/74fcb480f42f1a33e50a0b6e6369a3f907be2e43dc84fa5f76c66e9c22b4a5ab?s=96&d=mm&r=g\",\"caption\":\"Oidossucios\"},\"sameAs\":[\"https:\/\/twitter.com\/oidossucios\"]}]}<\/script>\n<!-- \/ Yoast SEO plugin. -->","jetpack_sharing_enabled":true,"_links":{"self":[{"href":"https:\/\/www.oidossucios.com\/site\/wp-json\/wp\/v2\/posts\/4347","targetHints":{"allow":["GET"]}}],"collection":[{"href":"https:\/\/www.oidossucios.com\/site\/wp-json\/wp\/v2\/posts"}],"about":[{"href":"https:\/\/www.oidossucios.com\/site\/wp-json\/wp\/v2\/types\/post"}],"author":[{"embeddable":true,"href":"https:\/\/www.oidossucios.com\/site\/wp-json\/wp\/v2\/users\/4"}],"replies":[{"embeddable":true,"href":"https:\/\/www.oidossucios.com\/site\/wp-json\/wp\/v2\/comments?post=4347"}],"version-history":[{"count":0,"href":"https:\/\/www.oidossucios.com\/site\/wp-json\/wp\/v2\/posts\/4347\/revisions"}],"wp:featuredmedia":[{"embeddable":true,"href":"https:\/\/www.oidossucios.com\/site\/wp-json\/wp\/v2\/media\/100004347"}],"wp:attachment":[{"href":"https:\/\/www.oidossucios.com\/site\/wp-json\/wp\/v2\/media?parent=4347"}],"wp:term":[{"taxonomy":"category","embeddable":true,"href":"https:\/\/www.oidossucios.com\/site\/wp-json\/wp\/v2\/categories?post=4347"},{"taxonomy":"post_tag","embeddable":true,"href":"https:\/\/www.oidossucios.com\/site\/wp-json\/wp\/v2\/tags?post=4347"}],"curies":[{"name":"wp","href":"https:\/\/api.w.org\/{rel}","templated":true}]}}