{"id":4352,"date":"2011-10-18T05:57:00","date_gmt":"2011-10-18T05:57:00","guid":{"rendered":"https:\/\/www.oidossucios.com\/site\/2011\/10\/18\/la-vida-de-steven-tyler-podria-llegar-a-la-pantalla-grande\/"},"modified":"2011-10-18T05:57:00","modified_gmt":"2011-10-18T05:57:00","slug":"la-vida-de-steven-tyler-podria-llegar-a-la-pantalla-grande","status":"publish","type":"post","link":"https:\/\/www.oidossucios.com\/site\/la-vida-de-steven-tyler-podria-llegar-a-la-pantalla-grande\/","title":{"rendered":"La vida de Steven Tyler podr\u00eda llegar a la pantalla grande"},"content":{"rendered":"\n<p><b>Steven Tyler<\/b>&nbsp;inform\u00f3 que hay probabilidades de que su&nbsp;<b>libro autobiogr\u00e1fico<\/b>&nbsp;sea llevado a la pantalla grande.&nbsp;<\/p>\n<p>El cantante, quien public\u00f3 sus&nbsp;<b>memorias<\/b>&nbsp;a inicios de este a\u00f1o, dio a conocer que los derechos del libro fueron adquiridos por la compa\u00f1\u00eda productora del director <b>Ron Howard<\/b>.&nbsp;<\/p>\n<p>La biograf\u00eda se titula&nbsp;<b><i>Does the Noise in My Head Bother You?<\/i><\/b>&nbsp;y sali\u00f3 a la venta el pasado mes de mayo, en ella,&nbsp;<b>Tyler<\/b>&nbsp;revela que alguna vez tuvo relaciones sexuales con otro hombre, entre otras cosas m\u00e1s.&nbsp;<\/p>\n<p>&nbsp;<\/p>\n<p><\/p>\n<p>Fuente: www.rollingstone.com.mx<\/p>\n","protected":false},"excerpt":{"rendered":"<p>Steven Tyler&nbsp;inform\u00f3 que hay probabilidades de que su&nbsp;libro autobiogr\u00e1fico&nbsp;sea llevado a la pantalla grande.&nbsp; El cantante, quien public\u00f3 sus&nbsp;memorias&nbsp;a inicios de este a\u00f1o, dio a conocer que los derechos del libro fueron adquiridos por la compa\u00f1\u00eda productora del director Ron Howard.&nbsp; La biograf\u00eda se titula&nbsp;Does the Noise in My Head Bother You?&nbsp;y sali\u00f3 a la [&hellip;]<\/p>\n","protected":false},"author":4,"featured_media":100004352,"comment_status":"open","ping_status":"open","sticky":false,"template":"","format":"standard","meta":{"_jetpack_memberships_contains_paid_content":false,"footnotes":""},"categories":[142],"tags":[],"class_list":["post-4352","post","type-post","status-publish","format-standard","has-post-thumbnail","hentry","category-buzznews"],"jetpack_featured_media_url":"https:\/\/www.oidossucios.com\/site\/wp-content\/uploads\/2011\/10\/4352.jpg","yoast_head":"<!-- This site is optimized with the Yoast SEO plugin v14.0.4 - https:\/\/yoast.com\/wordpress\/plugins\/seo\/ -->\n<title>La vida de Steven Tyler podr\u00eda llegar a la pantalla grande - OidosSucios.Com<\/title>\n<meta name=\"robots\" content=\"index, follow\" \/>\n<meta name=\"googlebot\" content=\"index, follow, max-snippet:-1, max-image-preview:large, max-video-preview:-1\" \/>\n<meta name=\"bingbot\" content=\"index, follow, max-snippet:-1, max-image-preview:large, max-video-preview:-1\" \/>\n<link rel=\"canonical\" href=\"https:\/\/www.oidossucios.com\/site\/la-vida-de-steven-tyler-podria-llegar-a-la-pantalla-grande\/\" \/>\n<meta property=\"og:locale\" content=\"es_ES\" \/>\n<meta property=\"og:type\" content=\"article\" \/>\n<meta property=\"og:title\" content=\"La vida de Steven Tyler podr\u00eda llegar a la pantalla grande - OidosSucios.Com\" \/>\n<meta property=\"og:description\" content=\"Steven Tyler&nbsp;inform\u00f3 que hay probabilidades de que su&nbsp;libro autobiogr\u00e1fico&nbsp;sea llevado a la pantalla grande.&nbsp; El cantante, quien public\u00f3 sus&nbsp;memorias&nbsp;a inicios de este a\u00f1o, dio a conocer que los derechos del libro fueron adquiridos por la compa\u00f1\u00eda productora del director Ron Howard.&nbsp; La biograf\u00eda se titula&nbsp;Does the Noise in My Head Bother You?&nbsp;y sali\u00f3 a la [&hellip;]\" \/>\n<meta property=\"og:url\" content=\"https:\/\/www.oidossucios.com\/site\/la-vida-de-steven-tyler-podria-llegar-a-la-pantalla-grande\/\" \/>\n<meta property=\"og:site_name\" content=\"OidosSucios.Com\" \/>\n<meta property=\"article:published_time\" content=\"2011-10-18T05:57:00+00:00\" \/>\n<meta property=\"og:image\" content=\"https:\/\/www.oidossucios.com\/site\/wp-content\/uploads\/2011\/10\/4352.jpg\" \/>\n\t<meta property=\"og:image:width\" content=\"350\" \/>\n\t<meta property=\"og:image:height\" content=\"300\" \/>\n<meta name=\"twitter:card\" content=\"summary_large_image\" \/>\n<meta name=\"twitter:creator\" content=\"@oidossucios\" \/>\n<script type=\"application\/ld+json\" class=\"yoast-schema-graph\">{\"@context\":\"https:\/\/schema.org\",\"@graph\":[{\"@type\":\"WebSite\",\"@id\":\"https:\/\/www.oidossucios.com\/site\/#website\",\"url\":\"https:\/\/www.oidossucios.com\/site\/\",\"name\":\"OidosSucios.Com\",\"description\":\"M\\u00fasica, conciertos, discos\",\"potentialAction\":[{\"@type\":\"SearchAction\",\"target\":\"https:\/\/www.oidossucios.com\/site\/?s={search_term_string}\",\"query-input\":\"required name=search_term_string\"}],\"inLanguage\":\"es\"},{\"@type\":\"ImageObject\",\"@id\":\"https:\/\/www.oidossucios.com\/site\/la-vida-de-steven-tyler-podria-llegar-a-la-pantalla-grande\/#primaryimage\",\"inLanguage\":\"es\",\"url\":\"https:\/\/www.oidossucios.com\/site\/wp-content\/uploads\/2011\/10\/4352.jpg\",\"width\":350,\"height\":300},{\"@type\":\"WebPage\",\"@id\":\"https:\/\/www.oidossucios.com\/site\/la-vida-de-steven-tyler-podria-llegar-a-la-pantalla-grande\/#webpage\",\"url\":\"https:\/\/www.oidossucios.com\/site\/la-vida-de-steven-tyler-podria-llegar-a-la-pantalla-grande\/\",\"name\":\"La vida de Steven Tyler podr\\u00eda llegar a la pantalla grande - OidosSucios.Com\",\"isPartOf\":{\"@id\":\"https:\/\/www.oidossucios.com\/site\/#website\"},\"primaryImageOfPage\":{\"@id\":\"https:\/\/www.oidossucios.com\/site\/la-vida-de-steven-tyler-podria-llegar-a-la-pantalla-grande\/#primaryimage\"},\"datePublished\":\"2011-10-18T05:57:00+00:00\",\"dateModified\":\"2011-10-18T05:57:00+00:00\",\"author\":{\"@id\":\"https:\/\/www.oidossucios.com\/site\/#\/schema\/person\/24559eeb76bf83a63296fb072393a688\"},\"inLanguage\":\"es\",\"potentialAction\":[{\"@type\":\"ReadAction\",\"target\":[\"https:\/\/www.oidossucios.com\/site\/la-vida-de-steven-tyler-podria-llegar-a-la-pantalla-grande\/\"]}]},{\"@type\":[\"Person\"],\"@id\":\"https:\/\/www.oidossucios.com\/site\/#\/schema\/person\/24559eeb76bf83a63296fb072393a688\",\"name\":\"Oidossucios\",\"image\":{\"@type\":\"ImageObject\",\"@id\":\"https:\/\/www.oidossucios.com\/site\/#personlogo\",\"inLanguage\":\"es\",\"url\":\"https:\/\/secure.gravatar.com\/avatar\/74fcb480f42f1a33e50a0b6e6369a3f907be2e43dc84fa5f76c66e9c22b4a5ab?s=96&d=mm&r=g\",\"caption\":\"Oidossucios\"},\"sameAs\":[\"https:\/\/twitter.com\/oidossucios\"]}]}<\/script>\n<!-- \/ Yoast SEO plugin. -->","jetpack_sharing_enabled":true,"_links":{"self":[{"href":"https:\/\/www.oidossucios.com\/site\/wp-json\/wp\/v2\/posts\/4352","targetHints":{"allow":["GET"]}}],"collection":[{"href":"https:\/\/www.oidossucios.com\/site\/wp-json\/wp\/v2\/posts"}],"about":[{"href":"https:\/\/www.oidossucios.com\/site\/wp-json\/wp\/v2\/types\/post"}],"author":[{"embeddable":true,"href":"https:\/\/www.oidossucios.com\/site\/wp-json\/wp\/v2\/users\/4"}],"replies":[{"embeddable":true,"href":"https:\/\/www.oidossucios.com\/site\/wp-json\/wp\/v2\/comments?post=4352"}],"version-history":[{"count":0,"href":"https:\/\/www.oidossucios.com\/site\/wp-json\/wp\/v2\/posts\/4352\/revisions"}],"wp:featuredmedia":[{"embeddable":true,"href":"https:\/\/www.oidossucios.com\/site\/wp-json\/wp\/v2\/media\/100004352"}],"wp:attachment":[{"href":"https:\/\/www.oidossucios.com\/site\/wp-json\/wp\/v2\/media?parent=4352"}],"wp:term":[{"taxonomy":"category","embeddable":true,"href":"https:\/\/www.oidossucios.com\/site\/wp-json\/wp\/v2\/categories?post=4352"},{"taxonomy":"post_tag","embeddable":true,"href":"https:\/\/www.oidossucios.com\/site\/wp-json\/wp\/v2\/tags?post=4352"}],"curies":[{"name":"wp","href":"https:\/\/api.w.org\/{rel}","templated":true}]}}