{"id":4400,"date":"2011-10-25T07:22:00","date_gmt":"2011-10-25T07:22:00","guid":{"rendered":"https:\/\/www.oidossucios.com\/site\/2011\/10\/25\/nuevo-video-de-pearl-jam-dirigido-por-cameron-crowe\/"},"modified":"2011-10-25T07:22:00","modified_gmt":"2011-10-25T07:22:00","slug":"nuevo-video-de-pearl-jam-dirigido-por-cameron-crowe","status":"publish","type":"post","link":"https:\/\/www.oidossucios.com\/site\/nuevo-video-de-pearl-jam-dirigido-por-cameron-crowe\/","title":{"rendered":"Nuevo video de Pearl Jam, dirigido por Cameron Crowe"},"content":{"rendered":"\n<p>Ya lleg\u00f3 a las tiendas (No en Venezuela) el DVD <i>Pearl Jam Twenty<\/i>, documental dirigido por Cameron Crowe que recopila material in\u00e9dito y entrevistas a lo largo de 20 a\u00f1os de carrera de Pearl Jam.&nbsp;<\/p>\n<p><\/p>\n<p>&nbsp;<\/p>\n<p>Hoy, para iniciar la semana y previo al lanzamiento, su director nos presenta el video al tema &#8220;Not For You&#8221; del disco <i>Vitalogy. <\/i>Un video in\u00e9dito que &nbsp;nunca se lanz\u00f3 comercialmente hasta hoy que decidieron lanzarlo a prop\u00f3sito de los 20 a\u00f1os de la banda. Lleno de im\u00e1genes de la banda en concierto, tomas del p\u00fablico y algunas m\u00e1s en tour, lo puedes ver aqu\u00ed:&nbsp;<a target=\"_blank\" href=\"http:\/\/www.imdb.com\/video\/imdb\/vi702586393\/\" rel=\"noopener noreferrer\">IMDb<\/a>.<\/p>\n<p><\/p>\n<p>&nbsp;<\/p>\n<p>Fuente: www.warp.la<\/p>\n","protected":false},"excerpt":{"rendered":"<p>Ya lleg\u00f3 a las tiendas (No en Venezuela) el DVD Pearl Jam Twenty, documental dirigido por Cameron Crowe que recopila material in\u00e9dito y entrevistas a lo largo de 20 a\u00f1os de carrera de Pearl Jam.&nbsp; &nbsp; Hoy, para iniciar la semana y previo al lanzamiento, su director nos presenta el video al tema &#8220;Not For [&hellip;]<\/p>\n","protected":false},"author":4,"featured_media":100004400,"comment_status":"open","ping_status":"open","sticky":false,"template":"","format":"standard","meta":{"_jetpack_memberships_contains_paid_content":false,"footnotes":""},"categories":[142],"tags":[],"class_list":["post-4400","post","type-post","status-publish","format-standard","has-post-thumbnail","hentry","category-buzznews"],"jetpack_featured_media_url":"https:\/\/www.oidossucios.com\/site\/wp-content\/uploads\/2011\/10\/4400.jpg","yoast_head":"<!-- This site is optimized with the Yoast SEO plugin v14.0.4 - https:\/\/yoast.com\/wordpress\/plugins\/seo\/ -->\n<title>Nuevo video de Pearl Jam, dirigido por Cameron Crowe - OidosSucios.Com<\/title>\n<meta name=\"robots\" content=\"index, follow\" \/>\n<meta name=\"googlebot\" content=\"index, follow, max-snippet:-1, max-image-preview:large, max-video-preview:-1\" \/>\n<meta name=\"bingbot\" content=\"index, follow, max-snippet:-1, max-image-preview:large, max-video-preview:-1\" \/>\n<link rel=\"canonical\" href=\"https:\/\/www.oidossucios.com\/site\/nuevo-video-de-pearl-jam-dirigido-por-cameron-crowe\/\" \/>\n<meta property=\"og:locale\" content=\"es_ES\" \/>\n<meta property=\"og:type\" content=\"article\" \/>\n<meta property=\"og:title\" content=\"Nuevo video de Pearl Jam, dirigido por Cameron Crowe - OidosSucios.Com\" \/>\n<meta property=\"og:description\" content=\"Ya lleg\u00f3 a las tiendas (No en Venezuela) el DVD Pearl Jam Twenty, documental dirigido por Cameron Crowe que recopila material in\u00e9dito y entrevistas a lo largo de 20 a\u00f1os de carrera de Pearl Jam.&nbsp; &nbsp; Hoy, para iniciar la semana y previo al lanzamiento, su director nos presenta el video al tema &#8220;Not For [&hellip;]\" \/>\n<meta property=\"og:url\" content=\"https:\/\/www.oidossucios.com\/site\/nuevo-video-de-pearl-jam-dirigido-por-cameron-crowe\/\" \/>\n<meta property=\"og:site_name\" content=\"OidosSucios.Com\" \/>\n<meta property=\"article:published_time\" content=\"2011-10-25T07:22:00+00:00\" \/>\n<meta property=\"og:image\" content=\"https:\/\/www.oidossucios.com\/site\/wp-content\/uploads\/2011\/10\/4400.jpg\" \/>\n\t<meta property=\"og:image:width\" content=\"350\" \/>\n\t<meta property=\"og:image:height\" content=\"300\" \/>\n<meta name=\"twitter:card\" content=\"summary_large_image\" \/>\n<meta name=\"twitter:creator\" content=\"@oidossucios\" \/>\n<script type=\"application\/ld+json\" class=\"yoast-schema-graph\">{\"@context\":\"https:\/\/schema.org\",\"@graph\":[{\"@type\":\"WebSite\",\"@id\":\"https:\/\/www.oidossucios.com\/site\/#website\",\"url\":\"https:\/\/www.oidossucios.com\/site\/\",\"name\":\"OidosSucios.Com\",\"description\":\"M\\u00fasica, conciertos, discos\",\"potentialAction\":[{\"@type\":\"SearchAction\",\"target\":\"https:\/\/www.oidossucios.com\/site\/?s={search_term_string}\",\"query-input\":\"required name=search_term_string\"}],\"inLanguage\":\"es\"},{\"@type\":\"ImageObject\",\"@id\":\"https:\/\/www.oidossucios.com\/site\/nuevo-video-de-pearl-jam-dirigido-por-cameron-crowe\/#primaryimage\",\"inLanguage\":\"es\",\"url\":\"https:\/\/www.oidossucios.com\/site\/wp-content\/uploads\/2011\/10\/4400.jpg\",\"width\":350,\"height\":300},{\"@type\":\"WebPage\",\"@id\":\"https:\/\/www.oidossucios.com\/site\/nuevo-video-de-pearl-jam-dirigido-por-cameron-crowe\/#webpage\",\"url\":\"https:\/\/www.oidossucios.com\/site\/nuevo-video-de-pearl-jam-dirigido-por-cameron-crowe\/\",\"name\":\"Nuevo video de Pearl Jam, dirigido por Cameron Crowe - OidosSucios.Com\",\"isPartOf\":{\"@id\":\"https:\/\/www.oidossucios.com\/site\/#website\"},\"primaryImageOfPage\":{\"@id\":\"https:\/\/www.oidossucios.com\/site\/nuevo-video-de-pearl-jam-dirigido-por-cameron-crowe\/#primaryimage\"},\"datePublished\":\"2011-10-25T07:22:00+00:00\",\"dateModified\":\"2011-10-25T07:22:00+00:00\",\"author\":{\"@id\":\"https:\/\/www.oidossucios.com\/site\/#\/schema\/person\/24559eeb76bf83a63296fb072393a688\"},\"inLanguage\":\"es\",\"potentialAction\":[{\"@type\":\"ReadAction\",\"target\":[\"https:\/\/www.oidossucios.com\/site\/nuevo-video-de-pearl-jam-dirigido-por-cameron-crowe\/\"]}]},{\"@type\":[\"Person\"],\"@id\":\"https:\/\/www.oidossucios.com\/site\/#\/schema\/person\/24559eeb76bf83a63296fb072393a688\",\"name\":\"Oidossucios\",\"image\":{\"@type\":\"ImageObject\",\"@id\":\"https:\/\/www.oidossucios.com\/site\/#personlogo\",\"inLanguage\":\"es\",\"url\":\"https:\/\/secure.gravatar.com\/avatar\/74fcb480f42f1a33e50a0b6e6369a3f907be2e43dc84fa5f76c66e9c22b4a5ab?s=96&d=mm&r=g\",\"caption\":\"Oidossucios\"},\"sameAs\":[\"https:\/\/twitter.com\/oidossucios\"]}]}<\/script>\n<!-- \/ Yoast SEO plugin. -->","jetpack_sharing_enabled":true,"_links":{"self":[{"href":"https:\/\/www.oidossucios.com\/site\/wp-json\/wp\/v2\/posts\/4400","targetHints":{"allow":["GET"]}}],"collection":[{"href":"https:\/\/www.oidossucios.com\/site\/wp-json\/wp\/v2\/posts"}],"about":[{"href":"https:\/\/www.oidossucios.com\/site\/wp-json\/wp\/v2\/types\/post"}],"author":[{"embeddable":true,"href":"https:\/\/www.oidossucios.com\/site\/wp-json\/wp\/v2\/users\/4"}],"replies":[{"embeddable":true,"href":"https:\/\/www.oidossucios.com\/site\/wp-json\/wp\/v2\/comments?post=4400"}],"version-history":[{"count":0,"href":"https:\/\/www.oidossucios.com\/site\/wp-json\/wp\/v2\/posts\/4400\/revisions"}],"wp:featuredmedia":[{"embeddable":true,"href":"https:\/\/www.oidossucios.com\/site\/wp-json\/wp\/v2\/media\/100004400"}],"wp:attachment":[{"href":"https:\/\/www.oidossucios.com\/site\/wp-json\/wp\/v2\/media?parent=4400"}],"wp:term":[{"taxonomy":"category","embeddable":true,"href":"https:\/\/www.oidossucios.com\/site\/wp-json\/wp\/v2\/categories?post=4400"},{"taxonomy":"post_tag","embeddable":true,"href":"https:\/\/www.oidossucios.com\/site\/wp-json\/wp\/v2\/tags?post=4400"}],"curies":[{"name":"wp","href":"https:\/\/api.w.org\/{rel}","templated":true}]}}