{"id":4410,"date":"2011-10-26T06:12:00","date_gmt":"2011-10-26T06:12:00","guid":{"rendered":"https:\/\/www.oidossucios.com\/site\/2011\/10\/26\/u2-incierto-sobre-su-futuro-como-banda\/"},"modified":"2011-10-26T06:12:00","modified_gmt":"2011-10-26T06:12:00","slug":"u2-incierto-sobre-su-futuro-como-banda","status":"publish","type":"post","link":"https:\/\/www.oidossucios.com\/site\/u2-incierto-sobre-su-futuro-como-banda\/","title":{"rendered":"U2 incierto sobre su futuro como banda"},"content":{"rendered":"\n<p>A poco menos de una semana de relanzar el \u00e1lbum <i>Achtung Baby<\/i> (1991), Bono ha compartido con la revista Rolling Stone su conformidad con lo que ha hecho U2 a lo largo de su historia, llegando a declarar que no tendr\u00eda problema si la banda se separara ahora.<\/p>\n<p><\/p>\n<p>El m\u00fasico dijo:<\/p>\n<p><\/p>\n<p>&#8220;No estoy seguro de que el futuro no se haya secado (sic). (\u0085) Estar\u00edamos muy complacidos en terminar con <i>No Line On The Horizon<\/i>, pero dudo que eso ocurra&#8221;.<\/p>\n<p><\/p>\n<p>Por otra parte, aunque The Edge se\u00f1al\u00f3 que U2 podr\u00eda regresar el siguiente a\u00f1o con nueva m\u00fasica, tambi\u00e9n dijo que &#8220;es igualmente posible que eso no ocurra&#8221;; si a eso agregamos que Bono desea compartir m\u00e1s tiempo con su familia y &#8220;perderse en la m\u00fasica&#8221;, quiz\u00e1 no escuchemos nada nuevo de la banda irlandesa en pr\u00f3ximas fechas.<\/p>\n<p><\/p>\n<p>Fuente: www.warp.la<\/p>\n","protected":false},"excerpt":{"rendered":"<p>A poco menos de una semana de relanzar el \u00e1lbum Achtung Baby (1991), Bono ha compartido con la revista Rolling Stone su conformidad con lo que ha hecho U2 a lo largo de su historia, llegando a declarar que no tendr\u00eda problema si la banda se separara ahora. El m\u00fasico dijo: &#8220;No estoy seguro de [&hellip;]<\/p>\n","protected":false},"author":4,"featured_media":100004410,"comment_status":"open","ping_status":"open","sticky":false,"template":"","format":"standard","meta":{"_jetpack_memberships_contains_paid_content":false,"footnotes":""},"categories":[142],"tags":[],"class_list":["post-4410","post","type-post","status-publish","format-standard","has-post-thumbnail","hentry","category-buzznews"],"jetpack_featured_media_url":"https:\/\/www.oidossucios.com\/site\/wp-content\/uploads\/2011\/10\/4410.jpg","yoast_head":"<!-- This site is optimized with the Yoast SEO plugin v14.0.4 - https:\/\/yoast.com\/wordpress\/plugins\/seo\/ -->\n<title>U2 incierto sobre su futuro como banda - OidosSucios.Com<\/title>\n<meta name=\"robots\" content=\"index, follow\" \/>\n<meta name=\"googlebot\" content=\"index, follow, max-snippet:-1, max-image-preview:large, max-video-preview:-1\" \/>\n<meta name=\"bingbot\" content=\"index, follow, max-snippet:-1, max-image-preview:large, max-video-preview:-1\" \/>\n<link rel=\"canonical\" href=\"https:\/\/www.oidossucios.com\/site\/u2-incierto-sobre-su-futuro-como-banda\/\" \/>\n<meta property=\"og:locale\" content=\"es_ES\" \/>\n<meta property=\"og:type\" content=\"article\" \/>\n<meta property=\"og:title\" content=\"U2 incierto sobre su futuro como banda - OidosSucios.Com\" \/>\n<meta property=\"og:description\" content=\"A poco menos de una semana de relanzar el \u00e1lbum Achtung Baby (1991), Bono ha compartido con la revista Rolling Stone su conformidad con lo que ha hecho U2 a lo largo de su historia, llegando a declarar que no tendr\u00eda problema si la banda se separara ahora. El m\u00fasico dijo: &#8220;No estoy seguro de [&hellip;]\" \/>\n<meta property=\"og:url\" content=\"https:\/\/www.oidossucios.com\/site\/u2-incierto-sobre-su-futuro-como-banda\/\" \/>\n<meta property=\"og:site_name\" content=\"OidosSucios.Com\" \/>\n<meta property=\"article:published_time\" content=\"2011-10-26T06:12:00+00:00\" \/>\n<meta property=\"og:image\" content=\"https:\/\/www.oidossucios.com\/site\/wp-content\/uploads\/2011\/10\/4410.jpg\" \/>\n\t<meta property=\"og:image:width\" content=\"350\" \/>\n\t<meta property=\"og:image:height\" content=\"300\" \/>\n<meta name=\"twitter:card\" content=\"summary_large_image\" \/>\n<meta name=\"twitter:creator\" content=\"@oidossucios\" \/>\n<script type=\"application\/ld+json\" class=\"yoast-schema-graph\">{\"@context\":\"https:\/\/schema.org\",\"@graph\":[{\"@type\":\"WebSite\",\"@id\":\"https:\/\/www.oidossucios.com\/site\/#website\",\"url\":\"https:\/\/www.oidossucios.com\/site\/\",\"name\":\"OidosSucios.Com\",\"description\":\"M\\u00fasica, conciertos, discos\",\"potentialAction\":[{\"@type\":\"SearchAction\",\"target\":\"https:\/\/www.oidossucios.com\/site\/?s={search_term_string}\",\"query-input\":\"required name=search_term_string\"}],\"inLanguage\":\"es\"},{\"@type\":\"ImageObject\",\"@id\":\"https:\/\/www.oidossucios.com\/site\/u2-incierto-sobre-su-futuro-como-banda\/#primaryimage\",\"inLanguage\":\"es\",\"url\":\"https:\/\/www.oidossucios.com\/site\/wp-content\/uploads\/2011\/10\/4410.jpg\",\"width\":350,\"height\":300},{\"@type\":\"WebPage\",\"@id\":\"https:\/\/www.oidossucios.com\/site\/u2-incierto-sobre-su-futuro-como-banda\/#webpage\",\"url\":\"https:\/\/www.oidossucios.com\/site\/u2-incierto-sobre-su-futuro-como-banda\/\",\"name\":\"U2 incierto sobre su futuro como banda - OidosSucios.Com\",\"isPartOf\":{\"@id\":\"https:\/\/www.oidossucios.com\/site\/#website\"},\"primaryImageOfPage\":{\"@id\":\"https:\/\/www.oidossucios.com\/site\/u2-incierto-sobre-su-futuro-como-banda\/#primaryimage\"},\"datePublished\":\"2011-10-26T06:12:00+00:00\",\"dateModified\":\"2011-10-26T06:12:00+00:00\",\"author\":{\"@id\":\"https:\/\/www.oidossucios.com\/site\/#\/schema\/person\/24559eeb76bf83a63296fb072393a688\"},\"inLanguage\":\"es\",\"potentialAction\":[{\"@type\":\"ReadAction\",\"target\":[\"https:\/\/www.oidossucios.com\/site\/u2-incierto-sobre-su-futuro-como-banda\/\"]}]},{\"@type\":[\"Person\"],\"@id\":\"https:\/\/www.oidossucios.com\/site\/#\/schema\/person\/24559eeb76bf83a63296fb072393a688\",\"name\":\"Oidossucios\",\"image\":{\"@type\":\"ImageObject\",\"@id\":\"https:\/\/www.oidossucios.com\/site\/#personlogo\",\"inLanguage\":\"es\",\"url\":\"https:\/\/secure.gravatar.com\/avatar\/74fcb480f42f1a33e50a0b6e6369a3f907be2e43dc84fa5f76c66e9c22b4a5ab?s=96&d=mm&r=g\",\"caption\":\"Oidossucios\"},\"sameAs\":[\"https:\/\/twitter.com\/oidossucios\"]}]}<\/script>\n<!-- \/ Yoast SEO plugin. -->","jetpack_sharing_enabled":true,"_links":{"self":[{"href":"https:\/\/www.oidossucios.com\/site\/wp-json\/wp\/v2\/posts\/4410","targetHints":{"allow":["GET"]}}],"collection":[{"href":"https:\/\/www.oidossucios.com\/site\/wp-json\/wp\/v2\/posts"}],"about":[{"href":"https:\/\/www.oidossucios.com\/site\/wp-json\/wp\/v2\/types\/post"}],"author":[{"embeddable":true,"href":"https:\/\/www.oidossucios.com\/site\/wp-json\/wp\/v2\/users\/4"}],"replies":[{"embeddable":true,"href":"https:\/\/www.oidossucios.com\/site\/wp-json\/wp\/v2\/comments?post=4410"}],"version-history":[{"count":0,"href":"https:\/\/www.oidossucios.com\/site\/wp-json\/wp\/v2\/posts\/4410\/revisions"}],"wp:featuredmedia":[{"embeddable":true,"href":"https:\/\/www.oidossucios.com\/site\/wp-json\/wp\/v2\/media\/100004410"}],"wp:attachment":[{"href":"https:\/\/www.oidossucios.com\/site\/wp-json\/wp\/v2\/media?parent=4410"}],"wp:term":[{"taxonomy":"category","embeddable":true,"href":"https:\/\/www.oidossucios.com\/site\/wp-json\/wp\/v2\/categories?post=4410"},{"taxonomy":"post_tag","embeddable":true,"href":"https:\/\/www.oidossucios.com\/site\/wp-json\/wp\/v2\/tags?post=4410"}],"curies":[{"name":"wp","href":"https:\/\/api.w.org\/{rel}","templated":true}]}}