{"id":4411,"date":"2011-10-26T06:14:00","date_gmt":"2011-10-26T06:14:00","guid":{"rendered":"https:\/\/www.oidossucios.com\/site\/2011\/10\/26\/steven-tyler-se-volo-un-diente-en-paraguay-y-posponen-concierto-de-aerosmith\/"},"modified":"2011-10-26T06:14:00","modified_gmt":"2011-10-26T06:14:00","slug":"steven-tyler-se-volo-un-diente-en-paraguay-y-posponen-concierto-de-aerosmith","status":"publish","type":"post","link":"https:\/\/www.oidossucios.com\/site\/steven-tyler-se-volo-un-diente-en-paraguay-y-posponen-concierto-de-aerosmith\/","title":{"rendered":"Steven Tyler se vol\u00f3 un diente en Paraguay y posponen concierto de Aerosmith"},"content":{"rendered":"\n<p>Organizadores de la gira de Aerosmith, anunciaron que su concierto en Paraguay se ha pospuesto un d\u00eda, despu\u00e9s de que el vocalista de la banda, Steven Tyler, cay\u00f3 en el ba\u00f1o de su hotel, golpe\u00e1ndose la cara y perdiendo dos dientes.<\/p>\n<p><\/p>\n<p>Marcelo Antunez, vocero de Garzia Group, se refiri\u00f3 al accidente como algo &#8220;menor&#8221; y anunci\u00f3 que el concierto se mover\u00e1 al mi\u00e9rcoles. Tyler recibi\u00f3 ayuda m\u00e9dica en un hospital local por cortadas en su cara y recibi\u00f3 dos implantes dentales.<\/p>\n<p><\/p>\n<p>Ser\u00e1 el primer concierto de Aerosmith en Paraguay y se espera una audiencia de m\u00e1s de 50,000 personas.<\/p>\n<p><\/p>\n<p><\/p>\n<p>Fuente: www.warp.la<\/p>\n","protected":false},"excerpt":{"rendered":"<p>Organizadores de la gira de Aerosmith, anunciaron que su concierto en Paraguay se ha pospuesto un d\u00eda, despu\u00e9s de que el vocalista de la banda, Steven Tyler, cay\u00f3 en el ba\u00f1o de su hotel, golpe\u00e1ndose la cara y perdiendo dos dientes. Marcelo Antunez, vocero de Garzia Group, se refiri\u00f3 al accidente como algo &#8220;menor&#8221; y [&hellip;]<\/p>\n","protected":false},"author":4,"featured_media":100004411,"comment_status":"open","ping_status":"open","sticky":false,"template":"","format":"standard","meta":{"_jetpack_memberships_contains_paid_content":false,"footnotes":""},"categories":[142],"tags":[],"class_list":["post-4411","post","type-post","status-publish","format-standard","has-post-thumbnail","hentry","category-buzznews"],"jetpack_featured_media_url":"https:\/\/www.oidossucios.com\/site\/wp-content\/uploads\/2011\/10\/4411.jpg","yoast_head":"<!-- This site is optimized with the Yoast SEO plugin v14.0.4 - https:\/\/yoast.com\/wordpress\/plugins\/seo\/ -->\n<title>Steven Tyler se vol\u00f3 un diente en Paraguay y posponen concierto de Aerosmith - OidosSucios.Com<\/title>\n<meta name=\"robots\" content=\"index, follow\" \/>\n<meta name=\"googlebot\" content=\"index, follow, max-snippet:-1, max-image-preview:large, max-video-preview:-1\" \/>\n<meta name=\"bingbot\" content=\"index, follow, max-snippet:-1, max-image-preview:large, max-video-preview:-1\" \/>\n<link rel=\"canonical\" href=\"https:\/\/www.oidossucios.com\/site\/steven-tyler-se-volo-un-diente-en-paraguay-y-posponen-concierto-de-aerosmith\/\" \/>\n<meta property=\"og:locale\" content=\"es_ES\" \/>\n<meta property=\"og:type\" content=\"article\" \/>\n<meta property=\"og:title\" content=\"Steven Tyler se vol\u00f3 un diente en Paraguay y posponen concierto de Aerosmith - OidosSucios.Com\" \/>\n<meta property=\"og:description\" content=\"Organizadores de la gira de Aerosmith, anunciaron que su concierto en Paraguay se ha pospuesto un d\u00eda, despu\u00e9s de que el vocalista de la banda, Steven Tyler, cay\u00f3 en el ba\u00f1o de su hotel, golpe\u00e1ndose la cara y perdiendo dos dientes. Marcelo Antunez, vocero de Garzia Group, se refiri\u00f3 al accidente como algo &#8220;menor&#8221; y [&hellip;]\" \/>\n<meta property=\"og:url\" content=\"https:\/\/www.oidossucios.com\/site\/steven-tyler-se-volo-un-diente-en-paraguay-y-posponen-concierto-de-aerosmith\/\" \/>\n<meta property=\"og:site_name\" content=\"OidosSucios.Com\" \/>\n<meta property=\"article:published_time\" content=\"2011-10-26T06:14:00+00:00\" \/>\n<meta property=\"og:image\" content=\"https:\/\/www.oidossucios.com\/site\/wp-content\/uploads\/2011\/10\/4411.jpg\" \/>\n\t<meta property=\"og:image:width\" content=\"350\" \/>\n\t<meta property=\"og:image:height\" content=\"300\" \/>\n<meta name=\"twitter:card\" content=\"summary_large_image\" \/>\n<meta name=\"twitter:creator\" content=\"@oidossucios\" \/>\n<script type=\"application\/ld+json\" class=\"yoast-schema-graph\">{\"@context\":\"https:\/\/schema.org\",\"@graph\":[{\"@type\":\"WebSite\",\"@id\":\"https:\/\/www.oidossucios.com\/site\/#website\",\"url\":\"https:\/\/www.oidossucios.com\/site\/\",\"name\":\"OidosSucios.Com\",\"description\":\"M\\u00fasica, conciertos, discos\",\"potentialAction\":[{\"@type\":\"SearchAction\",\"target\":\"https:\/\/www.oidossucios.com\/site\/?s={search_term_string}\",\"query-input\":\"required name=search_term_string\"}],\"inLanguage\":\"es\"},{\"@type\":\"ImageObject\",\"@id\":\"https:\/\/www.oidossucios.com\/site\/steven-tyler-se-volo-un-diente-en-paraguay-y-posponen-concierto-de-aerosmith\/#primaryimage\",\"inLanguage\":\"es\",\"url\":\"https:\/\/www.oidossucios.com\/site\/wp-content\/uploads\/2011\/10\/4411.jpg\",\"width\":350,\"height\":300},{\"@type\":\"WebPage\",\"@id\":\"https:\/\/www.oidossucios.com\/site\/steven-tyler-se-volo-un-diente-en-paraguay-y-posponen-concierto-de-aerosmith\/#webpage\",\"url\":\"https:\/\/www.oidossucios.com\/site\/steven-tyler-se-volo-un-diente-en-paraguay-y-posponen-concierto-de-aerosmith\/\",\"name\":\"Steven Tyler se vol\\u00f3 un diente en Paraguay y posponen concierto de Aerosmith - OidosSucios.Com\",\"isPartOf\":{\"@id\":\"https:\/\/www.oidossucios.com\/site\/#website\"},\"primaryImageOfPage\":{\"@id\":\"https:\/\/www.oidossucios.com\/site\/steven-tyler-se-volo-un-diente-en-paraguay-y-posponen-concierto-de-aerosmith\/#primaryimage\"},\"datePublished\":\"2011-10-26T06:14:00+00:00\",\"dateModified\":\"2011-10-26T06:14:00+00:00\",\"author\":{\"@id\":\"https:\/\/www.oidossucios.com\/site\/#\/schema\/person\/24559eeb76bf83a63296fb072393a688\"},\"inLanguage\":\"es\",\"potentialAction\":[{\"@type\":\"ReadAction\",\"target\":[\"https:\/\/www.oidossucios.com\/site\/steven-tyler-se-volo-un-diente-en-paraguay-y-posponen-concierto-de-aerosmith\/\"]}]},{\"@type\":[\"Person\"],\"@id\":\"https:\/\/www.oidossucios.com\/site\/#\/schema\/person\/24559eeb76bf83a63296fb072393a688\",\"name\":\"Oidossucios\",\"image\":{\"@type\":\"ImageObject\",\"@id\":\"https:\/\/www.oidossucios.com\/site\/#personlogo\",\"inLanguage\":\"es\",\"url\":\"https:\/\/secure.gravatar.com\/avatar\/74fcb480f42f1a33e50a0b6e6369a3f907be2e43dc84fa5f76c66e9c22b4a5ab?s=96&d=mm&r=g\",\"caption\":\"Oidossucios\"},\"sameAs\":[\"https:\/\/twitter.com\/oidossucios\"]}]}<\/script>\n<!-- \/ Yoast SEO plugin. -->","jetpack_sharing_enabled":true,"_links":{"self":[{"href":"https:\/\/www.oidossucios.com\/site\/wp-json\/wp\/v2\/posts\/4411","targetHints":{"allow":["GET"]}}],"collection":[{"href":"https:\/\/www.oidossucios.com\/site\/wp-json\/wp\/v2\/posts"}],"about":[{"href":"https:\/\/www.oidossucios.com\/site\/wp-json\/wp\/v2\/types\/post"}],"author":[{"embeddable":true,"href":"https:\/\/www.oidossucios.com\/site\/wp-json\/wp\/v2\/users\/4"}],"replies":[{"embeddable":true,"href":"https:\/\/www.oidossucios.com\/site\/wp-json\/wp\/v2\/comments?post=4411"}],"version-history":[{"count":0,"href":"https:\/\/www.oidossucios.com\/site\/wp-json\/wp\/v2\/posts\/4411\/revisions"}],"wp:featuredmedia":[{"embeddable":true,"href":"https:\/\/www.oidossucios.com\/site\/wp-json\/wp\/v2\/media\/100004411"}],"wp:attachment":[{"href":"https:\/\/www.oidossucios.com\/site\/wp-json\/wp\/v2\/media?parent=4411"}],"wp:term":[{"taxonomy":"category","embeddable":true,"href":"https:\/\/www.oidossucios.com\/site\/wp-json\/wp\/v2\/categories?post=4411"},{"taxonomy":"post_tag","embeddable":true,"href":"https:\/\/www.oidossucios.com\/site\/wp-json\/wp\/v2\/tags?post=4411"}],"curies":[{"name":"wp","href":"https:\/\/api.w.org\/{rel}","templated":true}]}}