{"id":4416,"date":"2011-10-30T17:43:40","date_gmt":"2011-10-30T17:43:40","guid":{"rendered":"https:\/\/www.oidossucios.com\/site\/2011\/10\/30\/vamos-a-tu-hotel-tema-inedito-de-gustavo-cerati\/"},"modified":"2011-10-30T17:43:40","modified_gmt":"2011-10-30T17:43:40","slug":"vamos-a-tu-hotel-tema-inedito-de-gustavo-cerati","status":"publish","type":"post","link":"https:\/\/www.oidossucios.com\/site\/vamos-a-tu-hotel-tema-inedito-de-gustavo-cerati\/","title":{"rendered":"&#8220;Vamos a tu hotel&#8221;, tema in\u00e9dito de Gustavo Cerati"},"content":{"rendered":"<div>Tomado de <a href=\"http:\/\/www.lmkshow.com\/2011\/10\/vamos-tu-hotel-el-tema-inedito-de.html\">La Mascarada<\/a><\/div>\n<div><\/div>\n<div>El 29 de octubre se recuerda el D\u00eda Mundial del ACV, la enfermedad que mantiene en vilo a Gustavo Cerati, quien sufri\u00f3 un accidente cerebrovascular en Caracas el 15 de mayo de 2010, y sigue &#8220;cl\u00ednicamente estable, sin cambios neurol\u00f3gicos significativos, con asistencia respiratoria mec\u00e1nica y un plan para retir\u00e1rselo en forma progresiva&#8221;, seg\u00fan el \u00faltimo parte que se emiti\u00f3 el 10 de mayo de este a\u00f1o.<\/div>\n<div><\/div>\n<div>Mientras sus fan\u00e1ticos rezan por su recuperaci\u00f3n, en Youtube sorprendi\u00f3 un tema in\u00e9dito que Cerati grab\u00f3 con el DJ alem\u00e1n Wunder, conocido tambi\u00e9n como Wechsel Garland o Jorg Fuller. La canci\u00f3n fue grabada entre los a\u00f1os 2002 y 2003.&nbsp;<\/div>\n<div>\n<p> <iframe loading=\"lazy\" width=\"560\" height=\"315\" src=\"http:\/\/www.youtube.com\/embed\/egTNMyxwrj0\" frameborder=\"0\" allowfullscreen=\"\"><\/iframe><\/div>\n","protected":false},"excerpt":{"rendered":"<p>Aparece un tema grabado por el argentino en el 2003 junto al DJ Wunder.<\/p>\n","protected":false},"author":4,"featured_media":0,"comment_status":"open","ping_status":"open","sticky":false,"template":"","format":"standard","meta":{"_jetpack_memberships_contains_paid_content":false,"footnotes":""},"categories":[142],"tags":[],"class_list":["post-4416","post","type-post","status-publish","format-standard","hentry","category-buzznews"],"jetpack_featured_media_url":"","yoast_head":"<!-- This site is optimized with the Yoast SEO plugin v14.0.4 - https:\/\/yoast.com\/wordpress\/plugins\/seo\/ -->\n<title>&quot;Vamos a tu hotel&quot;, tema in\u00e9dito de Gustavo Cerati - OidosSucios.Com<\/title>\n<meta name=\"description\" content=\"Aparece un tema grabado por el argentino en el 2003 junto al DJ Wunder.\" \/>\n<meta name=\"robots\" content=\"index, follow\" \/>\n<meta name=\"googlebot\" content=\"index, follow, max-snippet:-1, max-image-preview:large, max-video-preview:-1\" \/>\n<meta name=\"bingbot\" content=\"index, follow, max-snippet:-1, max-image-preview:large, max-video-preview:-1\" \/>\n<link rel=\"canonical\" href=\"https:\/\/www.oidossucios.com\/site\/vamos-a-tu-hotel-tema-inedito-de-gustavo-cerati\/\" \/>\n<meta property=\"og:locale\" content=\"es_ES\" \/>\n<meta property=\"og:type\" content=\"article\" \/>\n<meta property=\"og:title\" content=\"&quot;Vamos a tu hotel&quot;, tema in\u00e9dito de Gustavo Cerati - OidosSucios.Com\" \/>\n<meta property=\"og:description\" content=\"Aparece un tema grabado por el argentino en el 2003 junto al DJ Wunder.\" \/>\n<meta property=\"og:url\" content=\"https:\/\/www.oidossucios.com\/site\/vamos-a-tu-hotel-tema-inedito-de-gustavo-cerati\/\" \/>\n<meta property=\"og:site_name\" content=\"OidosSucios.Com\" \/>\n<meta property=\"article:published_time\" content=\"2011-10-30T17:43:40+00:00\" \/>\n<meta name=\"twitter:card\" content=\"summary_large_image\" \/>\n<meta name=\"twitter:creator\" content=\"@oidossucios\" \/>\n<script type=\"application\/ld+json\" class=\"yoast-schema-graph\">{\"@context\":\"https:\/\/schema.org\",\"@graph\":[{\"@type\":\"WebSite\",\"@id\":\"https:\/\/www.oidossucios.com\/site\/#website\",\"url\":\"https:\/\/www.oidossucios.com\/site\/\",\"name\":\"OidosSucios.Com\",\"description\":\"M\\u00fasica, conciertos, discos\",\"potentialAction\":[{\"@type\":\"SearchAction\",\"target\":\"https:\/\/www.oidossucios.com\/site\/?s={search_term_string}\",\"query-input\":\"required name=search_term_string\"}],\"inLanguage\":\"es\"},{\"@type\":\"WebPage\",\"@id\":\"https:\/\/www.oidossucios.com\/site\/vamos-a-tu-hotel-tema-inedito-de-gustavo-cerati\/#webpage\",\"url\":\"https:\/\/www.oidossucios.com\/site\/vamos-a-tu-hotel-tema-inedito-de-gustavo-cerati\/\",\"name\":\"\\\"Vamos a tu hotel\\\", tema in\\u00e9dito de Gustavo Cerati - OidosSucios.Com\",\"isPartOf\":{\"@id\":\"https:\/\/www.oidossucios.com\/site\/#website\"},\"datePublished\":\"2011-10-30T17:43:40+00:00\",\"dateModified\":\"2011-10-30T17:43:40+00:00\",\"author\":{\"@id\":\"https:\/\/www.oidossucios.com\/site\/#\/schema\/person\/24559eeb76bf83a63296fb072393a688\"},\"description\":\"Aparece un tema grabado por el argentino en el 2003 junto al DJ Wunder.\",\"inLanguage\":\"es\",\"potentialAction\":[{\"@type\":\"ReadAction\",\"target\":[\"https:\/\/www.oidossucios.com\/site\/vamos-a-tu-hotel-tema-inedito-de-gustavo-cerati\/\"]}]},{\"@type\":[\"Person\"],\"@id\":\"https:\/\/www.oidossucios.com\/site\/#\/schema\/person\/24559eeb76bf83a63296fb072393a688\",\"name\":\"Oidossucios\",\"image\":{\"@type\":\"ImageObject\",\"@id\":\"https:\/\/www.oidossucios.com\/site\/#personlogo\",\"inLanguage\":\"es\",\"url\":\"https:\/\/secure.gravatar.com\/avatar\/74fcb480f42f1a33e50a0b6e6369a3f907be2e43dc84fa5f76c66e9c22b4a5ab?s=96&d=mm&r=g\",\"caption\":\"Oidossucios\"},\"sameAs\":[\"https:\/\/twitter.com\/oidossucios\"]}]}<\/script>\n<!-- \/ Yoast SEO plugin. -->","jetpack_sharing_enabled":true,"_links":{"self":[{"href":"https:\/\/www.oidossucios.com\/site\/wp-json\/wp\/v2\/posts\/4416","targetHints":{"allow":["GET"]}}],"collection":[{"href":"https:\/\/www.oidossucios.com\/site\/wp-json\/wp\/v2\/posts"}],"about":[{"href":"https:\/\/www.oidossucios.com\/site\/wp-json\/wp\/v2\/types\/post"}],"author":[{"embeddable":true,"href":"https:\/\/www.oidossucios.com\/site\/wp-json\/wp\/v2\/users\/4"}],"replies":[{"embeddable":true,"href":"https:\/\/www.oidossucios.com\/site\/wp-json\/wp\/v2\/comments?post=4416"}],"version-history":[{"count":0,"href":"https:\/\/www.oidossucios.com\/site\/wp-json\/wp\/v2\/posts\/4416\/revisions"}],"wp:attachment":[{"href":"https:\/\/www.oidossucios.com\/site\/wp-json\/wp\/v2\/media?parent=4416"}],"wp:term":[{"taxonomy":"category","embeddable":true,"href":"https:\/\/www.oidossucios.com\/site\/wp-json\/wp\/v2\/categories?post=4416"},{"taxonomy":"post_tag","embeddable":true,"href":"https:\/\/www.oidossucios.com\/site\/wp-json\/wp\/v2\/tags?post=4416"}],"curies":[{"name":"wp","href":"https:\/\/api.w.org\/{rel}","templated":true}]}}