{"id":45,"date":"2009-04-22T23:55:30","date_gmt":"2009-04-22T23:55:30","guid":{"rendered":"https:\/\/www.oidossucios.com\/site\/2009\/04\/22\/dave-grohl-es-padre-por-segunda-vez\/"},"modified":"2009-04-22T23:55:30","modified_gmt":"2009-04-22T23:55:30","slug":"dave-grohl-es-padre-por-segunda-vez","status":"publish","type":"post","link":"https:\/\/www.oidossucios.com\/site\/dave-grohl-es-padre-por-segunda-vez\/","title":{"rendered":"Dave Grohl es padre por segunda vez"},"content":{"rendered":"<p>Dave Grohl, l\u00edder de Foo Fighters y ex baterista de Nirvana, tuvo a su segunda hija el pasado fin de semana, seg\u00fan inform\u00f3 en un comunicado.<\/p>\n<p>La beb\u00e9 lleva por nombre <strong>Harper Willow Grohl, naci\u00f3 el 17 de abril<\/strong>.<\/p>\n<p>Por su parte, Foo Fighters se encuentra actualmente en un per\u00edodo de descanso luego de la extensa gira que dieron para presentar su disco <strong>&#8216;Echoes, Silence, Patience &amp; Grace&#8217;<\/strong>.        <\/p>\n","protected":false},"excerpt":{"rendered":"<p>el L\u00edder de foo Fighters tuvo una hija el fin de semana pasado.<\/p>\n","protected":false},"author":4,"featured_media":0,"comment_status":"open","ping_status":"open","sticky":false,"template":"","format":"standard","meta":{"_jetpack_memberships_contains_paid_content":false,"footnotes":""},"categories":[142],"tags":[],"class_list":["post-45","post","type-post","status-publish","format-standard","hentry","category-buzznews"],"jetpack_featured_media_url":"","yoast_head":"<!-- This site is optimized with the Yoast SEO plugin v14.0.4 - https:\/\/yoast.com\/wordpress\/plugins\/seo\/ -->\n<title>Dave Grohl es padre por segunda vez - OidosSucios.Com<\/title>\n<meta name=\"description\" content=\"el L\u00edder de foo Fighters tuvo una hija el fin de semana pasado.\" \/>\n<meta name=\"robots\" content=\"index, follow\" \/>\n<meta name=\"googlebot\" content=\"index, follow, max-snippet:-1, max-image-preview:large, max-video-preview:-1\" \/>\n<meta name=\"bingbot\" content=\"index, follow, max-snippet:-1, max-image-preview:large, max-video-preview:-1\" \/>\n<link rel=\"canonical\" href=\"https:\/\/www.oidossucios.com\/site\/dave-grohl-es-padre-por-segunda-vez\/\" \/>\n<meta property=\"og:locale\" content=\"es_ES\" \/>\n<meta property=\"og:type\" content=\"article\" \/>\n<meta property=\"og:title\" content=\"Dave Grohl es padre por segunda vez - OidosSucios.Com\" \/>\n<meta property=\"og:description\" content=\"el L\u00edder de foo Fighters tuvo una hija el fin de semana pasado.\" \/>\n<meta property=\"og:url\" content=\"https:\/\/www.oidossucios.com\/site\/dave-grohl-es-padre-por-segunda-vez\/\" \/>\n<meta property=\"og:site_name\" content=\"OidosSucios.Com\" \/>\n<meta property=\"article:published_time\" content=\"2009-04-22T23:55:30+00:00\" \/>\n<meta name=\"twitter:card\" content=\"summary_large_image\" \/>\n<meta name=\"twitter:creator\" content=\"@oidossucios\" \/>\n<script type=\"application\/ld+json\" class=\"yoast-schema-graph\">{\"@context\":\"https:\/\/schema.org\",\"@graph\":[{\"@type\":\"WebSite\",\"@id\":\"https:\/\/www.oidossucios.com\/site\/#website\",\"url\":\"https:\/\/www.oidossucios.com\/site\/\",\"name\":\"OidosSucios.Com\",\"description\":\"M\\u00fasica, conciertos, discos\",\"potentialAction\":[{\"@type\":\"SearchAction\",\"target\":\"https:\/\/www.oidossucios.com\/site\/?s={search_term_string}\",\"query-input\":\"required name=search_term_string\"}],\"inLanguage\":\"es\"},{\"@type\":\"WebPage\",\"@id\":\"https:\/\/www.oidossucios.com\/site\/dave-grohl-es-padre-por-segunda-vez\/#webpage\",\"url\":\"https:\/\/www.oidossucios.com\/site\/dave-grohl-es-padre-por-segunda-vez\/\",\"name\":\"Dave Grohl es padre por segunda vez - OidosSucios.Com\",\"isPartOf\":{\"@id\":\"https:\/\/www.oidossucios.com\/site\/#website\"},\"datePublished\":\"2009-04-22T23:55:30+00:00\",\"dateModified\":\"2009-04-22T23:55:30+00:00\",\"author\":{\"@id\":\"https:\/\/www.oidossucios.com\/site\/#\/schema\/person\/24559eeb76bf83a63296fb072393a688\"},\"description\":\"el L\\u00edder de foo Fighters tuvo una hija el fin de semana pasado.\",\"inLanguage\":\"es\",\"potentialAction\":[{\"@type\":\"ReadAction\",\"target\":[\"https:\/\/www.oidossucios.com\/site\/dave-grohl-es-padre-por-segunda-vez\/\"]}]},{\"@type\":[\"Person\"],\"@id\":\"https:\/\/www.oidossucios.com\/site\/#\/schema\/person\/24559eeb76bf83a63296fb072393a688\",\"name\":\"Oidossucios\",\"image\":{\"@type\":\"ImageObject\",\"@id\":\"https:\/\/www.oidossucios.com\/site\/#personlogo\",\"inLanguage\":\"es\",\"url\":\"https:\/\/secure.gravatar.com\/avatar\/74fcb480f42f1a33e50a0b6e6369a3f907be2e43dc84fa5f76c66e9c22b4a5ab?s=96&d=mm&r=g\",\"caption\":\"Oidossucios\"},\"sameAs\":[\"https:\/\/twitter.com\/oidossucios\"]}]}<\/script>\n<!-- \/ Yoast SEO plugin. -->","jetpack_sharing_enabled":true,"_links":{"self":[{"href":"https:\/\/www.oidossucios.com\/site\/wp-json\/wp\/v2\/posts\/45","targetHints":{"allow":["GET"]}}],"collection":[{"href":"https:\/\/www.oidossucios.com\/site\/wp-json\/wp\/v2\/posts"}],"about":[{"href":"https:\/\/www.oidossucios.com\/site\/wp-json\/wp\/v2\/types\/post"}],"author":[{"embeddable":true,"href":"https:\/\/www.oidossucios.com\/site\/wp-json\/wp\/v2\/users\/4"}],"replies":[{"embeddable":true,"href":"https:\/\/www.oidossucios.com\/site\/wp-json\/wp\/v2\/comments?post=45"}],"version-history":[{"count":0,"href":"https:\/\/www.oidossucios.com\/site\/wp-json\/wp\/v2\/posts\/45\/revisions"}],"wp:attachment":[{"href":"https:\/\/www.oidossucios.com\/site\/wp-json\/wp\/v2\/media?parent=45"}],"wp:term":[{"taxonomy":"category","embeddable":true,"href":"https:\/\/www.oidossucios.com\/site\/wp-json\/wp\/v2\/categories?post=45"},{"taxonomy":"post_tag","embeddable":true,"href":"https:\/\/www.oidossucios.com\/site\/wp-json\/wp\/v2\/tags?post=45"}],"curies":[{"name":"wp","href":"https:\/\/api.w.org\/{rel}","templated":true}]}}