{"id":4557,"date":"2011-11-25T16:12:00","date_gmt":"2011-11-25T16:12:00","guid":{"rendered":"https:\/\/www.oidossucios.com\/site\/2011\/11\/25\/transmitiran-concierto-de-pearl-jam-en-mexico\/"},"modified":"2011-11-25T16:12:00","modified_gmt":"2011-11-25T16:12:00","slug":"transmitiran-concierto-de-pearl-jam-en-mexico","status":"publish","type":"post","link":"https:\/\/www.oidossucios.com\/site\/transmitiran-concierto-de-pearl-jam-en-mexico\/","title":{"rendered":"Transmitir\u00e1n concierto de Pearl Jam en M\u00e9xico"},"content":{"rendered":"\n<p>A pocas horas de que Pearl Jam se presente en el Foro Sol, de la Ciudad de M\u00e9xico, hay buenas noticias para quienes no podr\u00e1n asistir.<\/p>\n<p><\/p>\n<p>&nbsp;<\/p>\n<p>La estaci\u00f3n&nbsp;<a target=\"_blank\" href=\"http:\/\/www.siriusxm.com\/pearljamradio\" rel=\"noopener noreferrer\">SiriusXM Radio<\/a>&nbsp;transmitir\u00e1 la presentaci\u00f3n completa de la banda liderada por Eddie Vedder, hoy &nbsp;a las 16:00hrs., tiempo de M\u00e9xico., dando la posibilidad de escucharlo a lo largo del d\u00eda en caso de no poder ingresar en dicho horario.<\/p>\n<p><\/p>\n<p>Adem\u00e1s, dos horas antes (14:00hrs.) presentar\u00e1n tambi\u00e9n una entrevista con el director de la pel\u00edcula documental &#8220;Pearl Jam: Twenty&#8221;, Cameron Crowe. Uno de los mejores festejos para verdaderos fans de la banda.<\/p>\n<p><\/p>\n<p>&nbsp;<\/p>\n<p>Fuente: www.warp.la<\/p>\n","protected":false},"excerpt":{"rendered":"<p>A pocas horas de que Pearl Jam se presente en el Foro Sol, de la Ciudad de M\u00e9xico, hay buenas noticias para quienes no podr\u00e1n asistir. &nbsp; La estaci\u00f3n&nbsp;SiriusXM Radio&nbsp;transmitir\u00e1 la presentaci\u00f3n completa de la banda liderada por Eddie Vedder, hoy &nbsp;a las 16:00hrs., tiempo de M\u00e9xico., dando la posibilidad de escucharlo a lo largo [&hellip;]<\/p>\n","protected":false},"author":4,"featured_media":100004557,"comment_status":"open","ping_status":"open","sticky":false,"template":"","format":"standard","meta":{"_jetpack_memberships_contains_paid_content":false,"footnotes":""},"categories":[142],"tags":[],"class_list":["post-4557","post","type-post","status-publish","format-standard","has-post-thumbnail","hentry","category-buzznews"],"jetpack_featured_media_url":"https:\/\/www.oidossucios.com\/site\/wp-content\/uploads\/2011\/11\/4557.jpg","yoast_head":"<!-- This site is optimized with the Yoast SEO plugin v14.0.4 - https:\/\/yoast.com\/wordpress\/plugins\/seo\/ -->\n<title>Transmitir\u00e1n concierto de Pearl Jam en M\u00e9xico - OidosSucios.Com<\/title>\n<meta name=\"robots\" content=\"index, follow\" \/>\n<meta name=\"googlebot\" content=\"index, follow, max-snippet:-1, max-image-preview:large, max-video-preview:-1\" \/>\n<meta name=\"bingbot\" content=\"index, follow, max-snippet:-1, max-image-preview:large, max-video-preview:-1\" \/>\n<link rel=\"canonical\" href=\"https:\/\/www.oidossucios.com\/site\/transmitiran-concierto-de-pearl-jam-en-mexico\/\" \/>\n<meta property=\"og:locale\" content=\"es_ES\" \/>\n<meta property=\"og:type\" content=\"article\" \/>\n<meta property=\"og:title\" content=\"Transmitir\u00e1n concierto de Pearl Jam en M\u00e9xico - OidosSucios.Com\" \/>\n<meta property=\"og:description\" content=\"A pocas horas de que Pearl Jam se presente en el Foro Sol, de la Ciudad de M\u00e9xico, hay buenas noticias para quienes no podr\u00e1n asistir. &nbsp; La estaci\u00f3n&nbsp;SiriusXM Radio&nbsp;transmitir\u00e1 la presentaci\u00f3n completa de la banda liderada por Eddie Vedder, hoy &nbsp;a las 16:00hrs., tiempo de M\u00e9xico., dando la posibilidad de escucharlo a lo largo [&hellip;]\" \/>\n<meta property=\"og:url\" content=\"https:\/\/www.oidossucios.com\/site\/transmitiran-concierto-de-pearl-jam-en-mexico\/\" \/>\n<meta property=\"og:site_name\" content=\"OidosSucios.Com\" \/>\n<meta property=\"article:published_time\" content=\"2011-11-25T16:12:00+00:00\" \/>\n<meta property=\"og:image\" content=\"https:\/\/www.oidossucios.com\/site\/wp-content\/uploads\/2011\/11\/4557.jpg\" \/>\n\t<meta property=\"og:image:width\" content=\"350\" \/>\n\t<meta property=\"og:image:height\" content=\"300\" \/>\n<meta name=\"twitter:card\" content=\"summary_large_image\" \/>\n<meta name=\"twitter:creator\" content=\"@oidossucios\" \/>\n<script type=\"application\/ld+json\" class=\"yoast-schema-graph\">{\"@context\":\"https:\/\/schema.org\",\"@graph\":[{\"@type\":\"WebSite\",\"@id\":\"https:\/\/www.oidossucios.com\/site\/#website\",\"url\":\"https:\/\/www.oidossucios.com\/site\/\",\"name\":\"OidosSucios.Com\",\"description\":\"M\\u00fasica, conciertos, discos\",\"potentialAction\":[{\"@type\":\"SearchAction\",\"target\":\"https:\/\/www.oidossucios.com\/site\/?s={search_term_string}\",\"query-input\":\"required name=search_term_string\"}],\"inLanguage\":\"es\"},{\"@type\":\"ImageObject\",\"@id\":\"https:\/\/www.oidossucios.com\/site\/transmitiran-concierto-de-pearl-jam-en-mexico\/#primaryimage\",\"inLanguage\":\"es\",\"url\":\"https:\/\/www.oidossucios.com\/site\/wp-content\/uploads\/2011\/11\/4557.jpg\",\"width\":350,\"height\":300},{\"@type\":\"WebPage\",\"@id\":\"https:\/\/www.oidossucios.com\/site\/transmitiran-concierto-de-pearl-jam-en-mexico\/#webpage\",\"url\":\"https:\/\/www.oidossucios.com\/site\/transmitiran-concierto-de-pearl-jam-en-mexico\/\",\"name\":\"Transmitir\\u00e1n concierto de Pearl Jam en M\\u00e9xico - OidosSucios.Com\",\"isPartOf\":{\"@id\":\"https:\/\/www.oidossucios.com\/site\/#website\"},\"primaryImageOfPage\":{\"@id\":\"https:\/\/www.oidossucios.com\/site\/transmitiran-concierto-de-pearl-jam-en-mexico\/#primaryimage\"},\"datePublished\":\"2011-11-25T16:12:00+00:00\",\"dateModified\":\"2011-11-25T16:12:00+00:00\",\"author\":{\"@id\":\"https:\/\/www.oidossucios.com\/site\/#\/schema\/person\/24559eeb76bf83a63296fb072393a688\"},\"inLanguage\":\"es\",\"potentialAction\":[{\"@type\":\"ReadAction\",\"target\":[\"https:\/\/www.oidossucios.com\/site\/transmitiran-concierto-de-pearl-jam-en-mexico\/\"]}]},{\"@type\":[\"Person\"],\"@id\":\"https:\/\/www.oidossucios.com\/site\/#\/schema\/person\/24559eeb76bf83a63296fb072393a688\",\"name\":\"Oidossucios\",\"image\":{\"@type\":\"ImageObject\",\"@id\":\"https:\/\/www.oidossucios.com\/site\/#personlogo\",\"inLanguage\":\"es\",\"url\":\"https:\/\/secure.gravatar.com\/avatar\/74fcb480f42f1a33e50a0b6e6369a3f907be2e43dc84fa5f76c66e9c22b4a5ab?s=96&d=mm&r=g\",\"caption\":\"Oidossucios\"},\"sameAs\":[\"https:\/\/twitter.com\/oidossucios\"]}]}<\/script>\n<!-- \/ Yoast SEO plugin. -->","jetpack_sharing_enabled":true,"_links":{"self":[{"href":"https:\/\/www.oidossucios.com\/site\/wp-json\/wp\/v2\/posts\/4557","targetHints":{"allow":["GET"]}}],"collection":[{"href":"https:\/\/www.oidossucios.com\/site\/wp-json\/wp\/v2\/posts"}],"about":[{"href":"https:\/\/www.oidossucios.com\/site\/wp-json\/wp\/v2\/types\/post"}],"author":[{"embeddable":true,"href":"https:\/\/www.oidossucios.com\/site\/wp-json\/wp\/v2\/users\/4"}],"replies":[{"embeddable":true,"href":"https:\/\/www.oidossucios.com\/site\/wp-json\/wp\/v2\/comments?post=4557"}],"version-history":[{"count":0,"href":"https:\/\/www.oidossucios.com\/site\/wp-json\/wp\/v2\/posts\/4557\/revisions"}],"wp:featuredmedia":[{"embeddable":true,"href":"https:\/\/www.oidossucios.com\/site\/wp-json\/wp\/v2\/media\/100004557"}],"wp:attachment":[{"href":"https:\/\/www.oidossucios.com\/site\/wp-json\/wp\/v2\/media?parent=4557"}],"wp:term":[{"taxonomy":"category","embeddable":true,"href":"https:\/\/www.oidossucios.com\/site\/wp-json\/wp\/v2\/categories?post=4557"},{"taxonomy":"post_tag","embeddable":true,"href":"https:\/\/www.oidossucios.com\/site\/wp-json\/wp\/v2\/tags?post=4557"}],"curies":[{"name":"wp","href":"https:\/\/api.w.org\/{rel}","templated":true}]}}