{"id":4559,"date":"2011-11-25T17:15:00","date_gmt":"2011-11-25T17:15:00","guid":{"rendered":"https:\/\/www.oidossucios.com\/site\/2011\/11\/25\/adele-regresara-a-los-escenarios-en-diciembre\/"},"modified":"2011-11-25T17:15:00","modified_gmt":"2011-11-25T17:15:00","slug":"adele-regresara-a-los-escenarios-en-diciembre","status":"publish","type":"post","link":"https:\/\/www.oidossucios.com\/site\/adele-regresara-a-los-escenarios-en-diciembre\/","title":{"rendered":"Adele regresar\u00e1 a los escenarios en diciembre"},"content":{"rendered":"\n<p>Despu\u00e9s de su exitosa operaci\u00f3n de las cuerdas vocales, romper records de ventas este a\u00f1o y ganar tres galardones en los American Music Awards 2011, Adele confirm\u00f3 que volver\u00e1 a los escenarios el pr\u00f3ximo 11 de diciembre,&nbsp;en el Wembley Stadium de Londres.<\/p>\n<p><\/p>\n<p>La presentaci\u00f3n de la cantante brit\u00e1nica ser\u00e1 en la final del concurso musical y programa de televisi\u00f3n con m\u00e1s audiencia en el Reino Unido, &#8220;The X Factor UK&#8221;.<\/p>\n<p><\/p>\n<p>Este ha sido un a\u00f1o agridulce para Adele, por un lado ha vendido millones de copias alrededor del mundo y recibido excelentes cr\u00edticas de su disco <i>21<\/i>, pero tambi\u00e9n ha estado bastante d\u00e9bil de salud debido al desgaste de sus cuerdas vocales, que la han obligado a suspender diferentes conciertos. Por ello se someti\u00f3 a esta operaci\u00f3n que al parecer, la tendr\u00e1 de vuelta en las tarimas para este 11 de diciembre.<\/p>\n","protected":false},"excerpt":{"rendered":"<p>Adele confirm\u00f3 que volver\u00e1 a los escenarios el pr\u00f3ximo 11 de diciembre, en el Wembley Stadium de Londres.<\/p>\n","protected":false},"author":4,"featured_media":100004559,"comment_status":"open","ping_status":"open","sticky":false,"template":"","format":"standard","meta":{"_jetpack_memberships_contains_paid_content":false,"footnotes":""},"categories":[250],"tags":[],"class_list":["post-4559","post","type-post","status-publish","format-standard","has-post-thumbnail","hentry","category-noticias"],"jetpack_featured_media_url":"https:\/\/www.oidossucios.com\/site\/wp-content\/uploads\/2011\/11\/4559.jpg","yoast_head":"<!-- This site is optimized with the Yoast SEO plugin v14.0.4 - https:\/\/yoast.com\/wordpress\/plugins\/seo\/ -->\n<title>Adele regresar\u00e1 a los escenarios en diciembre - OidosSucios.Com<\/title>\n<meta name=\"description\" content=\"Adele confirm\u00f3 que volver\u00e1 a los escenarios el pr\u00f3ximo 11 de diciembre, en el Wembley Stadium de Londres.\" \/>\n<meta name=\"robots\" content=\"index, follow\" \/>\n<meta name=\"googlebot\" content=\"index, follow, max-snippet:-1, max-image-preview:large, max-video-preview:-1\" \/>\n<meta name=\"bingbot\" content=\"index, follow, max-snippet:-1, max-image-preview:large, max-video-preview:-1\" \/>\n<link rel=\"canonical\" href=\"https:\/\/www.oidossucios.com\/site\/adele-regresara-a-los-escenarios-en-diciembre\/\" \/>\n<meta property=\"og:locale\" content=\"es_ES\" \/>\n<meta property=\"og:type\" content=\"article\" \/>\n<meta property=\"og:title\" content=\"Adele regresar\u00e1 a los escenarios en diciembre - OidosSucios.Com\" \/>\n<meta property=\"og:description\" content=\"Adele confirm\u00f3 que volver\u00e1 a los escenarios el pr\u00f3ximo 11 de diciembre, en el Wembley Stadium de Londres.\" \/>\n<meta property=\"og:url\" content=\"https:\/\/www.oidossucios.com\/site\/adele-regresara-a-los-escenarios-en-diciembre\/\" \/>\n<meta property=\"og:site_name\" content=\"OidosSucios.Com\" \/>\n<meta property=\"article:published_time\" content=\"2011-11-25T17:15:00+00:00\" \/>\n<meta property=\"og:image\" content=\"https:\/\/www.oidossucios.com\/site\/wp-content\/uploads\/2011\/11\/4559.jpg\" \/>\n\t<meta property=\"og:image:width\" content=\"350\" \/>\n\t<meta property=\"og:image:height\" content=\"300\" \/>\n<meta name=\"twitter:card\" content=\"summary_large_image\" \/>\n<meta name=\"twitter:creator\" content=\"@oidossucios\" \/>\n<script type=\"application\/ld+json\" class=\"yoast-schema-graph\">{\"@context\":\"https:\/\/schema.org\",\"@graph\":[{\"@type\":\"WebSite\",\"@id\":\"https:\/\/www.oidossucios.com\/site\/#website\",\"url\":\"https:\/\/www.oidossucios.com\/site\/\",\"name\":\"OidosSucios.Com\",\"description\":\"M\\u00fasica, conciertos, discos\",\"potentialAction\":[{\"@type\":\"SearchAction\",\"target\":\"https:\/\/www.oidossucios.com\/site\/?s={search_term_string}\",\"query-input\":\"required name=search_term_string\"}],\"inLanguage\":\"es\"},{\"@type\":\"ImageObject\",\"@id\":\"https:\/\/www.oidossucios.com\/site\/adele-regresara-a-los-escenarios-en-diciembre\/#primaryimage\",\"inLanguage\":\"es\",\"url\":\"https:\/\/www.oidossucios.com\/site\/wp-content\/uploads\/2011\/11\/4559.jpg\",\"width\":350,\"height\":300},{\"@type\":\"WebPage\",\"@id\":\"https:\/\/www.oidossucios.com\/site\/adele-regresara-a-los-escenarios-en-diciembre\/#webpage\",\"url\":\"https:\/\/www.oidossucios.com\/site\/adele-regresara-a-los-escenarios-en-diciembre\/\",\"name\":\"Adele regresar\\u00e1 a los escenarios en diciembre - OidosSucios.Com\",\"isPartOf\":{\"@id\":\"https:\/\/www.oidossucios.com\/site\/#website\"},\"primaryImageOfPage\":{\"@id\":\"https:\/\/www.oidossucios.com\/site\/adele-regresara-a-los-escenarios-en-diciembre\/#primaryimage\"},\"datePublished\":\"2011-11-25T17:15:00+00:00\",\"dateModified\":\"2011-11-25T17:15:00+00:00\",\"author\":{\"@id\":\"https:\/\/www.oidossucios.com\/site\/#\/schema\/person\/24559eeb76bf83a63296fb072393a688\"},\"description\":\"Adele confirm\\u00f3 que volver\\u00e1 a los escenarios el pr\\u00f3ximo 11 de diciembre, en el Wembley Stadium de Londres.\",\"inLanguage\":\"es\",\"potentialAction\":[{\"@type\":\"ReadAction\",\"target\":[\"https:\/\/www.oidossucios.com\/site\/adele-regresara-a-los-escenarios-en-diciembre\/\"]}]},{\"@type\":[\"Person\"],\"@id\":\"https:\/\/www.oidossucios.com\/site\/#\/schema\/person\/24559eeb76bf83a63296fb072393a688\",\"name\":\"Oidossucios\",\"image\":{\"@type\":\"ImageObject\",\"@id\":\"https:\/\/www.oidossucios.com\/site\/#personlogo\",\"inLanguage\":\"es\",\"url\":\"https:\/\/secure.gravatar.com\/avatar\/74fcb480f42f1a33e50a0b6e6369a3f907be2e43dc84fa5f76c66e9c22b4a5ab?s=96&d=mm&r=g\",\"caption\":\"Oidossucios\"},\"sameAs\":[\"https:\/\/twitter.com\/oidossucios\"]}]}<\/script>\n<!-- \/ Yoast SEO plugin. -->","jetpack_sharing_enabled":true,"_links":{"self":[{"href":"https:\/\/www.oidossucios.com\/site\/wp-json\/wp\/v2\/posts\/4559","targetHints":{"allow":["GET"]}}],"collection":[{"href":"https:\/\/www.oidossucios.com\/site\/wp-json\/wp\/v2\/posts"}],"about":[{"href":"https:\/\/www.oidossucios.com\/site\/wp-json\/wp\/v2\/types\/post"}],"author":[{"embeddable":true,"href":"https:\/\/www.oidossucios.com\/site\/wp-json\/wp\/v2\/users\/4"}],"replies":[{"embeddable":true,"href":"https:\/\/www.oidossucios.com\/site\/wp-json\/wp\/v2\/comments?post=4559"}],"version-history":[{"count":0,"href":"https:\/\/www.oidossucios.com\/site\/wp-json\/wp\/v2\/posts\/4559\/revisions"}],"wp:featuredmedia":[{"embeddable":true,"href":"https:\/\/www.oidossucios.com\/site\/wp-json\/wp\/v2\/media\/100004559"}],"wp:attachment":[{"href":"https:\/\/www.oidossucios.com\/site\/wp-json\/wp\/v2\/media?parent=4559"}],"wp:term":[{"taxonomy":"category","embeddable":true,"href":"https:\/\/www.oidossucios.com\/site\/wp-json\/wp\/v2\/categories?post=4559"},{"taxonomy":"post_tag","embeddable":true,"href":"https:\/\/www.oidossucios.com\/site\/wp-json\/wp\/v2\/tags?post=4559"}],"curies":[{"name":"wp","href":"https:\/\/api.w.org\/{rel}","templated":true}]}}