{"id":4561,"date":"2011-11-25T18:50:00","date_gmt":"2011-11-25T18:50:00","guid":{"rendered":"https:\/\/www.oidossucios.com\/site\/2011\/11\/25\/martin-gore-y-vince-clarke-de-depeche-mode-forman-nueva-banda\/"},"modified":"2011-11-25T18:50:00","modified_gmt":"2011-11-25T18:50:00","slug":"martin-gore-y-vince-clarke-de-depeche-mode-forman-nueva-banda","status":"publish","type":"post","link":"https:\/\/www.oidossucios.com\/site\/martin-gore-y-vince-clarke-de-depeche-mode-forman-nueva-banda\/","title":{"rendered":"Martin Gore y Vince Clarke, de Depeche Mode, forman nueva banda"},"content":{"rendered":"\n<p>Martin Gore&nbsp;y&nbsp;Vince Clarke&nbsp;de&nbsp;Depeche Mode&nbsp;dieron a conocer que tienen un nuevo proyecto en conjunto, el cual se llamar\u00e1&nbsp;VCMG. Es la primera vez que el par hace m\u00fasica juntos desde que ambos estaban en&nbsp;Depeche Mode&nbsp;y hasta queClarke&nbsp;abandonara el grupo en 1981.&nbsp;<\/p>\n<p>El d\u00fao lanzar\u00e1 primero un&nbsp;EP&nbsp;de remixes titulado&nbsp;<i>Spook<\/i>, el cual estar\u00e1 disponible en el sitio web&nbsp;Beatport&nbsp;hasta el 30 de noviembre para posteriormente ser lanzado a la venta el 12 de diciembre. Tambi\u00e9n anunciaron que su disco debut, a\u00fan sin t\u00edtulo, saldr\u00e1 en alg\u00fan momento del a\u00f1o pr\u00f3ximo.&nbsp;<\/p>\n<p>Justo este a\u00f1o,&nbsp;Gore&nbsp;y&nbsp;Clarke&nbsp;se reconciliaron y declararon que trabajar\u00edan en un nuevo proyecto musical. &#8220;De la nada recib\u00ed un correo de Vince diciendo, \u0091Estoy interesado en hacer un disco techno. \u00bfTe gustar\u00eda colaborar? No hay presi\u00f3n ni fechas l\u00edmite\u0092. As\u00ed que le dije, \u0091OK\u0092, y eso es lo que hemos estado haciendo en los \u00faltimos seis meses&#8221;.&nbsp;<\/p>\n<p>&nbsp;<\/p>\n<p><\/p>\n<p>Fuente: www.rollingstone.com.mx<\/p>\n","protected":false},"excerpt":{"rendered":"<p>Martin Gore&nbsp;y&nbsp;Vince Clarke&nbsp;de&nbsp;Depeche Mode&nbsp;dieron a conocer que tienen un nuevo proyecto en conjunto, el cual se llamar\u00e1&nbsp;VCMG. Es la primera vez que el par hace m\u00fasica juntos desde que ambos estaban en&nbsp;Depeche Mode&nbsp;y hasta queClarke&nbsp;abandonara el grupo en 1981.&nbsp; El d\u00fao lanzar\u00e1 primero un&nbsp;EP&nbsp;de remixes titulado&nbsp;Spook, el cual estar\u00e1 disponible en el sitio web&nbsp;Beatport&nbsp;hasta el [&hellip;]<\/p>\n","protected":false},"author":4,"featured_media":100004561,"comment_status":"open","ping_status":"open","sticky":false,"template":"","format":"standard","meta":{"_jetpack_memberships_contains_paid_content":false,"footnotes":""},"categories":[142],"tags":[],"class_list":["post-4561","post","type-post","status-publish","format-standard","has-post-thumbnail","hentry","category-buzznews"],"jetpack_featured_media_url":"https:\/\/www.oidossucios.com\/site\/wp-content\/uploads\/2011\/11\/4561.jpg","yoast_head":"<!-- This site is optimized with the Yoast SEO plugin v14.0.4 - https:\/\/yoast.com\/wordpress\/plugins\/seo\/ -->\n<title>Martin Gore y Vince Clarke, de Depeche Mode, forman nueva banda - OidosSucios.Com<\/title>\n<meta name=\"robots\" content=\"index, follow\" \/>\n<meta name=\"googlebot\" content=\"index, follow, max-snippet:-1, max-image-preview:large, max-video-preview:-1\" \/>\n<meta name=\"bingbot\" content=\"index, follow, max-snippet:-1, max-image-preview:large, max-video-preview:-1\" \/>\n<link rel=\"canonical\" href=\"https:\/\/www.oidossucios.com\/site\/martin-gore-y-vince-clarke-de-depeche-mode-forman-nueva-banda\/\" \/>\n<meta property=\"og:locale\" content=\"es_ES\" \/>\n<meta property=\"og:type\" content=\"article\" \/>\n<meta property=\"og:title\" content=\"Martin Gore y Vince Clarke, de Depeche Mode, forman nueva banda - OidosSucios.Com\" \/>\n<meta property=\"og:description\" content=\"Martin Gore&nbsp;y&nbsp;Vince Clarke&nbsp;de&nbsp;Depeche Mode&nbsp;dieron a conocer que tienen un nuevo proyecto en conjunto, el cual se llamar\u00e1&nbsp;VCMG. Es la primera vez que el par hace m\u00fasica juntos desde que ambos estaban en&nbsp;Depeche Mode&nbsp;y hasta queClarke&nbsp;abandonara el grupo en 1981.&nbsp; El d\u00fao lanzar\u00e1 primero un&nbsp;EP&nbsp;de remixes titulado&nbsp;Spook, el cual estar\u00e1 disponible en el sitio web&nbsp;Beatport&nbsp;hasta el [&hellip;]\" \/>\n<meta property=\"og:url\" content=\"https:\/\/www.oidossucios.com\/site\/martin-gore-y-vince-clarke-de-depeche-mode-forman-nueva-banda\/\" \/>\n<meta property=\"og:site_name\" content=\"OidosSucios.Com\" \/>\n<meta property=\"article:published_time\" content=\"2011-11-25T18:50:00+00:00\" \/>\n<meta property=\"og:image\" content=\"https:\/\/www.oidossucios.com\/site\/wp-content\/uploads\/2011\/11\/4561.jpg\" \/>\n\t<meta property=\"og:image:width\" content=\"350\" \/>\n\t<meta property=\"og:image:height\" content=\"300\" \/>\n<meta name=\"twitter:card\" content=\"summary_large_image\" \/>\n<meta name=\"twitter:creator\" content=\"@oidossucios\" \/>\n<script type=\"application\/ld+json\" class=\"yoast-schema-graph\">{\"@context\":\"https:\/\/schema.org\",\"@graph\":[{\"@type\":\"WebSite\",\"@id\":\"https:\/\/www.oidossucios.com\/site\/#website\",\"url\":\"https:\/\/www.oidossucios.com\/site\/\",\"name\":\"OidosSucios.Com\",\"description\":\"M\\u00fasica, conciertos, discos\",\"potentialAction\":[{\"@type\":\"SearchAction\",\"target\":\"https:\/\/www.oidossucios.com\/site\/?s={search_term_string}\",\"query-input\":\"required name=search_term_string\"}],\"inLanguage\":\"es\"},{\"@type\":\"ImageObject\",\"@id\":\"https:\/\/www.oidossucios.com\/site\/martin-gore-y-vince-clarke-de-depeche-mode-forman-nueva-banda\/#primaryimage\",\"inLanguage\":\"es\",\"url\":\"https:\/\/www.oidossucios.com\/site\/wp-content\/uploads\/2011\/11\/4561.jpg\",\"width\":350,\"height\":300},{\"@type\":\"WebPage\",\"@id\":\"https:\/\/www.oidossucios.com\/site\/martin-gore-y-vince-clarke-de-depeche-mode-forman-nueva-banda\/#webpage\",\"url\":\"https:\/\/www.oidossucios.com\/site\/martin-gore-y-vince-clarke-de-depeche-mode-forman-nueva-banda\/\",\"name\":\"Martin Gore y Vince Clarke, de Depeche Mode, forman nueva banda - OidosSucios.Com\",\"isPartOf\":{\"@id\":\"https:\/\/www.oidossucios.com\/site\/#website\"},\"primaryImageOfPage\":{\"@id\":\"https:\/\/www.oidossucios.com\/site\/martin-gore-y-vince-clarke-de-depeche-mode-forman-nueva-banda\/#primaryimage\"},\"datePublished\":\"2011-11-25T18:50:00+00:00\",\"dateModified\":\"2011-11-25T18:50:00+00:00\",\"author\":{\"@id\":\"https:\/\/www.oidossucios.com\/site\/#\/schema\/person\/24559eeb76bf83a63296fb072393a688\"},\"inLanguage\":\"es\",\"potentialAction\":[{\"@type\":\"ReadAction\",\"target\":[\"https:\/\/www.oidossucios.com\/site\/martin-gore-y-vince-clarke-de-depeche-mode-forman-nueva-banda\/\"]}]},{\"@type\":[\"Person\"],\"@id\":\"https:\/\/www.oidossucios.com\/site\/#\/schema\/person\/24559eeb76bf83a63296fb072393a688\",\"name\":\"Oidossucios\",\"image\":{\"@type\":\"ImageObject\",\"@id\":\"https:\/\/www.oidossucios.com\/site\/#personlogo\",\"inLanguage\":\"es\",\"url\":\"https:\/\/secure.gravatar.com\/avatar\/74fcb480f42f1a33e50a0b6e6369a3f907be2e43dc84fa5f76c66e9c22b4a5ab?s=96&d=mm&r=g\",\"caption\":\"Oidossucios\"},\"sameAs\":[\"https:\/\/twitter.com\/oidossucios\"]}]}<\/script>\n<!-- \/ Yoast SEO plugin. -->","jetpack_sharing_enabled":true,"_links":{"self":[{"href":"https:\/\/www.oidossucios.com\/site\/wp-json\/wp\/v2\/posts\/4561","targetHints":{"allow":["GET"]}}],"collection":[{"href":"https:\/\/www.oidossucios.com\/site\/wp-json\/wp\/v2\/posts"}],"about":[{"href":"https:\/\/www.oidossucios.com\/site\/wp-json\/wp\/v2\/types\/post"}],"author":[{"embeddable":true,"href":"https:\/\/www.oidossucios.com\/site\/wp-json\/wp\/v2\/users\/4"}],"replies":[{"embeddable":true,"href":"https:\/\/www.oidossucios.com\/site\/wp-json\/wp\/v2\/comments?post=4561"}],"version-history":[{"count":0,"href":"https:\/\/www.oidossucios.com\/site\/wp-json\/wp\/v2\/posts\/4561\/revisions"}],"wp:featuredmedia":[{"embeddable":true,"href":"https:\/\/www.oidossucios.com\/site\/wp-json\/wp\/v2\/media\/100004561"}],"wp:attachment":[{"href":"https:\/\/www.oidossucios.com\/site\/wp-json\/wp\/v2\/media?parent=4561"}],"wp:term":[{"taxonomy":"category","embeddable":true,"href":"https:\/\/www.oidossucios.com\/site\/wp-json\/wp\/v2\/categories?post=4561"},{"taxonomy":"post_tag","embeddable":true,"href":"https:\/\/www.oidossucios.com\/site\/wp-json\/wp\/v2\/tags?post=4561"}],"curies":[{"name":"wp","href":"https:\/\/api.w.org\/{rel}","templated":true}]}}