{"id":4578,"date":"2011-11-28T21:03:00","date_gmt":"2011-11-28T21:03:00","guid":{"rendered":"https:\/\/www.oidossucios.com\/site\/2011\/11\/28\/el-drama-entre-gillman-y-su-ex-bajista\/"},"modified":"2011-11-28T21:03:00","modified_gmt":"2011-11-28T21:03:00","slug":"el-drama-entre-gillman-y-su-ex-bajista","status":"publish","type":"post","link":"https:\/\/www.oidossucios.com\/site\/el-drama-entre-gillman-y-su-ex-bajista\/","title":{"rendered":"El drama entre Gillman y su ex bajista"},"content":{"rendered":"<p>Durante las \u00faltimas semanas, a trav\u00e9s de las redes sociales oficiales de la banda Gillman, <b>se hizo oficial la salida del grupo del bajista Rodrigo L\u00f3pez<\/b>, recientemente firmado por la conocida marca Spector. Por ende, la banda realizar\u00eda sus pr\u00f3ximas presentaciones sin bajista.<\/p>\n<p>Posterior a esto,<b> L\u00f3pez publico una nota a trav\u00e9s de su Facebook oficial en la cual da su versi\u00f3n del porqu\u00e9 dej\u00f3 la banda y acusa al l\u00edder de la misma, Paul Gillman, de no ofrecerle una remuneraci\u00f3n econ\u00f3mica justa, de tildar el interior del pa\u00eds como &#8220;pueblos&#8221;<\/b> y de muchas cosas m\u00e1s.<\/p>\n<p>Gillman respondi\u00f3 el comunicado, <b>catalogando la carta de L\u00f3pez como un &#8220;acto terrorista&#8221;, de s\u00f3lo querer dinero y de &#8220;pobre diablo&#8221;.<\/b> <\/p>\n<p><b>A continuaci\u00f3n compartimos ambos comunicados<\/b>, primero el del bajista Rodrigo L\u00f3pez, y luego el de Paul Gillman. Otra historia del Rock Nacional:<\/p>\n<p><\/p>\n<p><\/p>\n<p><a href=\"http:\/\/www.facebook.com\/note.php?note_id=10150412727836089&amp;refid=52\"><b>Rodrigo L\u00f3pez:<\/b><\/a><\/p>\n<p>El tigre 24 de noviembre de 2011<\/p>\n<p>&nbsp;<\/p>\n<p>&nbsp;<\/p>\n<p>Querido p\u00fablico, fans, amigos y familiares,<\/p>\n<p>A continuaci\u00f3n les explico las razones de mi salida de la banda GILLMAN:<\/p>\n<p>&nbsp;<\/p>\n<p>Es muy f\u00e1cil opinar, insultar, se\u00f1alar, juzgar y tildar de &#8220;Impostor&#8221;, &#8220;Cobarde&#8221;, &#8220;Oportunista&#8221; y un sinf\u00edn de adjetivos descalificativos cuando no se conoce la otra versi\u00f3n. No intento con estas l\u00edneas hacer cambiar de opini\u00f3n a las personas que han emitido alg\u00fan tipo de opini\u00f3n a priori. Mi formaci\u00f3n personal y profesional me caracteriza en ser una persona frontal, sincera y sobre todo&nbsp;<strong>&#8220;VALIENTE&#8221;,<\/strong>&nbsp;a continuaci\u00f3n les presento&nbsp;<strong>MI VERDAD<\/strong>\u0085<\/p>\n<p>&nbsp;<\/p>\n<p>T\u00fa tienes el poder de los medios Paul Gillman, el poder de poner en los Facebook (los cuales abr\u00ed YO, ambos, porque seg\u00fan t\u00fa NO te hac\u00eda falta nada de eso), confundiendo a los fan\u00e1ticos asi\u00e9ndome quedar como un arrogante, egocentrista que de seguro las condiciones que exig\u00ed son &nbsp;imposibles de cumplir para satisfacer mis excentricidades, como lo es una simple habitaci\u00f3n de un hotel para hospedarme estos d\u00edas en Valencia para los venideros GILLMANFEST, ya que para los que no lo saben nac\u00ed, me crie y resido con mucho orgullo (en un&nbsp;<strong>pueblito<\/strong>, como as\u00ed lo llama Paul y s\u00e9 que por tu mente jam\u00e1s pasar\u00eda tocar en estas tierras, as\u00ed como me dijiste alg\u00fan d\u00eda que a quien le ibas a tocar en Puerto Ordaz si lo que hab\u00eda era puro indio para all\u00e1 abajo) llamado&nbsp;<strong>el Tigre, Edo. Anzo\u00e1tegui<\/strong>&nbsp;a 10 horas m\u00ednimo en bus de Valencia. Viaje que realizaba todos los fines de semana a fin de cumplir con los ensayos de la banda, cabe destacar que los gastos corr\u00edan por mi cuenta.<\/p>\n<p>&nbsp;<\/p>\n<p>Por otra parte, no existe incentivo alguno en la banda Gillman, en cambio se premia la ineptitud y la adulaci\u00f3n en vez de reconocer y motivar a la actitud positiva y pro-activa as\u00ed como a las sugerencias en pro de la banda. \u00bfC\u00f3mo puede una persona sentirse motivada y a gusto en un ambiente donde no se valora el esfuerzo y los sacrificios que se hagan para un bien com\u00fan? Fui el primer integrante en presentar un tema para el disco &#8220;Escalofrio 2&#8221; (en Septiembre del 2010). Horas y horas invertidas en viajes, ensayos, y en montar y grabar los temas para el disco &#8220;Tributo a los desconocidos&#8221; para que en Argentina fueran borradas mis l\u00edneas de bajos, sin consultarme y sin darme la oportunidad de enmendar alg\u00fan error que se pudiese encontrar, &nbsp;alegando que &#8220;Sonaba mal&#8221;.<\/p>\n<p>&nbsp;<\/p>\n<p>&nbsp;Culpo directamente al Sr. Arturo Guardia por su irresponsabilidad, al aceptar un trabajo que no sab\u00eda hacer solo para cobrar. De paso Paul estuvo en todo momento a mi lado a lo largo de toda la grabaci\u00f3n y al terminar mi trabajo fue aprobado por su persona. \u00bf 34 a\u00f1os de carrera y no sabes si un bajo esta mal grabado? No conforme con esto se le paga ($720.00) a un desconocido en Argentina para que grabe el bajo. \u00bfCu\u00e1nto se le pago a Rodrigo L\u00f3pez? Bs: 0.00. Quiero aclarar que NO soy quien aparece en el disco &#8220;Tributo a los desconocidos&#8221;, solo grabe las l\u00edneas de bajo de los temas: El curandero, Valiente y Misi\u00f3n Cumplida, que aparecen en el E.P &#8220;El Curandero&#8221; y aun as\u00ed se us\u00f3 mi imagen para el arte del mismo.<\/p>\n<p>&nbsp;<\/p>\n<p>Siempre mantuve una actitud pro-activa con respecto a la b\u00fasqueda de contactos para conciertos, una prueba muy clara fue el pasado Gillmanfest Cumana en el cual me vi directamente involucrado a la hora de hacer los respectivos contactos, fui YO quien le dio el n\u00famero de celular del ciudadano alcalde y ni las gracias recib\u00ed por eso. Todo lo contrario me encontr\u00e9 con una actitud esc\u00e9ptica para con la posibilidad de realizar un evento en dicha ciudad. (O pueblo como llamas a todo lo que no sea Caracas, Valencia o Maracay).<\/p>\n<p>&nbsp;<\/p>\n<p>Hace un par de semanas hice publico mi patrocinio por la marca SPECTOR, dicha noticia la envi\u00e9 al correo de Paul para su difusi\u00f3n, ya que era una noticia digna de conocerse debido a que pon\u00eda a la banda entre los nombres de las m\u00e1s famosas del mundo, y JAMAS la publico. Fui yo mismo en su casa quien lo hizo desde Banda Gillman 1 y 2. Esto es un logro&nbsp;<strong>&#8220;PERSONAL&#8221;,<\/strong>&nbsp;conseguido por&nbsp;<strong>MIS PROPIOS MEDIOS<\/strong>, banda Gillman&nbsp;<strong>NO<\/strong>&nbsp;movi\u00f3 un solo dedo para que esto ocurriese, inclusive cuando le dar\u00eda prestigio y reconocimiento internacional. Quisiera acotar que el haber recibido el patrocinio&nbsp;<strong>NO TIENE ABSOLUTAMENTE NADA QUE VER CON LOS PLANTEANMIENTO QUE LE HICE A LA ORGANIZACI\u00d3N,<\/strong>&nbsp;siempre deje claro mi deseo de permanecer en la banda.<\/p>\n<p>&nbsp;<\/p>\n<p>Y por supuesto hay un factor econ\u00f3mico de peso, debido a que existe una descompensaci\u00f3n salarial BRUTAL dentro de la organizaci\u00f3n, por la tanto solicite un aumento que se ajustara a mi realidad. Sin menospreciar el trabajo de nadie en el equipo t\u00e9cnico (muchos de ellos son mis amigos), sencillamente no estoy de acuerdo que personas que no invierten ni un cuarto de tiempo en comparaci\u00f3n como lo hacen los m\u00fasicos, nos dupliquen y hasta tripliquen en sueldo. No me da pena decirlo YO soy una persona&nbsp;<strong>HUMILDE<\/strong>, y sencillamente no me alcanzaba ese pago para cubrir con las actividades que la banda exige. Trate de mediar reiteradas veces, reuniones, informes, &nbsp;exposici\u00f3n de mi punto en persona y simplemente se negaron a entender una realidad. \u00bfD\u00f3nde est\u00e1 el socialismo que predican? \u00bfD\u00f3nde est\u00e1n las consideraciones para aquellos que nos cuesta m\u00e1s cumplir con las responsabilidades de la banda? Banda Gillman&nbsp;<strong>NO<\/strong>&nbsp;es una banda que reside en Valencia en su totalidad. Yo s\u00e9 que fue&nbsp;<strong>MI COMPROMISO<\/strong>&nbsp;(No tienes por qu\u00e9 sac\u00e1rmelo en cara, as\u00ed como me sacaron en cara la comida que daban cuando me daban hospedaje para los ensayos) al aceptar el puesto en la banda, pero creo que con humildad me gane mi puesto e hice y sacrifique lo que muchos ni pensar\u00edan hacer, por el simple hecho de que&nbsp;<strong>AMO AL METAL!!!<\/strong><\/p>\n<p>&nbsp;<\/p>\n<p>Me niego rotundamente a seguir viviendo en un mundo de fantas\u00edas, donde muy pocos se benefician con el trabajo de muchos. No puedo costear econ\u00f3micamente las actividades de la misma, mucho menos podr\u00eda pagar unas vacaciones para Europa por casi un mes (\u00bfVerdad Paul?)<\/p>\n<p>&nbsp;<\/p>\n<p>Aprovecho la oportunidad de agradecer a todas aquellas personas que me han apoyado en esta etapa de mi carrera, y a las innumerables llamadas y mensajes que he recibido en muestra de apoyo y solidaridad hasta el momento. No puedo tener consideraci\u00f3n con personas que&nbsp;<strong>JAMAS<\/strong><b>&nbsp;<\/b>las tuvieron para conmigo, y por eso pido disculpas a todas aquellas personas que se puedan sentir afectadas con esta situaci\u00f3n, esto no era lo que yo quer\u00eda, una vez m\u00e1s les digo que trate por todos los medios de encontrar una s<br \/>\noluci\u00f3n y se hizo caso omiso a mis sugerencias.<\/p>\n<p>&nbsp;<\/p>\n<p>&#8220;Live how you want, just don\u00b4t feed on me&#8221; (Vive como quieras, solo no te alimentes de mi)<\/p>\n<p>Chuck Schuldiner (DEATH)<\/p>\n<p>&nbsp;<\/p>\n<p>Sin m\u00e1s que hacer referencia me despido desde&nbsp;<strong>MI PUEBLO<\/strong>&nbsp;El tigre, Edo. Anzo\u00e1tegui,<\/p>\n<p>&nbsp;<\/p>\n<p>Rodrigo L\u00f3pez<\/p>\n<p>&#8212;&#8212;&#8212;&#8212;&#8212;&#8212;&#8212;&#8212;&#8212;&#8212;&#8212;&#8212;&#8212;&#8212;&#8212;&#8212;&#8212;&#8212;&#8212;&#8212;&#8212;&#8212;&#8212;&#8212;&#8212;&#8212;&#8212;&#8212;&#8212;&#8212;&#8211;&nbsp;<\/p>\n<p><\/p>\n<p><a href=\"http:\/\/www.facebook.com\/notes\/banda-gillman-ii\/las-razone-por-las-que-el-bajista-no-continu%C3%B3-en-la-banda\/198922406856676\"><b>Paul Gillman:<\/b><\/a><\/p>\n<h2>LAS RAZONE$$$$ POR LAS QUE EL BAJISTA NO CONTINU\u00d3 EN LA BANDA!!!<\/h2>\n<p>&nbsp;<\/p>\n<p>Buen d\u00eda VALIENTES!!!&nbsp;Debemos aclarar&nbsp; que en nuestro comunicado, nunca se insult\u00f3 ni ofendi\u00f3 a nadie, ni siquiera su nombre colocamos por ser respetuosos, no vamos a caer en el juego de este se\u00f1or, lo que en realidad interesa saber de lo sucedido, es la carta enviada por el mismo como un acto terrorista, a sabiendas de que &#8220;\u00c9L&#8221; pon\u00eda en juego el destino de 2 eventos que se realizan para ustedes, y cabe destacar que NO LE IMPORT\u00d3 \u00a1!! Lo que le import\u00f3 fue el $$$$&#8230; (Rockero que respeta a su p\u00fablico, toca llueve, truene o relampaguee, no se pone con c\u00f3micas!!!) Se los dejamos para que ustedes mismos saquen sus conclusiones, no vamos a atacar a una persona, como lo hizo este se\u00f1or, quien no le importaron los apoyos ni la intimidad de una familia que lo apoy\u00f3<\/p>\n<p>&nbsp;<\/p>\n<p>&#8211; &nbsp;<!--[endif]-->&#8220;Los esfuerzos en una banda se hacen en equipo, no cada uno por su lado!!&#8221;&nbsp;<\/p>\n<p><\/p>\n<p>&#8211; &nbsp;<!--[endif]-->A continuaci\u00f3n palabras Textuales del comunicado chantajista de este se\u00f1or:<\/p>\n<p><\/p>\n<p>&#8211; &nbsp;<!--[endif]-->&nbsp;<b>Lopez, Rodrigo. (2011). El Tigre, 5:06 pm &nbsp;d\u00eda mi\u00e9rcoles 23, leida a las 7pm del mismo. \u0096 &#8220;pido&nbsp; me sea cancelado (Transferencia bancaria) antes de los dos conciertos a realizarse este fin de semana,&nbsp; el toque que se me debe de Caracas &#8220;M\u00fasica Urbana&#8221; as\u00ed como los 2 Gillmanfest que se llevaran a cabo este 26 y 27 de Noviembre. Las 3 fechas por un monto de Bs: 8000.00 c\/u sumando un total de Bs: 24000.00. (NO NEGOCIABLE).Maximo&nbsp; un dos (2) antes de la presentaci\u00f3n.Mantener&nbsp; estas condiciones y pago a futuras presentaciones.&#8221;<\/b>&nbsp;&nbsp;<\/p>\n<p><\/p>\n<p>&#8211; &nbsp;<!--[endif]-->Esta no es la manera de abandonar a una banda y a sus fans\u0085. &#8221; VALIENTE , NO TRAICIONA SU LEALTAD, Y NO SE VENDE A LA SOCIEDAD\u0085&#8221; Como ver\u00e1n el ex integrante nos presion\u00f3 y no negociamos en estos t\u00e9rminos\u0085!!&nbsp;Los invitamos a disfrutar de c\u00f3mo una banda ante la adversidad no se rinde, sino que se LEVANTA Y PELEA!!! Nos vemos en los pr\u00f3ximos Gillmanfest que har\u00e1n historia!!!<\/p>\n<p><\/p>\n<p><b>Paul Gillman<\/b><\/p>\n<p><b><br \/><\/b><\/p>\n<p>&#8211; &nbsp;<!--[endif]-->PD: Los adjetivos despectivos como, tildar de &#8220;Indios&#8221; al honorable p\u00fablico de Pto Ordaz, solo est\u00e1 en la fantas\u00eda destructiva de este se\u00f1or, debido a que dice que no me he presentado en esa zona, lo cual es completamente falso, sino preguntenle a los que asistieron a los exitoso conciertos de la banda Gillman que all\u00ed se dieron en los 90s&#8230;..POBRE DIABLO&#8230;!!<\/p>\n<p><!--nextpage--><img decoding=\"async\" class=\"aligncenter size-medium wp-image-111114909\" src=\"https:\/\/www.oidossucios.com\/site\/wp-content\/uploads\/2020\/02\/4909.jpg\" alt=\"El drama entre Gillman y su ex bajista\"  \/><!--nextpage--><img decoding=\"async\" class=\"aligncenter size-medium wp-image-111114910\" src=\"https:\/\/www.oidossucios.com\/site\/wp-content\/uploads\/2020\/02\/4910.jpg\" alt=\"El drama entre Gillman y su ex bajista\"  \/><a href='https:\/\/www.oidossucios.com\/site\/el-drama-entre-gillman-y-su-ex-bajista\/2\/'\n                        onclick='if (tpsInstance) { tpsInstance.setNext(); return false; }'\n                        rel='next'\n                        style=''\n                        class=''>Ver galer\u00eda<\/a>]]><\/p>\n","protected":false},"excerpt":{"rendered":"<p>Durante las \u00faltimas semanas, a trav\u00e9s de las redes sociales oficiales de la banda Gillman, se hizo oficial la salida del grupo del bajista Rodrigo L\u00f3pez. Posterior a eso, ambas partes publicaron diferentes comunicados sobre la separaci\u00f3n, emitiendo fuertes acusaciones.<\/p>\n","protected":false},"author":4,"featured_media":100004578,"comment_status":"open","ping_status":"open","sticky":false,"template":"","format":"standard","meta":{"_jetpack_memberships_contains_paid_content":false,"footnotes":""},"categories":[250],"tags":[],"class_list":["post-4578","post","type-post","status-publish","format-standard","has-post-thumbnail","hentry","category-noticias"],"jetpack_featured_media_url":"https:\/\/www.oidossucios.com\/site\/wp-content\/uploads\/2011\/11\/4578.jpg","yoast_head":"<!-- This site is optimized with the Yoast SEO plugin v14.0.4 - https:\/\/yoast.com\/wordpress\/plugins\/seo\/ -->\n<title>El drama entre Gillman y su ex bajista - OidosSucios.Com<\/title>\n<meta name=\"description\" content=\"Durante las \u00faltimas semanas, a trav\u00e9s de las redes sociales oficiales de la banda Gillman, se hizo oficial la salida del grupo del bajista Rodrigo L\u00f3pez. Posterior a eso, ambas partes publicaron diferentes comunicados sobre la separaci\u00f3n, emitiendo fuertes acusaciones.\" \/>\n<meta name=\"robots\" content=\"index, follow\" \/>\n<meta name=\"googlebot\" content=\"index, follow, max-snippet:-1, max-image-preview:large, max-video-preview:-1\" \/>\n<meta name=\"bingbot\" content=\"index, follow, max-snippet:-1, max-image-preview:large, max-video-preview:-1\" \/>\n<link rel=\"canonical\" href=\"https:\/\/www.oidossucios.com\/site\/el-drama-entre-gillman-y-su-ex-bajista\/\" \/>\n<link rel=\"next\" href=\"https:\/\/www.oidossucios.com\/site\/el-drama-entre-gillman-y-su-ex-bajista\/2\/\" \/>\n<meta property=\"og:locale\" content=\"es_ES\" \/>\n<meta property=\"og:type\" content=\"article\" \/>\n<meta property=\"og:title\" content=\"El drama entre Gillman y su ex bajista - OidosSucios.Com\" \/>\n<meta property=\"og:description\" content=\"Durante las \u00faltimas semanas, a trav\u00e9s de las redes sociales oficiales de la banda Gillman, se hizo oficial la salida del grupo del bajista Rodrigo L\u00f3pez. Posterior a eso, ambas partes publicaron diferentes comunicados sobre la separaci\u00f3n, emitiendo fuertes acusaciones.\" \/>\n<meta property=\"og:url\" content=\"https:\/\/www.oidossucios.com\/site\/el-drama-entre-gillman-y-su-ex-bajista\/\" \/>\n<meta property=\"og:site_name\" content=\"OidosSucios.Com\" \/>\n<meta property=\"article:published_time\" content=\"2011-11-28T21:03:00+00:00\" \/>\n<meta property=\"og:image\" content=\"https:\/\/www.oidossucios.com\/site\/wp-content\/uploads\/2011\/11\/4578.jpg\" \/>\n\t<meta property=\"og:image:width\" content=\"350\" \/>\n\t<meta property=\"og:image:height\" content=\"300\" \/>\n<meta name=\"twitter:card\" content=\"summary_large_image\" \/>\n<meta name=\"twitter:creator\" content=\"@oidossucios\" \/>\n<script type=\"application\/ld+json\" class=\"yoast-schema-graph\">{\"@context\":\"https:\/\/schema.org\",\"@graph\":[{\"@type\":\"WebSite\",\"@id\":\"https:\/\/www.oidossucios.com\/site\/#website\",\"url\":\"https:\/\/www.oidossucios.com\/site\/\",\"name\":\"OidosSucios.Com\",\"description\":\"M\\u00fasica, conciertos, discos\",\"potentialAction\":[{\"@type\":\"SearchAction\",\"target\":\"https:\/\/www.oidossucios.com\/site\/?s={search_term_string}\",\"query-input\":\"required name=search_term_string\"}],\"inLanguage\":\"es\"},{\"@type\":\"ImageObject\",\"@id\":\"https:\/\/www.oidossucios.com\/site\/el-drama-entre-gillman-y-su-ex-bajista\/#primaryimage\",\"inLanguage\":\"es\",\"url\":\"https:\/\/www.oidossucios.com\/site\/wp-content\/uploads\/2011\/11\/4578.jpg\",\"width\":350,\"height\":300},{\"@type\":\"WebPage\",\"@id\":\"https:\/\/www.oidossucios.com\/site\/el-drama-entre-gillman-y-su-ex-bajista\/#webpage\",\"url\":\"https:\/\/www.oidossucios.com\/site\/el-drama-entre-gillman-y-su-ex-bajista\/\",\"name\":\"El drama entre Gillman y su ex bajista - OidosSucios.Com\",\"isPartOf\":{\"@id\":\"https:\/\/www.oidossucios.com\/site\/#website\"},\"primaryImageOfPage\":{\"@id\":\"https:\/\/www.oidossucios.com\/site\/el-drama-entre-gillman-y-su-ex-bajista\/#primaryimage\"},\"datePublished\":\"2011-11-28T21:03:00+00:00\",\"dateModified\":\"2011-11-28T21:03:00+00:00\",\"author\":{\"@id\":\"https:\/\/www.oidossucios.com\/site\/#\/schema\/person\/24559eeb76bf83a63296fb072393a688\"},\"description\":\"Durante las \\u00faltimas semanas, a trav\\u00e9s de las redes sociales oficiales de la banda Gillman, se hizo oficial la salida del grupo del bajista Rodrigo L\\u00f3pez. Posterior a eso, ambas partes publicaron diferentes comunicados sobre la separaci\\u00f3n, emitiendo fuertes acusaciones.\",\"inLanguage\":\"es\",\"potentialAction\":[{\"@type\":\"ReadAction\",\"target\":[\"https:\/\/www.oidossucios.com\/site\/el-drama-entre-gillman-y-su-ex-bajista\/\"]}]},{\"@type\":[\"Person\"],\"@id\":\"https:\/\/www.oidossucios.com\/site\/#\/schema\/person\/24559eeb76bf83a63296fb072393a688\",\"name\":\"Oidossucios\",\"image\":{\"@type\":\"ImageObject\",\"@id\":\"https:\/\/www.oidossucios.com\/site\/#personlogo\",\"inLanguage\":\"es\",\"url\":\"https:\/\/secure.gravatar.com\/avatar\/74fcb480f42f1a33e50a0b6e6369a3f907be2e43dc84fa5f76c66e9c22b4a5ab?s=96&d=mm&r=g\",\"caption\":\"Oidossucios\"},\"sameAs\":[\"https:\/\/twitter.com\/oidossucios\"]}]}<\/script>\n<!-- \/ Yoast SEO plugin. -->","jetpack_sharing_enabled":true,"_links":{"self":[{"href":"https:\/\/www.oidossucios.com\/site\/wp-json\/wp\/v2\/posts\/4578","targetHints":{"allow":["GET"]}}],"collection":[{"href":"https:\/\/www.oidossucios.com\/site\/wp-json\/wp\/v2\/posts"}],"about":[{"href":"https:\/\/www.oidossucios.com\/site\/wp-json\/wp\/v2\/types\/post"}],"author":[{"embeddable":true,"href":"https:\/\/www.oidossucios.com\/site\/wp-json\/wp\/v2\/users\/4"}],"replies":[{"embeddable":true,"href":"https:\/\/www.oidossucios.com\/site\/wp-json\/wp\/v2\/comments?post=4578"}],"version-history":[{"count":0,"href":"https:\/\/www.oidossucios.com\/site\/wp-json\/wp\/v2\/posts\/4578\/revisions"}],"wp:featuredmedia":[{"embeddable":true,"href":"https:\/\/www.oidossucios.com\/site\/wp-json\/wp\/v2\/media\/100004578"}],"wp:attachment":[{"href":"https:\/\/www.oidossucios.com\/site\/wp-json\/wp\/v2\/media?parent=4578"}],"wp:term":[{"taxonomy":"category","embeddable":true,"href":"https:\/\/www.oidossucios.com\/site\/wp-json\/wp\/v2\/categories?post=4578"},{"taxonomy":"post_tag","embeddable":true,"href":"https:\/\/www.oidossucios.com\/site\/wp-json\/wp\/v2\/tags?post=4578"}],"curies":[{"name":"wp","href":"https:\/\/api.w.org\/{rel}","templated":true}]}}