{"id":4645,"date":"2011-12-12T04:24:00","date_gmt":"2011-12-12T04:24:00","guid":{"rendered":"https:\/\/www.oidossucios.com\/site\/2011\/12\/12\/escucha-chimes-of-freedom-el-disco-tributo-a-bob-dylan\/"},"modified":"2011-12-12T04:24:00","modified_gmt":"2011-12-12T04:24:00","slug":"escucha-chimes-of-freedom-el-disco-tributo-a-bob-dylan","status":"publish","type":"post","link":"https:\/\/www.oidossucios.com\/site\/escucha-chimes-of-freedom-el-disco-tributo-a-bob-dylan\/","title":{"rendered":"Escucha &#8220;Chimes Of Freedom&#8221; el disco tributo a Bob Dylan"},"content":{"rendered":"\n<p>Como hab\u00edamos anunciado, Amnist\u00eda Internacional lanzar\u00e1 el disco <i>Chimes Of Freedom: Songs Of Bob Dylan Honoring 50 Years Of Amnesty International<\/i>; la raz\u00f3n est\u00e1 m\u00e1s que dicha en el t\u00edtulo: la celebraci\u00f3n del medio siglo de dicho organismo.<\/p>\n<p>Sin embargo, antes de que llegue a los estantes el pr\u00f3ximo 24 de enero (en Estados Unidos) y 30 del mismo mes (en el resto del mundo), el \u00e1lbum de 75 cortes puede ser escuchado a trav\u00e9s del sitio oficial de Amnist\u00eda Internacional en&nbsp;<a target=\"_blank\" href=\"https:\/\/www.facebook.com\/amnestyusa?sk=app_115392725211599\" rel=\"noopener noreferrer\">Facebook<\/a>.<\/p>\n<p>En el&nbsp;<a target=\"_blank\" href=\"http:\/\/oidossucios.com\/noticias\/4548\/tracklist-completo-de-quot-chimes-of-freedom\/\" rel=\"noopener noreferrer\">listado completo<\/a>&nbsp;de canciones que componen este material se encuentra la aportaci\u00f3n de m\u00fasicos como Patti Smith, Pete Townshend, Mariachi El Bronx, My Morning Jacket y Adele, y el dinero que se recaude de las ventas ser\u00e1 destinado al organismo internacional.&nbsp;<\/p>\n<p>&nbsp;<\/p>\n<p><\/p>\n<p>Fuente: www.warp.la<\/p>\n<p><!--nextpage--><img decoding=\"async\" class=\"aligncenter size-medium wp-image-111115003\" src=\"https:\/\/www.oidossucios.com\/site\/wp-content\/uploads\/2020\/02\/5003.jpg\" alt=\"Escucha \"Chimes Of Freedom\" el disco tributo a Bob Dylan\"  \/><a href='https:\/\/www.oidossucios.com\/site\/escucha-chimes-of-freedom-el-disco-tributo-a-bob-dylan\/2\/'\n                        onclick='if (tpsInstance) { tpsInstance.setNext(); return false; }'\n                        rel='next'\n                        style=''\n                        class=''>Ver galer\u00eda<\/a>]]><\/p>\n","protected":false},"excerpt":{"rendered":"<p>Como hab\u00edamos anunciado, Amnist\u00eda Internacional lanzar\u00e1 el disco Chimes Of Freedom: Songs Of Bob Dylan Honoring 50 Years Of Amnesty International; la raz\u00f3n est\u00e1 m\u00e1s que dicha en el t\u00edtulo: la celebraci\u00f3n del medio siglo de dicho organismo. Sin embargo, antes de que llegue a los estantes el pr\u00f3ximo 24 de enero (en Estados Unidos) [&hellip;]<\/p>\n","protected":false},"author":4,"featured_media":100004644,"comment_status":"open","ping_status":"open","sticky":false,"template":"","format":"standard","meta":{"_jetpack_memberships_contains_paid_content":false,"footnotes":""},"categories":[142],"tags":[],"class_list":["post-4645","post","type-post","status-publish","format-standard","has-post-thumbnail","hentry","category-buzznews"],"jetpack_featured_media_url":"https:\/\/www.oidossucios.com\/site\/wp-content\/uploads\/2011\/12\/4644.jpg","yoast_head":"<!-- This site is optimized with the Yoast SEO plugin v14.0.4 - https:\/\/yoast.com\/wordpress\/plugins\/seo\/ -->\n<title>Escucha &quot;Chimes Of Freedom&quot; el disco tributo a Bob Dylan - OidosSucios.Com<\/title>\n<meta name=\"robots\" content=\"index, follow\" \/>\n<meta name=\"googlebot\" content=\"index, follow, max-snippet:-1, max-image-preview:large, max-video-preview:-1\" \/>\n<meta name=\"bingbot\" content=\"index, follow, max-snippet:-1, max-image-preview:large, max-video-preview:-1\" \/>\n<link rel=\"canonical\" href=\"https:\/\/www.oidossucios.com\/site\/escucha-chimes-of-freedom-el-disco-tributo-a-bob-dylan\/\" \/>\n<link rel=\"next\" href=\"https:\/\/www.oidossucios.com\/site\/escucha-chimes-of-freedom-el-disco-tributo-a-bob-dylan\/2\/\" \/>\n<meta property=\"og:locale\" content=\"es_ES\" \/>\n<meta property=\"og:type\" content=\"article\" \/>\n<meta property=\"og:title\" content=\"Escucha &quot;Chimes Of Freedom&quot; el disco tributo a Bob Dylan - OidosSucios.Com\" \/>\n<meta property=\"og:description\" content=\"Como hab\u00edamos anunciado, Amnist\u00eda Internacional lanzar\u00e1 el disco Chimes Of Freedom: Songs Of Bob Dylan Honoring 50 Years Of Amnesty International; la raz\u00f3n est\u00e1 m\u00e1s que dicha en el t\u00edtulo: la celebraci\u00f3n del medio siglo de dicho organismo. Sin embargo, antes de que llegue a los estantes el pr\u00f3ximo 24 de enero (en Estados Unidos) [&hellip;]\" \/>\n<meta property=\"og:url\" content=\"https:\/\/www.oidossucios.com\/site\/escucha-chimes-of-freedom-el-disco-tributo-a-bob-dylan\/\" \/>\n<meta property=\"og:site_name\" content=\"OidosSucios.Com\" \/>\n<meta property=\"article:published_time\" content=\"2011-12-12T04:24:00+00:00\" \/>\n<meta property=\"og:image\" content=\"https:\/\/www.oidossucios.com\/site\/wp-content\/uploads\/2011\/12\/4644.jpg\" \/>\n\t<meta property=\"og:image:width\" content=\"350\" \/>\n\t<meta property=\"og:image:height\" content=\"300\" \/>\n<meta name=\"twitter:card\" content=\"summary_large_image\" \/>\n<meta name=\"twitter:creator\" content=\"@oidossucios\" \/>\n<script type=\"application\/ld+json\" class=\"yoast-schema-graph\">{\"@context\":\"https:\/\/schema.org\",\"@graph\":[{\"@type\":\"WebSite\",\"@id\":\"https:\/\/www.oidossucios.com\/site\/#website\",\"url\":\"https:\/\/www.oidossucios.com\/site\/\",\"name\":\"OidosSucios.Com\",\"description\":\"M\\u00fasica, conciertos, discos\",\"potentialAction\":[{\"@type\":\"SearchAction\",\"target\":\"https:\/\/www.oidossucios.com\/site\/?s={search_term_string}\",\"query-input\":\"required name=search_term_string\"}],\"inLanguage\":\"es\"},{\"@type\":\"ImageObject\",\"@id\":\"https:\/\/www.oidossucios.com\/site\/escucha-chimes-of-freedom-el-disco-tributo-a-bob-dylan\/#primaryimage\",\"inLanguage\":\"es\",\"url\":\"https:\/\/www.oidossucios.com\/site\/wp-content\/uploads\/2011\/12\/4644.jpg\",\"width\":350,\"height\":300},{\"@type\":\"WebPage\",\"@id\":\"https:\/\/www.oidossucios.com\/site\/escucha-chimes-of-freedom-el-disco-tributo-a-bob-dylan\/#webpage\",\"url\":\"https:\/\/www.oidossucios.com\/site\/escucha-chimes-of-freedom-el-disco-tributo-a-bob-dylan\/\",\"name\":\"Escucha \\\"Chimes Of Freedom\\\" el disco tributo a Bob Dylan - OidosSucios.Com\",\"isPartOf\":{\"@id\":\"https:\/\/www.oidossucios.com\/site\/#website\"},\"primaryImageOfPage\":{\"@id\":\"https:\/\/www.oidossucios.com\/site\/escucha-chimes-of-freedom-el-disco-tributo-a-bob-dylan\/#primaryimage\"},\"datePublished\":\"2011-12-12T04:24:00+00:00\",\"dateModified\":\"2011-12-12T04:24:00+00:00\",\"author\":{\"@id\":\"https:\/\/www.oidossucios.com\/site\/#\/schema\/person\/24559eeb76bf83a63296fb072393a688\"},\"inLanguage\":\"es\",\"potentialAction\":[{\"@type\":\"ReadAction\",\"target\":[\"https:\/\/www.oidossucios.com\/site\/escucha-chimes-of-freedom-el-disco-tributo-a-bob-dylan\/\"]}]},{\"@type\":[\"Person\"],\"@id\":\"https:\/\/www.oidossucios.com\/site\/#\/schema\/person\/24559eeb76bf83a63296fb072393a688\",\"name\":\"Oidossucios\",\"image\":{\"@type\":\"ImageObject\",\"@id\":\"https:\/\/www.oidossucios.com\/site\/#personlogo\",\"inLanguage\":\"es\",\"url\":\"https:\/\/secure.gravatar.com\/avatar\/74fcb480f42f1a33e50a0b6e6369a3f907be2e43dc84fa5f76c66e9c22b4a5ab?s=96&d=mm&r=g\",\"caption\":\"Oidossucios\"},\"sameAs\":[\"https:\/\/twitter.com\/oidossucios\"]}]}<\/script>\n<!-- \/ Yoast SEO plugin. -->","jetpack_sharing_enabled":true,"_links":{"self":[{"href":"https:\/\/www.oidossucios.com\/site\/wp-json\/wp\/v2\/posts\/4645","targetHints":{"allow":["GET"]}}],"collection":[{"href":"https:\/\/www.oidossucios.com\/site\/wp-json\/wp\/v2\/posts"}],"about":[{"href":"https:\/\/www.oidossucios.com\/site\/wp-json\/wp\/v2\/types\/post"}],"author":[{"embeddable":true,"href":"https:\/\/www.oidossucios.com\/site\/wp-json\/wp\/v2\/users\/4"}],"replies":[{"embeddable":true,"href":"https:\/\/www.oidossucios.com\/site\/wp-json\/wp\/v2\/comments?post=4645"}],"version-history":[{"count":0,"href":"https:\/\/www.oidossucios.com\/site\/wp-json\/wp\/v2\/posts\/4645\/revisions"}],"wp:featuredmedia":[{"embeddable":true,"href":"https:\/\/www.oidossucios.com\/site\/wp-json\/wp\/v2\/media\/100004644"}],"wp:attachment":[{"href":"https:\/\/www.oidossucios.com\/site\/wp-json\/wp\/v2\/media?parent=4645"}],"wp:term":[{"taxonomy":"category","embeddable":true,"href":"https:\/\/www.oidossucios.com\/site\/wp-json\/wp\/v2\/categories?post=4645"},{"taxonomy":"post_tag","embeddable":true,"href":"https:\/\/www.oidossucios.com\/site\/wp-json\/wp\/v2\/tags?post=4645"}],"curies":[{"name":"wp","href":"https:\/\/api.w.org\/{rel}","templated":true}]}}