{"id":47,"date":"2009-04-23T02:55:58","date_gmt":"2009-04-23T02:55:58","guid":{"rendered":"https:\/\/www.oidossucios.com\/site\/2009\/04\/23\/continuan-los-ciclos-jueves-d-arte-en-el-cafe-rajatabla\/"},"modified":"2009-04-23T02:55:58","modified_gmt":"2009-04-23T02:55:58","slug":"continuan-los-ciclos-jueves-d-arte-en-el-cafe-rajatabla","status":"publish","type":"post","link":"https:\/\/www.oidossucios.com\/site\/continuan-los-ciclos-jueves-d-arte-en-el-cafe-rajatabla\/","title":{"rendered":"Contin\u00faan los ciclos Jueves D&#8217; Arte en el Caf\u00e9 Rajatabla"},"content":{"rendered":"<p><font color=#ff00ff size=2><font color=#ff00ff size=2> <\/p>\n<p style=\"TEXT-ALIGN: justify; MARGIN: 0cm 0cm 0pt\" class=MsoNormal><span style=\"FONT-FAMILY: 'Calibri', 'sans-serif'; COLOR: #444444; FONT-SIZE: 11pt; mso-ascii-theme-font: minor-latin; mso-hansi-theme-font: minor-latin; mso-bidi-font-family: 'Segoe UI'\" lang=ES-TRAD>La banda Encuentro Casual se presentar\u00e1 este 23 de abril en el Caf\u00e9 Rajatabla del Ateneo de Caracas en su ciclo Jueves D\u0092 Arte, el cual se realiza todas las semanas <\/span><span style=\"FONT-FAMILY: 'Calibri', 'sans-serif'; FONT-SIZE: 11pt; mso-ascii-theme-font: minor-latin; mso-hansi-theme-font: minor-latin; mso-bidi-font-family: 'Microsoft Sans Serif'; mso-fareast-language: ES; mso-ansi-language: ES; mso-bidi-font-weight: bold\"><font color=#000000>como una forma de apoyar a la movida musical emergente.<?xml:namespace prefix = o ns = \"urn:schemas-microsoft-com:office:office\" \/><o:p><\/o:p><\/font><\/span><\/p>\n<p style=\"TEXT-ALIGN: justify; MARGIN: 0cm 0cm 0pt\" class=MsoNormal><span style=\"FONT-FAMILY: 'Calibri', 'sans-serif'; FONT-SIZE: 11pt; mso-ascii-theme-font: minor-latin; mso-hansi-theme-font: minor-latin; mso-bidi-font-family: 'Microsoft Sans Serif'; mso-fareast-language: ES; mso-ansi-language: ES; mso-bidi-font-weight: bold\"><o:p><font color=#000000>&nbsp;<\/font><\/o:p><\/span><\/p>\n<p style=\"MARGIN: 0cm 0.9pt 0pt 0cm; tab-stops: 36.0pt; mso-layout-grid-align: none\" class=MsoNormal><span style=\"FONT-FAMILY: 'Calibri', 'sans-serif'; COLOR: #444444; FONT-SIZE: 11pt; mso-ascii-theme-font: minor-latin; mso-hansi-theme-font: minor-latin; mso-bidi-font-family: 'Segoe UI'; mso-ansi-language: ES\">En esta edici\u00f3n, la fusi\u00f3n urbana de Encuentro Casual dar\u00e1 un show <\/span><span style=\"FONT-FAMILY: 'Calibri', 'sans-serif'; FONT-SIZE: 11pt; mso-ascii-theme-font: minor-latin; mso-hansi-theme-font: minor-latin\" lang=ES-TRAD><font color=#000000>con ritmos que se pasear\u00e1n entre el pop rock, balada, country, reggae, ska, rap y algunas influencias de la m\u00fasica espa\u00f1ola.<o:p><\/o:p><\/font><\/span><\/p>\n<p style=\"MARGIN: 0cm 0.9pt 0pt 0cm; tab-stops: 36.0pt; mso-layout-grid-align: none\" class=MsoNormal><span style=\"FONT-FAMILY: 'Calibri', 'sans-serif'; FONT-SIZE: 11pt; mso-ascii-theme-font: minor-latin; mso-hansi-theme-font: minor-latin\" lang=ES-TRAD><o:p><font color=#000000>&nbsp;<\/font><\/o:p><\/span><\/p>\n<p style=\"MARGIN: 0cm 0.9pt 0pt 0cm; tab-stops: 36.0pt; mso-layout-grid-align: none\" class=MsoNormal><span style=\"FONT-FAMILY: 'Calibri', 'sans-serif'; FONT-SIZE: 11pt; mso-ascii-theme-font: minor-latin; mso-hansi-theme-font: minor-latin\" lang=ES-TRAD><font color=#000000>Adem\u00e1s de la presentaci\u00f3n de esta banda nacional, se podr\u00e1n disfrutar de performances teatrales que ya son propias de este ciclo.<\/font><\/span><span style=\"FONT-FAMILY: 'Calibri', 'sans-serif'; FONT-SIZE: 11pt; mso-ascii-theme-font: minor-latin; mso-hansi-theme-font: minor-latin; mso-ansi-language: ES-VE\" lang=ES-VE><o:p><\/o:p><\/span><\/p>\n<p>&nbsp;<\/p>\n<p><\/font><\/font><\/p>\n","protected":false},"excerpt":{"rendered":"<p>La agrupaci\u00f3n venezolana Encuentro Casual tocar\u00e1 el 23 de abril en el ciclo del Caf\u00e9 Rajatabla<\/p>\n","protected":false},"author":4,"featured_media":0,"comment_status":"open","ping_status":"open","sticky":false,"template":"","format":"standard","meta":{"_jetpack_memberships_contains_paid_content":false,"footnotes":""},"categories":[142],"tags":[],"class_list":["post-47","post","type-post","status-publish","format-standard","hentry","category-buzznews"],"jetpack_featured_media_url":"","yoast_head":"<!-- This site is optimized with the Yoast SEO plugin v14.0.4 - https:\/\/yoast.com\/wordpress\/plugins\/seo\/ -->\n<title>Contin\u00faan los ciclos Jueves D&#039; Arte en el Caf\u00e9 Rajatabla - OidosSucios.Com<\/title>\n<meta name=\"description\" content=\"La agrupaci\u00f3n venezolana Encuentro Casual tocar\u00e1 el 23 de abril en el ciclo del Caf\u00e9 Rajatabla\" \/>\n<meta name=\"robots\" content=\"index, follow\" \/>\n<meta name=\"googlebot\" content=\"index, follow, max-snippet:-1, max-image-preview:large, max-video-preview:-1\" \/>\n<meta name=\"bingbot\" content=\"index, follow, max-snippet:-1, max-image-preview:large, max-video-preview:-1\" \/>\n<link rel=\"canonical\" href=\"https:\/\/www.oidossucios.com\/site\/continuan-los-ciclos-jueves-d-arte-en-el-cafe-rajatabla\/\" \/>\n<meta property=\"og:locale\" content=\"es_ES\" \/>\n<meta property=\"og:type\" content=\"article\" \/>\n<meta property=\"og:title\" content=\"Contin\u00faan los ciclos Jueves D&#039; Arte en el Caf\u00e9 Rajatabla - OidosSucios.Com\" \/>\n<meta property=\"og:description\" content=\"La agrupaci\u00f3n venezolana Encuentro Casual tocar\u00e1 el 23 de abril en el ciclo del Caf\u00e9 Rajatabla\" \/>\n<meta property=\"og:url\" content=\"https:\/\/www.oidossucios.com\/site\/continuan-los-ciclos-jueves-d-arte-en-el-cafe-rajatabla\/\" \/>\n<meta property=\"og:site_name\" content=\"OidosSucios.Com\" \/>\n<meta property=\"article:published_time\" content=\"2009-04-23T02:55:58+00:00\" \/>\n<meta name=\"twitter:card\" content=\"summary_large_image\" \/>\n<meta name=\"twitter:creator\" content=\"@oidossucios\" \/>\n<script type=\"application\/ld+json\" class=\"yoast-schema-graph\">{\"@context\":\"https:\/\/schema.org\",\"@graph\":[{\"@type\":\"WebSite\",\"@id\":\"https:\/\/www.oidossucios.com\/site\/#website\",\"url\":\"https:\/\/www.oidossucios.com\/site\/\",\"name\":\"OidosSucios.Com\",\"description\":\"M\\u00fasica, conciertos, discos\",\"potentialAction\":[{\"@type\":\"SearchAction\",\"target\":\"https:\/\/www.oidossucios.com\/site\/?s={search_term_string}\",\"query-input\":\"required name=search_term_string\"}],\"inLanguage\":\"es\"},{\"@type\":\"WebPage\",\"@id\":\"https:\/\/www.oidossucios.com\/site\/continuan-los-ciclos-jueves-d-arte-en-el-cafe-rajatabla\/#webpage\",\"url\":\"https:\/\/www.oidossucios.com\/site\/continuan-los-ciclos-jueves-d-arte-en-el-cafe-rajatabla\/\",\"name\":\"Contin\\u00faan los ciclos Jueves D' Arte en el Caf\\u00e9 Rajatabla - OidosSucios.Com\",\"isPartOf\":{\"@id\":\"https:\/\/www.oidossucios.com\/site\/#website\"},\"datePublished\":\"2009-04-23T02:55:58+00:00\",\"dateModified\":\"2009-04-23T02:55:58+00:00\",\"author\":{\"@id\":\"https:\/\/www.oidossucios.com\/site\/#\/schema\/person\/24559eeb76bf83a63296fb072393a688\"},\"description\":\"La agrupaci\\u00f3n venezolana Encuentro Casual tocar\\u00e1 el 23 de abril en el ciclo del Caf\\u00e9 Rajatabla\",\"inLanguage\":\"es\",\"potentialAction\":[{\"@type\":\"ReadAction\",\"target\":[\"https:\/\/www.oidossucios.com\/site\/continuan-los-ciclos-jueves-d-arte-en-el-cafe-rajatabla\/\"]}]},{\"@type\":[\"Person\"],\"@id\":\"https:\/\/www.oidossucios.com\/site\/#\/schema\/person\/24559eeb76bf83a63296fb072393a688\",\"name\":\"Oidossucios\",\"image\":{\"@type\":\"ImageObject\",\"@id\":\"https:\/\/www.oidossucios.com\/site\/#personlogo\",\"inLanguage\":\"es\",\"url\":\"https:\/\/secure.gravatar.com\/avatar\/74fcb480f42f1a33e50a0b6e6369a3f907be2e43dc84fa5f76c66e9c22b4a5ab?s=96&d=mm&r=g\",\"caption\":\"Oidossucios\"},\"sameAs\":[\"https:\/\/twitter.com\/oidossucios\"]}]}<\/script>\n<!-- \/ Yoast SEO plugin. -->","jetpack_sharing_enabled":true,"_links":{"self":[{"href":"https:\/\/www.oidossucios.com\/site\/wp-json\/wp\/v2\/posts\/47","targetHints":{"allow":["GET"]}}],"collection":[{"href":"https:\/\/www.oidossucios.com\/site\/wp-json\/wp\/v2\/posts"}],"about":[{"href":"https:\/\/www.oidossucios.com\/site\/wp-json\/wp\/v2\/types\/post"}],"author":[{"embeddable":true,"href":"https:\/\/www.oidossucios.com\/site\/wp-json\/wp\/v2\/users\/4"}],"replies":[{"embeddable":true,"href":"https:\/\/www.oidossucios.com\/site\/wp-json\/wp\/v2\/comments?post=47"}],"version-history":[{"count":0,"href":"https:\/\/www.oidossucios.com\/site\/wp-json\/wp\/v2\/posts\/47\/revisions"}],"wp:attachment":[{"href":"https:\/\/www.oidossucios.com\/site\/wp-json\/wp\/v2\/media?parent=47"}],"wp:term":[{"taxonomy":"category","embeddable":true,"href":"https:\/\/www.oidossucios.com\/site\/wp-json\/wp\/v2\/categories?post=47"},{"taxonomy":"post_tag","embeddable":true,"href":"https:\/\/www.oidossucios.com\/site\/wp-json\/wp\/v2\/tags?post=47"}],"curies":[{"name":"wp","href":"https:\/\/api.w.org\/{rel}","templated":true}]}}