{"id":4760,"date":"2012-01-05T20:26:00","date_gmt":"2012-01-05T20:26:00","guid":{"rendered":"https:\/\/www.oidossucios.com\/site\/2012\/01\/05\/dave-grohl-foo-fighters-colabora-en-nuevo-proyecto-con-la-banda-ochentera-ratt\/"},"modified":"2012-01-05T20:26:00","modified_gmt":"2012-01-05T20:26:00","slug":"dave-grohl-foo-fighters-colabora-en-nuevo-proyecto-con-la-banda-ochentera-ratt","status":"publish","type":"post","link":"https:\/\/www.oidossucios.com\/site\/dave-grohl-foo-fighters-colabora-en-nuevo-proyecto-con-la-banda-ochentera-ratt\/","title":{"rendered":"Dave Grohl (Foo Fighters) colabora en nuevo proyecto con la banda ochentera RATT"},"content":{"rendered":"\n<p>De acuerdo a los reportes de Noise Creep, los miembros de la legendaria banda de metal de los 80, Ratt, Stephen Pearcy, y el guitarrista Warren DeMartini, recientemente grabaron una canci\u00f3n para un proyecto en el que forma parte el l\u00edder de Foo Fighters, Dave Grohl.<\/p>\n<p>A esto Pearcy coment\u00f3: &#8220;Vamos a dejar que Dave habl\u00e9 cuando est\u00e9 listo. Esto no formar\u00e1 parte de un disco de RATT&#8221;<\/p>\n<p>El nuevo \u00e1lbum en solitario de Pearcy, <i>Sucker Punch<\/i>, llegar\u00e1 a los estantes de las tiendas a finales de este a\u00f1o. El cantante agreg\u00f3 sobre esta nueva placa: &#8220;Va a ser un disco brutalmente honesto, y creo que mis fans quieren eso de mi en este momento, y nos sentimos orgullosos que Dave forme parte de la nueva era de RATT.&#8221;<\/p>\n<p>&nbsp;<\/p>\n<p><\/p>\n<p>Fuente: www.warp.la<\/p>\n<p><!--nextpage--><img decoding=\"async\" class=\"aligncenter size-medium wp-image-111115125\" src=\"https:\/\/www.oidossucios.com\/site\/wp-content\/uploads\/2020\/02\/5125.jpg\" alt=\"Dave Grohl (Foo Fighters) colabora en nuevo proyecto con la banda ochentera RATT\"  \/><a href='https:\/\/www.oidossucios.com\/site\/dave-grohl-foo-fighters-colabora-en-nuevo-proyecto-con-la-banda-ochentera-ratt\/2\/'\n                        onclick='if (tpsInstance) { tpsInstance.setNext(); return false; }'\n                        rel='next'\n                        style=''\n                        class=''>Ver galer\u00eda<\/a>]]><\/p>\n","protected":false},"excerpt":{"rendered":"<p>De acuerdo a los reportes de Noise Creep, los miembros de la legendaria banda de metal de los 80, Ratt, Stephen Pearcy, y el guitarrista Warren DeMartini, recientemente grabaron una canci\u00f3n para un proyecto en el que forma parte el l\u00edder de Foo Fighters, Dave Grohl. A esto Pearcy coment\u00f3: &#8220;Vamos a dejar que Dave [&hellip;]<\/p>\n","protected":false},"author":4,"featured_media":100004760,"comment_status":"open","ping_status":"open","sticky":false,"template":"","format":"standard","meta":{"_jetpack_memberships_contains_paid_content":false,"footnotes":""},"categories":[142],"tags":[],"class_list":["post-4760","post","type-post","status-publish","format-standard","has-post-thumbnail","hentry","category-buzznews"],"jetpack_featured_media_url":"https:\/\/www.oidossucios.com\/site\/wp-content\/uploads\/2012\/01\/4760.jpg","yoast_head":"<!-- This site is optimized with the Yoast SEO plugin v14.0.4 - https:\/\/yoast.com\/wordpress\/plugins\/seo\/ -->\n<title>Dave Grohl (Foo Fighters) colabora en nuevo proyecto con la banda ochentera RATT - OidosSucios.Com<\/title>\n<meta name=\"robots\" content=\"index, follow\" \/>\n<meta name=\"googlebot\" content=\"index, follow, max-snippet:-1, max-image-preview:large, max-video-preview:-1\" \/>\n<meta name=\"bingbot\" content=\"index, follow, max-snippet:-1, max-image-preview:large, max-video-preview:-1\" \/>\n<link rel=\"canonical\" href=\"https:\/\/www.oidossucios.com\/site\/dave-grohl-foo-fighters-colabora-en-nuevo-proyecto-con-la-banda-ochentera-ratt\/\" \/>\n<link rel=\"next\" href=\"https:\/\/www.oidossucios.com\/site\/dave-grohl-foo-fighters-colabora-en-nuevo-proyecto-con-la-banda-ochentera-ratt\/2\/\" \/>\n<meta property=\"og:locale\" content=\"es_ES\" \/>\n<meta property=\"og:type\" content=\"article\" \/>\n<meta property=\"og:title\" content=\"Dave Grohl (Foo Fighters) colabora en nuevo proyecto con la banda ochentera RATT - OidosSucios.Com\" \/>\n<meta property=\"og:description\" content=\"De acuerdo a los reportes de Noise Creep, los miembros de la legendaria banda de metal de los 80, Ratt, Stephen Pearcy, y el guitarrista Warren DeMartini, recientemente grabaron una canci\u00f3n para un proyecto en el que forma parte el l\u00edder de Foo Fighters, Dave Grohl. A esto Pearcy coment\u00f3: &#8220;Vamos a dejar que Dave [&hellip;]\" \/>\n<meta property=\"og:url\" content=\"https:\/\/www.oidossucios.com\/site\/dave-grohl-foo-fighters-colabora-en-nuevo-proyecto-con-la-banda-ochentera-ratt\/\" \/>\n<meta property=\"og:site_name\" content=\"OidosSucios.Com\" \/>\n<meta property=\"article:published_time\" content=\"2012-01-05T20:26:00+00:00\" \/>\n<meta property=\"og:image\" content=\"https:\/\/www.oidossucios.com\/site\/wp-content\/uploads\/2012\/01\/4760.jpg\" \/>\n\t<meta property=\"og:image:width\" content=\"350\" \/>\n\t<meta property=\"og:image:height\" content=\"300\" \/>\n<meta name=\"twitter:card\" content=\"summary_large_image\" \/>\n<meta name=\"twitter:creator\" content=\"@oidossucios\" \/>\n<script type=\"application\/ld+json\" class=\"yoast-schema-graph\">{\"@context\":\"https:\/\/schema.org\",\"@graph\":[{\"@type\":\"WebSite\",\"@id\":\"https:\/\/www.oidossucios.com\/site\/#website\",\"url\":\"https:\/\/www.oidossucios.com\/site\/\",\"name\":\"OidosSucios.Com\",\"description\":\"M\\u00fasica, conciertos, discos\",\"potentialAction\":[{\"@type\":\"SearchAction\",\"target\":\"https:\/\/www.oidossucios.com\/site\/?s={search_term_string}\",\"query-input\":\"required name=search_term_string\"}],\"inLanguage\":\"es\"},{\"@type\":\"ImageObject\",\"@id\":\"https:\/\/www.oidossucios.com\/site\/dave-grohl-foo-fighters-colabora-en-nuevo-proyecto-con-la-banda-ochentera-ratt\/#primaryimage\",\"inLanguage\":\"es\",\"url\":\"https:\/\/www.oidossucios.com\/site\/wp-content\/uploads\/2012\/01\/4760.jpg\",\"width\":350,\"height\":300},{\"@type\":\"WebPage\",\"@id\":\"https:\/\/www.oidossucios.com\/site\/dave-grohl-foo-fighters-colabora-en-nuevo-proyecto-con-la-banda-ochentera-ratt\/#webpage\",\"url\":\"https:\/\/www.oidossucios.com\/site\/dave-grohl-foo-fighters-colabora-en-nuevo-proyecto-con-la-banda-ochentera-ratt\/\",\"name\":\"Dave Grohl (Foo Fighters) colabora en nuevo proyecto con la banda ochentera RATT - OidosSucios.Com\",\"isPartOf\":{\"@id\":\"https:\/\/www.oidossucios.com\/site\/#website\"},\"primaryImageOfPage\":{\"@id\":\"https:\/\/www.oidossucios.com\/site\/dave-grohl-foo-fighters-colabora-en-nuevo-proyecto-con-la-banda-ochentera-ratt\/#primaryimage\"},\"datePublished\":\"2012-01-05T20:26:00+00:00\",\"dateModified\":\"2012-01-05T20:26:00+00:00\",\"author\":{\"@id\":\"https:\/\/www.oidossucios.com\/site\/#\/schema\/person\/24559eeb76bf83a63296fb072393a688\"},\"inLanguage\":\"es\",\"potentialAction\":[{\"@type\":\"ReadAction\",\"target\":[\"https:\/\/www.oidossucios.com\/site\/dave-grohl-foo-fighters-colabora-en-nuevo-proyecto-con-la-banda-ochentera-ratt\/\"]}]},{\"@type\":[\"Person\"],\"@id\":\"https:\/\/www.oidossucios.com\/site\/#\/schema\/person\/24559eeb76bf83a63296fb072393a688\",\"name\":\"Oidossucios\",\"image\":{\"@type\":\"ImageObject\",\"@id\":\"https:\/\/www.oidossucios.com\/site\/#personlogo\",\"inLanguage\":\"es\",\"url\":\"https:\/\/secure.gravatar.com\/avatar\/74fcb480f42f1a33e50a0b6e6369a3f907be2e43dc84fa5f76c66e9c22b4a5ab?s=96&d=mm&r=g\",\"caption\":\"Oidossucios\"},\"sameAs\":[\"https:\/\/twitter.com\/oidossucios\"]}]}<\/script>\n<!-- \/ Yoast SEO plugin. -->","jetpack_sharing_enabled":true,"_links":{"self":[{"href":"https:\/\/www.oidossucios.com\/site\/wp-json\/wp\/v2\/posts\/4760","targetHints":{"allow":["GET"]}}],"collection":[{"href":"https:\/\/www.oidossucios.com\/site\/wp-json\/wp\/v2\/posts"}],"about":[{"href":"https:\/\/www.oidossucios.com\/site\/wp-json\/wp\/v2\/types\/post"}],"author":[{"embeddable":true,"href":"https:\/\/www.oidossucios.com\/site\/wp-json\/wp\/v2\/users\/4"}],"replies":[{"embeddable":true,"href":"https:\/\/www.oidossucios.com\/site\/wp-json\/wp\/v2\/comments?post=4760"}],"version-history":[{"count":0,"href":"https:\/\/www.oidossucios.com\/site\/wp-json\/wp\/v2\/posts\/4760\/revisions"}],"wp:featuredmedia":[{"embeddable":true,"href":"https:\/\/www.oidossucios.com\/site\/wp-json\/wp\/v2\/media\/100004760"}],"wp:attachment":[{"href":"https:\/\/www.oidossucios.com\/site\/wp-json\/wp\/v2\/media?parent=4760"}],"wp:term":[{"taxonomy":"category","embeddable":true,"href":"https:\/\/www.oidossucios.com\/site\/wp-json\/wp\/v2\/categories?post=4760"},{"taxonomy":"post_tag","embeddable":true,"href":"https:\/\/www.oidossucios.com\/site\/wp-json\/wp\/v2\/tags?post=4760"}],"curies":[{"name":"wp","href":"https:\/\/api.w.org\/{rel}","templated":true}]}}