{"id":4762,"date":"2012-01-06T17:25:00","date_gmt":"2012-01-06T17:25:00","guid":{"rendered":"https:\/\/www.oidossucios.com\/site\/2012\/01\/06\/video-van-halen-se-prepara-para-su-gira-con-un-concierto-exclusivo-en-nueva-york-y-se-revelan-detalles-del-disco-y-gira\/"},"modified":"2012-01-06T17:25:00","modified_gmt":"2012-01-06T17:25:00","slug":"video-van-halen-se-prepara-para-su-gira-con-un-concierto-exclusivo-en-nueva-york-y-se-revelan-detalles-del-disco-y-gira","status":"publish","type":"post","link":"https:\/\/www.oidossucios.com\/site\/video-van-halen-se-prepara-para-su-gira-con-un-concierto-exclusivo-en-nueva-york-y-se-revelan-detalles-del-disco-y-gira\/","title":{"rendered":"Video: Van Halen se prepara para su gira con un concierto exclusivo en Nueva York y se revelan detalles del disco y gira"},"content":{"rendered":"<p>Tras cuatro a\u00f1os sin tocar juntos, ayer,&nbsp;jueves 5 de diciembre, tres de los cuatro miembros originales de Van Halen&nbsp;(el bajista Michael Anthony fue expulsado del grupo en sustituci\u00f3n del hijo de Eddie Van Halen, Wolfgang Van Halen)&nbsp;se presentaron&nbsp;en un concierto exclusivo secreto en el caf\u00e9 Wha? de la ciudad de Nueva York.<\/p>\n<p>Los 250 asientos del peque\u00f1o club se llenaron de periodistas, fans y gente de la industria musical. Adem\u00e1s, al espect\u00e1culo acudieron personajes como la estrella de la televisi\u00f3n&nbsp;Jimmy Fallon&nbsp;y la leyenda del tenis&nbsp;John McEnroe. Quiz\u00e1 este peque\u00f1o local del Greenwich Village no parezca el mejor sitio para presentar una nueva gira y disco de la banda, pero el club tiene una importante conexi\u00f3n con el cantante David Lee Roth: su t\u00edo Manny Roth es el due\u00f1o del local. <\/p>\n<p>Los rumores de nuevo disco y gira del grupo por fin empiezan a&nbsp;despejarse. Fuentes aseguran que el nuevo disco se llamar\u00e1 <i>A Different Kind Of Truth, <\/i>llegar\u00e1 a los estantes de las tiendas el 7 de febrero y previ\u00f3 al lanzamiento, saldr\u00e1 un primer sencillo promocional que llevar\u00e1 por nombre &#8220;Tattoo&#8221;, el cual podremos escuchar a partir del pr\u00f3ximo 10 de enero.&nbsp; La portada del disco la puedes ver el la galer\u00eda.<\/p>\n<p>Una semana despu\u00e9s del lanzamiento de la nueva producci\u00f3n discogr\u00e1fica el grupo se embarcar\u00eda en una extensa&nbsp;gira&nbsp;por Estados Unidos entre el 18 de febrero y el 26 de junio, abarcando 46 fechas en 45 ciudades.<\/p>\n<p>Por ahora dejamos dos videos de la noche. En el primero se puede ver a David Lee Roth y Eddie Van Halen entrando en el local y el segundo es una de las primeras grabaciones \u0096con un iPhone- que se han hecho del concierto.<\/p>\n<p>&nbsp;<\/p>\n<p><object width=\"640\" height=\"360\"><param name=\"movie\" value=\"http:\/\/www.youtube.com\/v\/SGm9k_FTnbw&#038;hl=en_US&#038;feature=player_embedded&#038;version=3\"><\/param><param name=\"allowFullScreen\" value=\"true\"><\/param><param name=\"allowScriptAccess\" value=\"always\"><\/param><\/object><\/p>\n<p>&nbsp;<\/p>\n<p><object width=\"640\" height=\"360\"><param name=\"movie\" value=\"http:\/\/www.youtube.com\/v\/OdP8gHa2ijc&#038;hl=en_US&#038;feature=player_embedded&#038;version=3\"><\/param><param name=\"allowFullScreen\" value=\"true\"><\/param><param name=\"allowScriptAccess\" value=\"always\"><\/param><\/object><\/p>\n<p>&nbsp;<\/p>\n<p><!--nextpage--><img decoding=\"async\" class=\"aligncenter size-medium wp-image-111115126\" src=\"https:\/\/www.oidossucios.com\/site\/wp-content\/uploads\/2020\/02\/5126.jpg\" alt=\"Video: Van Halen se prepara para su gira con un concierto exclusivo en Nueva York y se revelan detalles del disco y gira\"  \/><a href='https:\/\/www.oidossucios.com\/site\/video-van-halen-se-prepara-para-su-gira-con-un-concierto-exclusivo-en-nueva-york-y-se-revelan-detalles-del-disco-y-gira\/2\/'\n                        onclick='if (tpsInstance) { tpsInstance.setNext(); return false; }'\n                        rel='next'\n                        style=''\n                        class=''>Ver galer\u00eda<\/a>]]><\/p>\n","protected":false},"excerpt":{"rendered":"<p>La banda no se presentaba desde 2008. Ahora est\u00e1n a punto de terminar nuevo disco con el cantante original David Lee Roth y de salir a tocar por todo el mundo.<\/p>\n","protected":false},"author":4,"featured_media":100004762,"comment_status":"open","ping_status":"open","sticky":false,"template":"","format":"standard","meta":{"_jetpack_memberships_contains_paid_content":false,"footnotes":""},"categories":[250],"tags":[],"class_list":["post-4762","post","type-post","status-publish","format-standard","has-post-thumbnail","hentry","category-noticias"],"jetpack_featured_media_url":"https:\/\/www.oidossucios.com\/site\/wp-content\/uploads\/2012\/01\/4762.jpg","yoast_head":"<!-- This site is optimized with the Yoast SEO plugin v14.0.4 - https:\/\/yoast.com\/wordpress\/plugins\/seo\/ -->\n<title>Video: Van Halen se prepara para su gira con un concierto exclusivo en Nueva York y se revelan detalles del disco y gira - OidosSucios.Com<\/title>\n<meta name=\"description\" content=\"La banda no se presentaba desde 2008. Ahora est\u00e1n a punto de terminar nuevo disco con el cantante original David Lee Roth y de salir a tocar por todo el mundo.\" \/>\n<meta name=\"robots\" content=\"index, follow\" \/>\n<meta name=\"googlebot\" content=\"index, follow, max-snippet:-1, max-image-preview:large, max-video-preview:-1\" \/>\n<meta name=\"bingbot\" content=\"index, follow, max-snippet:-1, max-image-preview:large, max-video-preview:-1\" \/>\n<link rel=\"canonical\" href=\"https:\/\/www.oidossucios.com\/site\/video-van-halen-se-prepara-para-su-gira-con-un-concierto-exclusivo-en-nueva-york-y-se-revelan-detalles-del-disco-y-gira\/\" \/>\n<link rel=\"next\" href=\"https:\/\/www.oidossucios.com\/site\/video-van-halen-se-prepara-para-su-gira-con-un-concierto-exclusivo-en-nueva-york-y-se-revelan-detalles-del-disco-y-gira\/2\/\" \/>\n<meta property=\"og:locale\" content=\"es_ES\" \/>\n<meta property=\"og:type\" content=\"article\" \/>\n<meta property=\"og:title\" content=\"Video: Van Halen se prepara para su gira con un concierto exclusivo en Nueva York y se revelan detalles del disco y gira - OidosSucios.Com\" \/>\n<meta property=\"og:description\" content=\"La banda no se presentaba desde 2008. Ahora est\u00e1n a punto de terminar nuevo disco con el cantante original David Lee Roth y de salir a tocar por todo el mundo.\" \/>\n<meta property=\"og:url\" content=\"https:\/\/www.oidossucios.com\/site\/video-van-halen-se-prepara-para-su-gira-con-un-concierto-exclusivo-en-nueva-york-y-se-revelan-detalles-del-disco-y-gira\/\" \/>\n<meta property=\"og:site_name\" content=\"OidosSucios.Com\" \/>\n<meta property=\"article:published_time\" content=\"2012-01-06T17:25:00+00:00\" \/>\n<meta property=\"og:image\" content=\"https:\/\/www.oidossucios.com\/site\/wp-content\/uploads\/2012\/01\/4762.jpg\" \/>\n\t<meta property=\"og:image:width\" content=\"350\" \/>\n\t<meta property=\"og:image:height\" content=\"300\" \/>\n<meta name=\"twitter:card\" content=\"summary_large_image\" \/>\n<meta name=\"twitter:creator\" content=\"@oidossucios\" \/>\n<script type=\"application\/ld+json\" class=\"yoast-schema-graph\">{\"@context\":\"https:\/\/schema.org\",\"@graph\":[{\"@type\":\"WebSite\",\"@id\":\"https:\/\/www.oidossucios.com\/site\/#website\",\"url\":\"https:\/\/www.oidossucios.com\/site\/\",\"name\":\"OidosSucios.Com\",\"description\":\"M\\u00fasica, conciertos, discos\",\"potentialAction\":[{\"@type\":\"SearchAction\",\"target\":\"https:\/\/www.oidossucios.com\/site\/?s={search_term_string}\",\"query-input\":\"required name=search_term_string\"}],\"inLanguage\":\"es\"},{\"@type\":\"ImageObject\",\"@id\":\"https:\/\/www.oidossucios.com\/site\/video-van-halen-se-prepara-para-su-gira-con-un-concierto-exclusivo-en-nueva-york-y-se-revelan-detalles-del-disco-y-gira\/#primaryimage\",\"inLanguage\":\"es\",\"url\":\"https:\/\/www.oidossucios.com\/site\/wp-content\/uploads\/2012\/01\/4762.jpg\",\"width\":350,\"height\":300},{\"@type\":\"WebPage\",\"@id\":\"https:\/\/www.oidossucios.com\/site\/video-van-halen-se-prepara-para-su-gira-con-un-concierto-exclusivo-en-nueva-york-y-se-revelan-detalles-del-disco-y-gira\/#webpage\",\"url\":\"https:\/\/www.oidossucios.com\/site\/video-van-halen-se-prepara-para-su-gira-con-un-concierto-exclusivo-en-nueva-york-y-se-revelan-detalles-del-disco-y-gira\/\",\"name\":\"Video: Van Halen se prepara para su gira con un concierto exclusivo en Nueva York y se revelan detalles del disco y gira - OidosSucios.Com\",\"isPartOf\":{\"@id\":\"https:\/\/www.oidossucios.com\/site\/#website\"},\"primaryImageOfPage\":{\"@id\":\"https:\/\/www.oidossucios.com\/site\/video-van-halen-se-prepara-para-su-gira-con-un-concierto-exclusivo-en-nueva-york-y-se-revelan-detalles-del-disco-y-gira\/#primaryimage\"},\"datePublished\":\"2012-01-06T17:25:00+00:00\",\"dateModified\":\"2012-01-06T17:25:00+00:00\",\"author\":{\"@id\":\"https:\/\/www.oidossucios.com\/site\/#\/schema\/person\/24559eeb76bf83a63296fb072393a688\"},\"description\":\"La banda no se presentaba desde 2008. Ahora est\\u00e1n a punto de terminar nuevo disco con el cantante original David Lee Roth y de salir a tocar por todo el mundo.\",\"inLanguage\":\"es\",\"potentialAction\":[{\"@type\":\"ReadAction\",\"target\":[\"https:\/\/www.oidossucios.com\/site\/video-van-halen-se-prepara-para-su-gira-con-un-concierto-exclusivo-en-nueva-york-y-se-revelan-detalles-del-disco-y-gira\/\"]}]},{\"@type\":[\"Person\"],\"@id\":\"https:\/\/www.oidossucios.com\/site\/#\/schema\/person\/24559eeb76bf83a63296fb072393a688\",\"name\":\"Oidossucios\",\"image\":{\"@type\":\"ImageObject\",\"@id\":\"https:\/\/www.oidossucios.com\/site\/#personlogo\",\"inLanguage\":\"es\",\"url\":\"https:\/\/secure.gravatar.com\/avatar\/74fcb480f42f1a33e50a0b6e6369a3f907be2e43dc84fa5f76c66e9c22b4a5ab?s=96&d=mm&r=g\",\"caption\":\"Oidossucios\"},\"sameAs\":[\"https:\/\/twitter.com\/oidossucios\"]}]}<\/script>\n<!-- \/ Yoast SEO plugin. -->","jetpack_sharing_enabled":true,"_links":{"self":[{"href":"https:\/\/www.oidossucios.com\/site\/wp-json\/wp\/v2\/posts\/4762","targetHints":{"allow":["GET"]}}],"collection":[{"href":"https:\/\/www.oidossucios.com\/site\/wp-json\/wp\/v2\/posts"}],"about":[{"href":"https:\/\/www.oidossucios.com\/site\/wp-json\/wp\/v2\/types\/post"}],"author":[{"embeddable":true,"href":"https:\/\/www.oidossucios.com\/site\/wp-json\/wp\/v2\/users\/4"}],"replies":[{"embeddable":true,"href":"https:\/\/www.oidossucios.com\/site\/wp-json\/wp\/v2\/comments?post=4762"}],"version-history":[{"count":0,"href":"https:\/\/www.oidossucios.com\/site\/wp-json\/wp\/v2\/posts\/4762\/revisions"}],"wp:featuredmedia":[{"embeddable":true,"href":"https:\/\/www.oidossucios.com\/site\/wp-json\/wp\/v2\/media\/100004762"}],"wp:attachment":[{"href":"https:\/\/www.oidossucios.com\/site\/wp-json\/wp\/v2\/media?parent=4762"}],"wp:term":[{"taxonomy":"category","embeddable":true,"href":"https:\/\/www.oidossucios.com\/site\/wp-json\/wp\/v2\/categories?post=4762"},{"taxonomy":"post_tag","embeddable":true,"href":"https:\/\/www.oidossucios.com\/site\/wp-json\/wp\/v2\/tags?post=4762"}],"curies":[{"name":"wp","href":"https:\/\/api.w.org\/{rel}","templated":true}]}}