{"id":4767,"date":"2012-01-09T12:49:00","date_gmt":"2012-01-09T12:49:00","guid":{"rendered":"https:\/\/www.oidossucios.com\/site\/2012\/01\/09\/vendran-manu-chao-y-rage-against-the-machine-a-venezuela\/"},"modified":"2012-01-09T12:49:00","modified_gmt":"2012-01-09T12:49:00","slug":"vendran-manu-chao-y-rage-against-the-machine-a-venezuela","status":"publish","type":"post","link":"https:\/\/www.oidossucios.com\/site\/vendran-manu-chao-y-rage-against-the-machine-a-venezuela\/","title":{"rendered":"\u00bfVendr\u00e1n Manu Chao y Rage Against The Machine a Venezuela?"},"content":{"rendered":"\n<p>La noche de ayer, domingo 08 de enero, en el programa de Venezolana de Televisi\u00f3n <i>Zurda Konducta,<\/i>se insin\u00fao la presencia de Manu Chao y Rage Against The Machine en la ciudad de Maracay para los eventos del 12 de febrero relacionados con el d\u00eda de la juventud.<\/p>\n<p>&nbsp;<\/p>\n<p>Si bien al principio el conductor Pedro Carvajalino se refiri\u00f3 a los hechos diciendo &#8220;\u00bfQu\u00e9 prefieren ustedes? \u00bfRage Against o Primarias?&#8221; luego de varias insinuaciones m\u00e1s, al final del programa se refiri\u00f3 m\u00e1s abiertamente: &#8220;Bueno no s\u00e9, ac\u00e9rquense a Maracay ese d\u00eda. Yo s\u00f3lo he o\u00eddo unas cosas de Rage Against The Machine y Manu Chao&#8221;.<\/p>\n<p>&nbsp;<\/p>\n<p>Nosotros desde OidosSucios.Com no hemos tenido ninguna confirmaci\u00f3n sobre este evento ni hemos recibido informaci\u00f3n sobre el mismo, pero fuentes que consultamos la ma\u00f1ana de este lunes, nos han dejado saber que s\u00ed ha habido varios movimientos para traer al frontman de la banda, Zack de La Rocha, en solitario en los pr\u00f3ximos meses a Venezuela para un evento gratuito.<\/p>\n<p>&nbsp;<\/p>\n<p>Vale resaltar que la \u00faltima vez que vino Rage Against The Machine a Sudam\u00e9rica fue en el 2010.<\/p>\n<p><iframe loading=\"lazy\" width=\"420\" height=\"315\" frameborder=\"0\" allowfullscreen=\"\" src=\"http:\/\/www.youtube.com\/embed\/Pc_Fl-ZvXag\"><\/iframe><\/p>\n","protected":false},"excerpt":{"rendered":"<p>La noche de ayer, domingo 08 de enero, en el programa de Venezolana de Televisi\u00f3n Zurda Konducta, se insin\u00fao la presencia de Manu Chao y Rage Against The Machine en la ciudad de Maracay para los eventos del 12 de febrero relacionados con el d\u00eda de la juventud.<\/p>\n","protected":false},"author":4,"featured_media":100004767,"comment_status":"open","ping_status":"open","sticky":false,"template":"","format":"standard","meta":{"_jetpack_memberships_contains_paid_content":false,"footnotes":""},"categories":[250],"tags":[],"class_list":["post-4767","post","type-post","status-publish","format-standard","has-post-thumbnail","hentry","category-noticias"],"jetpack_featured_media_url":"https:\/\/www.oidossucios.com\/site\/wp-content\/uploads\/2012\/01\/4767.jpg","yoast_head":"<!-- This site is optimized with the Yoast SEO plugin v14.0.4 - https:\/\/yoast.com\/wordpress\/plugins\/seo\/ -->\n<title>\u00bfVendr\u00e1n Manu Chao y Rage Against The Machine a Venezuela? - OidosSucios.Com<\/title>\n<meta name=\"description\" content=\"La noche de ayer, domingo 08 de enero, en el programa de Venezolana de Televisi\u00f3n Zurda Konducta, se insin\u00fao la presencia de Manu Chao y Rage Against The Machine en la ciudad de Maracay para los eventos del 12 de febrero relacionados con el d\u00eda de la juventud.\" \/>\n<meta name=\"robots\" content=\"index, follow\" \/>\n<meta name=\"googlebot\" content=\"index, follow, max-snippet:-1, max-image-preview:large, max-video-preview:-1\" \/>\n<meta name=\"bingbot\" content=\"index, follow, max-snippet:-1, max-image-preview:large, max-video-preview:-1\" \/>\n<link rel=\"canonical\" href=\"https:\/\/www.oidossucios.com\/site\/vendran-manu-chao-y-rage-against-the-machine-a-venezuela\/\" \/>\n<meta property=\"og:locale\" content=\"es_ES\" \/>\n<meta property=\"og:type\" content=\"article\" \/>\n<meta property=\"og:title\" content=\"\u00bfVendr\u00e1n Manu Chao y Rage Against The Machine a Venezuela? - OidosSucios.Com\" \/>\n<meta property=\"og:description\" content=\"La noche de ayer, domingo 08 de enero, en el programa de Venezolana de Televisi\u00f3n Zurda Konducta, se insin\u00fao la presencia de Manu Chao y Rage Against The Machine en la ciudad de Maracay para los eventos del 12 de febrero relacionados con el d\u00eda de la juventud.\" \/>\n<meta property=\"og:url\" content=\"https:\/\/www.oidossucios.com\/site\/vendran-manu-chao-y-rage-against-the-machine-a-venezuela\/\" \/>\n<meta property=\"og:site_name\" content=\"OidosSucios.Com\" \/>\n<meta property=\"article:published_time\" content=\"2012-01-09T12:49:00+00:00\" \/>\n<meta property=\"og:image\" content=\"https:\/\/www.oidossucios.com\/site\/wp-content\/uploads\/2012\/01\/4767.jpg\" \/>\n\t<meta property=\"og:image:width\" content=\"350\" \/>\n\t<meta property=\"og:image:height\" content=\"300\" \/>\n<meta name=\"twitter:card\" content=\"summary_large_image\" \/>\n<meta name=\"twitter:creator\" content=\"@oidossucios\" \/>\n<script type=\"application\/ld+json\" class=\"yoast-schema-graph\">{\"@context\":\"https:\/\/schema.org\",\"@graph\":[{\"@type\":\"WebSite\",\"@id\":\"https:\/\/www.oidossucios.com\/site\/#website\",\"url\":\"https:\/\/www.oidossucios.com\/site\/\",\"name\":\"OidosSucios.Com\",\"description\":\"M\\u00fasica, conciertos, discos\",\"potentialAction\":[{\"@type\":\"SearchAction\",\"target\":\"https:\/\/www.oidossucios.com\/site\/?s={search_term_string}\",\"query-input\":\"required name=search_term_string\"}],\"inLanguage\":\"es\"},{\"@type\":\"ImageObject\",\"@id\":\"https:\/\/www.oidossucios.com\/site\/vendran-manu-chao-y-rage-against-the-machine-a-venezuela\/#primaryimage\",\"inLanguage\":\"es\",\"url\":\"https:\/\/www.oidossucios.com\/site\/wp-content\/uploads\/2012\/01\/4767.jpg\",\"width\":350,\"height\":300},{\"@type\":\"WebPage\",\"@id\":\"https:\/\/www.oidossucios.com\/site\/vendran-manu-chao-y-rage-against-the-machine-a-venezuela\/#webpage\",\"url\":\"https:\/\/www.oidossucios.com\/site\/vendran-manu-chao-y-rage-against-the-machine-a-venezuela\/\",\"name\":\"\\u00bfVendr\\u00e1n Manu Chao y Rage Against The Machine a Venezuela? - OidosSucios.Com\",\"isPartOf\":{\"@id\":\"https:\/\/www.oidossucios.com\/site\/#website\"},\"primaryImageOfPage\":{\"@id\":\"https:\/\/www.oidossucios.com\/site\/vendran-manu-chao-y-rage-against-the-machine-a-venezuela\/#primaryimage\"},\"datePublished\":\"2012-01-09T12:49:00+00:00\",\"dateModified\":\"2012-01-09T12:49:00+00:00\",\"author\":{\"@id\":\"https:\/\/www.oidossucios.com\/site\/#\/schema\/person\/24559eeb76bf83a63296fb072393a688\"},\"description\":\"La noche de ayer, domingo 08 de enero, en el programa de Venezolana de Televisi\\u00f3n Zurda Konducta, se insin\\u00fao la presencia de Manu Chao y Rage Against The Machine en la ciudad de Maracay para los eventos del 12 de febrero relacionados con el d\\u00eda de la juventud.\",\"inLanguage\":\"es\",\"potentialAction\":[{\"@type\":\"ReadAction\",\"target\":[\"https:\/\/www.oidossucios.com\/site\/vendran-manu-chao-y-rage-against-the-machine-a-venezuela\/\"]}]},{\"@type\":[\"Person\"],\"@id\":\"https:\/\/www.oidossucios.com\/site\/#\/schema\/person\/24559eeb76bf83a63296fb072393a688\",\"name\":\"Oidossucios\",\"image\":{\"@type\":\"ImageObject\",\"@id\":\"https:\/\/www.oidossucios.com\/site\/#personlogo\",\"inLanguage\":\"es\",\"url\":\"https:\/\/secure.gravatar.com\/avatar\/74fcb480f42f1a33e50a0b6e6369a3f907be2e43dc84fa5f76c66e9c22b4a5ab?s=96&d=mm&r=g\",\"caption\":\"Oidossucios\"},\"sameAs\":[\"https:\/\/twitter.com\/oidossucios\"]}]}<\/script>\n<!-- \/ Yoast SEO plugin. -->","jetpack_sharing_enabled":true,"_links":{"self":[{"href":"https:\/\/www.oidossucios.com\/site\/wp-json\/wp\/v2\/posts\/4767","targetHints":{"allow":["GET"]}}],"collection":[{"href":"https:\/\/www.oidossucios.com\/site\/wp-json\/wp\/v2\/posts"}],"about":[{"href":"https:\/\/www.oidossucios.com\/site\/wp-json\/wp\/v2\/types\/post"}],"author":[{"embeddable":true,"href":"https:\/\/www.oidossucios.com\/site\/wp-json\/wp\/v2\/users\/4"}],"replies":[{"embeddable":true,"href":"https:\/\/www.oidossucios.com\/site\/wp-json\/wp\/v2\/comments?post=4767"}],"version-history":[{"count":0,"href":"https:\/\/www.oidossucios.com\/site\/wp-json\/wp\/v2\/posts\/4767\/revisions"}],"wp:featuredmedia":[{"embeddable":true,"href":"https:\/\/www.oidossucios.com\/site\/wp-json\/wp\/v2\/media\/100004767"}],"wp:attachment":[{"href":"https:\/\/www.oidossucios.com\/site\/wp-json\/wp\/v2\/media?parent=4767"}],"wp:term":[{"taxonomy":"category","embeddable":true,"href":"https:\/\/www.oidossucios.com\/site\/wp-json\/wp\/v2\/categories?post=4767"},{"taxonomy":"post_tag","embeddable":true,"href":"https:\/\/www.oidossucios.com\/site\/wp-json\/wp\/v2\/tags?post=4767"}],"curies":[{"name":"wp","href":"https:\/\/api.w.org\/{rel}","templated":true}]}}