{"id":4770,"date":"2012-01-09T13:49:00","date_gmt":"2012-01-09T13:49:00","guid":{"rendered":"https:\/\/www.oidossucios.com\/site\/2012\/01\/09\/u2-lanzara-el-24-de-enero-el-documental-from-the-sky-down\/"},"modified":"2012-01-09T13:49:00","modified_gmt":"2012-01-09T13:49:00","slug":"u2-lanzara-el-24-de-enero-el-documental-from-the-sky-down","status":"publish","type":"post","link":"https:\/\/www.oidossucios.com\/site\/u2-lanzara-el-24-de-enero-el-documental-from-the-sky-down\/","title":{"rendered":"U2 lanzar\u00e1 el 24 de enero el documental &#8220;From The Sky Down&quot;"},"content":{"rendered":"\n<p>El pr\u00f3ximo 24 de enero estar\u00e1 disponible en formato DVD &amp; Bluray, el documental dirigido por el cineasta David Guggenheim, <i>From The Sky Down<\/i>, de la banda irlandesa U2, en este se documenta la realizaci\u00f3n de su ic\u00f3nico \u00e1lbum <i>Achtung Baby<\/i> (1991), en dicho lanzamiento, se incluyen una serie de entrevistas, y algunas presentaciones exclusivas.<\/p>\n<p><\/p>\n<p>&nbsp;<\/p>\n<p>Dicho documental ya lo pueden preordenar, dando clic&nbsp;<a target=\"_blank\" href=\"http:\/\/www.amazon.com\/U2-Sky-Down-u2\/dp\/B005SD25WA%3FSubscriptionId%3DAKIAIOBC4SSG6IM2WZMQ%26tag%3Dconseofsound-20%26linkCode%3Dxm2%26camp%3D2025%26creative%3D165953%26creativeASIN%3DB005SD25WA\" rel=\"noopener noreferrer\">aqu\u00ed<\/a>.<\/p>\n","protected":false},"excerpt":{"rendered":"<p>El pr\u00f3ximo 24 de enero estar\u00e1 disponible en formato DVD &amp; Bluray, el documental dirigido por el cineasta David Guggenheim, From The Sky Down, de la banda irlandesa U2, en este se documenta la realizaci\u00f3n de su ic\u00f3nico \u00e1lbum Achtung Baby (1991), en dicho lanzamiento, se incluyen una serie de entrevistas, y algunas presentaciones exclusivas. [&hellip;]<\/p>\n","protected":false},"author":4,"featured_media":0,"comment_status":"open","ping_status":"open","sticky":false,"template":"","format":"standard","meta":{"_jetpack_memberships_contains_paid_content":false,"footnotes":""},"categories":[142],"tags":[],"class_list":["post-4770","post","type-post","status-publish","format-standard","hentry","category-buzznews"],"jetpack_featured_media_url":"","yoast_head":"<!-- This site is optimized with the Yoast SEO plugin v14.0.4 - https:\/\/yoast.com\/wordpress\/plugins\/seo\/ -->\n<title>U2 lanzar\u00e1 el 24 de enero el documental &quot;From The Sky Down&quot; - OidosSucios.Com<\/title>\n<meta name=\"robots\" content=\"index, follow\" \/>\n<meta name=\"googlebot\" content=\"index, follow, max-snippet:-1, max-image-preview:large, max-video-preview:-1\" \/>\n<meta name=\"bingbot\" content=\"index, follow, max-snippet:-1, max-image-preview:large, max-video-preview:-1\" \/>\n<link rel=\"canonical\" href=\"https:\/\/www.oidossucios.com\/site\/u2-lanzara-el-24-de-enero-el-documental-from-the-sky-down\/\" \/>\n<meta property=\"og:locale\" content=\"es_ES\" \/>\n<meta property=\"og:type\" content=\"article\" \/>\n<meta property=\"og:title\" content=\"U2 lanzar\u00e1 el 24 de enero el documental &quot;From The Sky Down&quot; - OidosSucios.Com\" \/>\n<meta property=\"og:description\" content=\"El pr\u00f3ximo 24 de enero estar\u00e1 disponible en formato DVD &amp; Bluray, el documental dirigido por el cineasta David Guggenheim, From The Sky Down, de la banda irlandesa U2, en este se documenta la realizaci\u00f3n de su ic\u00f3nico \u00e1lbum Achtung Baby (1991), en dicho lanzamiento, se incluyen una serie de entrevistas, y algunas presentaciones exclusivas. [&hellip;]\" \/>\n<meta property=\"og:url\" content=\"https:\/\/www.oidossucios.com\/site\/u2-lanzara-el-24-de-enero-el-documental-from-the-sky-down\/\" \/>\n<meta property=\"og:site_name\" content=\"OidosSucios.Com\" \/>\n<meta property=\"article:published_time\" content=\"2012-01-09T13:49:00+00:00\" \/>\n<meta name=\"twitter:card\" content=\"summary_large_image\" \/>\n<meta name=\"twitter:creator\" content=\"@oidossucios\" \/>\n<script type=\"application\/ld+json\" class=\"yoast-schema-graph\">{\"@context\":\"https:\/\/schema.org\",\"@graph\":[{\"@type\":\"WebSite\",\"@id\":\"https:\/\/www.oidossucios.com\/site\/#website\",\"url\":\"https:\/\/www.oidossucios.com\/site\/\",\"name\":\"OidosSucios.Com\",\"description\":\"M\\u00fasica, conciertos, discos\",\"potentialAction\":[{\"@type\":\"SearchAction\",\"target\":\"https:\/\/www.oidossucios.com\/site\/?s={search_term_string}\",\"query-input\":\"required name=search_term_string\"}],\"inLanguage\":\"es\"},{\"@type\":\"WebPage\",\"@id\":\"https:\/\/www.oidossucios.com\/site\/u2-lanzara-el-24-de-enero-el-documental-from-the-sky-down\/#webpage\",\"url\":\"https:\/\/www.oidossucios.com\/site\/u2-lanzara-el-24-de-enero-el-documental-from-the-sky-down\/\",\"name\":\"U2 lanzar\\u00e1 el 24 de enero el documental \\\"From The Sky Down&quot; - OidosSucios.Com\",\"isPartOf\":{\"@id\":\"https:\/\/www.oidossucios.com\/site\/#website\"},\"datePublished\":\"2012-01-09T13:49:00+00:00\",\"dateModified\":\"2012-01-09T13:49:00+00:00\",\"author\":{\"@id\":\"https:\/\/www.oidossucios.com\/site\/#\/schema\/person\/24559eeb76bf83a63296fb072393a688\"},\"inLanguage\":\"es\",\"potentialAction\":[{\"@type\":\"ReadAction\",\"target\":[\"https:\/\/www.oidossucios.com\/site\/u2-lanzara-el-24-de-enero-el-documental-from-the-sky-down\/\"]}]},{\"@type\":[\"Person\"],\"@id\":\"https:\/\/www.oidossucios.com\/site\/#\/schema\/person\/24559eeb76bf83a63296fb072393a688\",\"name\":\"Oidossucios\",\"image\":{\"@type\":\"ImageObject\",\"@id\":\"https:\/\/www.oidossucios.com\/site\/#personlogo\",\"inLanguage\":\"es\",\"url\":\"https:\/\/secure.gravatar.com\/avatar\/74fcb480f42f1a33e50a0b6e6369a3f907be2e43dc84fa5f76c66e9c22b4a5ab?s=96&d=mm&r=g\",\"caption\":\"Oidossucios\"},\"sameAs\":[\"https:\/\/twitter.com\/oidossucios\"]}]}<\/script>\n<!-- \/ Yoast SEO plugin. -->","jetpack_sharing_enabled":true,"_links":{"self":[{"href":"https:\/\/www.oidossucios.com\/site\/wp-json\/wp\/v2\/posts\/4770","targetHints":{"allow":["GET"]}}],"collection":[{"href":"https:\/\/www.oidossucios.com\/site\/wp-json\/wp\/v2\/posts"}],"about":[{"href":"https:\/\/www.oidossucios.com\/site\/wp-json\/wp\/v2\/types\/post"}],"author":[{"embeddable":true,"href":"https:\/\/www.oidossucios.com\/site\/wp-json\/wp\/v2\/users\/4"}],"replies":[{"embeddable":true,"href":"https:\/\/www.oidossucios.com\/site\/wp-json\/wp\/v2\/comments?post=4770"}],"version-history":[{"count":0,"href":"https:\/\/www.oidossucios.com\/site\/wp-json\/wp\/v2\/posts\/4770\/revisions"}],"wp:attachment":[{"href":"https:\/\/www.oidossucios.com\/site\/wp-json\/wp\/v2\/media?parent=4770"}],"wp:term":[{"taxonomy":"category","embeddable":true,"href":"https:\/\/www.oidossucios.com\/site\/wp-json\/wp\/v2\/categories?post=4770"},{"taxonomy":"post_tag","embeddable":true,"href":"https:\/\/www.oidossucios.com\/site\/wp-json\/wp\/v2\/tags?post=4770"}],"curies":[{"name":"wp","href":"https:\/\/api.w.org\/{rel}","templated":true}]}}