{"id":4771,"date":"2012-01-09T13:56:00","date_gmt":"2012-01-09T13:56:00","guid":{"rendered":"https:\/\/www.oidossucios.com\/site\/2012\/01\/09\/the-mars-volta-anuncia-nuevo-album-para-este-ano\/"},"modified":"2012-01-09T13:56:00","modified_gmt":"2012-01-09T13:56:00","slug":"the-mars-volta-anuncia-nuevo-album-para-este-ano","status":"publish","type":"post","link":"https:\/\/www.oidossucios.com\/site\/the-mars-volta-anuncia-nuevo-album-para-este-ano\/","title":{"rendered":"The Mars Volta anuncia nuevo \u00e1lbum para este a\u00f1o"},"content":{"rendered":"\n<p>La banda estadounidense, The Mars Volta, revel\u00f3 que lanzar\u00e1 nuevo disco este a\u00f1o.<\/p>\n<p>La informaci\u00f3n fue confirmada por su l\u00edder Cedric Bixler Zavala, a trav\u00e9s de un mensaje por su cuenta oficial de&nbsp;<a target=\"_blank\" href=\"http:\/\/www.youtube.com\/lunarpower666\" rel=\"noopener noreferrer\">YouTube<\/a>, en el que coment\u00f3 que la agrupaci\u00f3n de rock experimental casi hab\u00eda terminado de grabar su sexto \u00e1lbum de estudio y sucesor de <i>Octahedron<\/i> (2009).<\/p>\n<p>Seguido de esto a trav\u00e9s del blog oficial de&nbsp;<a target=\"_blank\" href=\"http:\/\/blog.us.playstation.com\/2012\/01\/05\/mlb-12-the-show-soundtrack-revealed\/\" rel=\"noopener noreferrer\">Playstation<\/a>, se anunci\u00f3 que el grupo hab\u00eda contribuido con un nuevo sencillo llamado &#8220;Zed And Two Naughts&#8221;, para el nuevo video juego de baseball <i>MLB 12 The Show<\/i>.<\/p>\n<p>Por otro lado su integrante Bixler Zavala agreg\u00f3: &#8220;El nuevo material de Volta, esta casi listo, las vocales est\u00e1n hechas, s\u00f3lo estamos tratando de reunir todos los cortes y terminar la guitarra, seguiremos en el estudio esta semana, despu\u00e9s nos vamos a M\u00e9xico para afinar detalles.&#8221;<\/p>\n<p><iframe loading=\"lazy\" width=\"420\" height=\"315\" frameborder=\"0\" allowfullscreen=\"\" src=\"http:\/\/www.youtube.com\/embed\/hk386wt-wes\"><\/iframe><\/p>\n","protected":false},"excerpt":{"rendered":"<p>La informaci\u00f3n fue confirmada por su l\u00edder Cedric Bixler Zavala, a trav\u00e9s de un mensaje por su cuenta oficial de YouTube.<\/p>\n","protected":false},"author":4,"featured_media":100004771,"comment_status":"open","ping_status":"open","sticky":false,"template":"","format":"standard","meta":{"_jetpack_memberships_contains_paid_content":false,"footnotes":""},"categories":[250],"tags":[],"class_list":["post-4771","post","type-post","status-publish","format-standard","has-post-thumbnail","hentry","category-noticias"],"jetpack_featured_media_url":"https:\/\/www.oidossucios.com\/site\/wp-content\/uploads\/2012\/01\/4771.jpg","yoast_head":"<!-- This site is optimized with the Yoast SEO plugin v14.0.4 - https:\/\/yoast.com\/wordpress\/plugins\/seo\/ -->\n<title>The Mars Volta anuncia nuevo \u00e1lbum para este a\u00f1o - OidosSucios.Com<\/title>\n<meta name=\"description\" content=\"La informaci\u00f3n fue confirmada por su l\u00edder Cedric Bixler Zavala, a trav\u00e9s de un mensaje por su cuenta oficial de YouTube.\" \/>\n<meta name=\"robots\" content=\"index, follow\" \/>\n<meta name=\"googlebot\" content=\"index, follow, max-snippet:-1, max-image-preview:large, max-video-preview:-1\" \/>\n<meta name=\"bingbot\" content=\"index, follow, max-snippet:-1, max-image-preview:large, max-video-preview:-1\" \/>\n<link rel=\"canonical\" href=\"https:\/\/www.oidossucios.com\/site\/the-mars-volta-anuncia-nuevo-album-para-este-ano\/\" \/>\n<meta property=\"og:locale\" content=\"es_ES\" \/>\n<meta property=\"og:type\" content=\"article\" \/>\n<meta property=\"og:title\" content=\"The Mars Volta anuncia nuevo \u00e1lbum para este a\u00f1o - OidosSucios.Com\" \/>\n<meta property=\"og:description\" content=\"La informaci\u00f3n fue confirmada por su l\u00edder Cedric Bixler Zavala, a trav\u00e9s de un mensaje por su cuenta oficial de YouTube.\" \/>\n<meta property=\"og:url\" content=\"https:\/\/www.oidossucios.com\/site\/the-mars-volta-anuncia-nuevo-album-para-este-ano\/\" \/>\n<meta property=\"og:site_name\" content=\"OidosSucios.Com\" \/>\n<meta property=\"article:published_time\" content=\"2012-01-09T13:56:00+00:00\" \/>\n<meta property=\"og:image\" content=\"https:\/\/www.oidossucios.com\/site\/wp-content\/uploads\/2012\/01\/4771.jpg\" \/>\n\t<meta property=\"og:image:width\" content=\"350\" \/>\n\t<meta property=\"og:image:height\" content=\"300\" \/>\n<meta name=\"twitter:card\" content=\"summary_large_image\" \/>\n<meta name=\"twitter:creator\" content=\"@oidossucios\" \/>\n<script type=\"application\/ld+json\" class=\"yoast-schema-graph\">{\"@context\":\"https:\/\/schema.org\",\"@graph\":[{\"@type\":\"WebSite\",\"@id\":\"https:\/\/www.oidossucios.com\/site\/#website\",\"url\":\"https:\/\/www.oidossucios.com\/site\/\",\"name\":\"OidosSucios.Com\",\"description\":\"M\\u00fasica, conciertos, discos\",\"potentialAction\":[{\"@type\":\"SearchAction\",\"target\":\"https:\/\/www.oidossucios.com\/site\/?s={search_term_string}\",\"query-input\":\"required name=search_term_string\"}],\"inLanguage\":\"es\"},{\"@type\":\"ImageObject\",\"@id\":\"https:\/\/www.oidossucios.com\/site\/the-mars-volta-anuncia-nuevo-album-para-este-ano\/#primaryimage\",\"inLanguage\":\"es\",\"url\":\"https:\/\/www.oidossucios.com\/site\/wp-content\/uploads\/2012\/01\/4771.jpg\",\"width\":350,\"height\":300},{\"@type\":\"WebPage\",\"@id\":\"https:\/\/www.oidossucios.com\/site\/the-mars-volta-anuncia-nuevo-album-para-este-ano\/#webpage\",\"url\":\"https:\/\/www.oidossucios.com\/site\/the-mars-volta-anuncia-nuevo-album-para-este-ano\/\",\"name\":\"The Mars Volta anuncia nuevo \\u00e1lbum para este a\\u00f1o - OidosSucios.Com\",\"isPartOf\":{\"@id\":\"https:\/\/www.oidossucios.com\/site\/#website\"},\"primaryImageOfPage\":{\"@id\":\"https:\/\/www.oidossucios.com\/site\/the-mars-volta-anuncia-nuevo-album-para-este-ano\/#primaryimage\"},\"datePublished\":\"2012-01-09T13:56:00+00:00\",\"dateModified\":\"2012-01-09T13:56:00+00:00\",\"author\":{\"@id\":\"https:\/\/www.oidossucios.com\/site\/#\/schema\/person\/24559eeb76bf83a63296fb072393a688\"},\"description\":\"La informaci\\u00f3n fue confirmada por su l\\u00edder Cedric Bixler Zavala, a trav\\u00e9s de un mensaje por su cuenta oficial de YouTube.\",\"inLanguage\":\"es\",\"potentialAction\":[{\"@type\":\"ReadAction\",\"target\":[\"https:\/\/www.oidossucios.com\/site\/the-mars-volta-anuncia-nuevo-album-para-este-ano\/\"]}]},{\"@type\":[\"Person\"],\"@id\":\"https:\/\/www.oidossucios.com\/site\/#\/schema\/person\/24559eeb76bf83a63296fb072393a688\",\"name\":\"Oidossucios\",\"image\":{\"@type\":\"ImageObject\",\"@id\":\"https:\/\/www.oidossucios.com\/site\/#personlogo\",\"inLanguage\":\"es\",\"url\":\"https:\/\/secure.gravatar.com\/avatar\/74fcb480f42f1a33e50a0b6e6369a3f907be2e43dc84fa5f76c66e9c22b4a5ab?s=96&d=mm&r=g\",\"caption\":\"Oidossucios\"},\"sameAs\":[\"https:\/\/twitter.com\/oidossucios\"]}]}<\/script>\n<!-- \/ Yoast SEO plugin. -->","jetpack_sharing_enabled":true,"_links":{"self":[{"href":"https:\/\/www.oidossucios.com\/site\/wp-json\/wp\/v2\/posts\/4771","targetHints":{"allow":["GET"]}}],"collection":[{"href":"https:\/\/www.oidossucios.com\/site\/wp-json\/wp\/v2\/posts"}],"about":[{"href":"https:\/\/www.oidossucios.com\/site\/wp-json\/wp\/v2\/types\/post"}],"author":[{"embeddable":true,"href":"https:\/\/www.oidossucios.com\/site\/wp-json\/wp\/v2\/users\/4"}],"replies":[{"embeddable":true,"href":"https:\/\/www.oidossucios.com\/site\/wp-json\/wp\/v2\/comments?post=4771"}],"version-history":[{"count":0,"href":"https:\/\/www.oidossucios.com\/site\/wp-json\/wp\/v2\/posts\/4771\/revisions"}],"wp:featuredmedia":[{"embeddable":true,"href":"https:\/\/www.oidossucios.com\/site\/wp-json\/wp\/v2\/media\/100004771"}],"wp:attachment":[{"href":"https:\/\/www.oidossucios.com\/site\/wp-json\/wp\/v2\/media?parent=4771"}],"wp:term":[{"taxonomy":"category","embeddable":true,"href":"https:\/\/www.oidossucios.com\/site\/wp-json\/wp\/v2\/categories?post=4771"},{"taxonomy":"post_tag","embeddable":true,"href":"https:\/\/www.oidossucios.com\/site\/wp-json\/wp\/v2\/tags?post=4771"}],"curies":[{"name":"wp","href":"https:\/\/api.w.org\/{rel}","templated":true}]}}