{"id":4846,"date":"2012-01-20T06:26:00","date_gmt":"2012-01-20T06:26:00","guid":{"rendered":"https:\/\/www.oidossucios.com\/site\/2012\/01\/20\/aphex-twin-reeditara-el-disco-selected-ambient-works-volume-ii\/"},"modified":"2012-01-20T06:26:00","modified_gmt":"2012-01-20T06:26:00","slug":"aphex-twin-reeditara-el-disco-selected-ambient-works-volume-ii","status":"publish","type":"post","link":"https:\/\/www.oidossucios.com\/site\/aphex-twin-reeditara-el-disco-selected-ambient-works-volume-ii\/","title":{"rendered":"Aphex Twin reeditar\u00e1 el disco &#8220;Selected Ambient Works Volume II&#8221;"},"content":{"rendered":"\n<p>Richard D. James, mejor conocido como&nbsp;Aphex Twin, dio a conocer que&nbsp; lanzar\u00e1 su disco&nbsp;<i>Selected Ambient Works Volume II<\/i>&nbsp;en vinil. <\/p>\n<p>El disco editado en 1994 y producido por el propio James, quien lo describi\u00f3 como &#8220;estar parado en una estaci\u00f3n nuclear bajo los efectos del \u00e1cido&#8221;.&nbsp;<\/p>\n<p>Hasta ahora no se sabe si ha sido remasterizado o si incluir\u00e1 alg\u00fan bonus track, pero se ha confirmado que saldr\u00e1 a la venta el 6 de marzo.&nbsp;<a target=\"_blank\" href=\"http:\/\/www.midheaven.com\/item\/selected-ambient-works-ii-by-aphex-twin-3xlp\" rel=\"noopener noreferrer\">Puede pre ordenarse aqu\u00ed<\/a>.&nbsp;<\/p>\n<p>Fuente: www.rollingstone.com.mx<\/p>\n","protected":false},"excerpt":{"rendered":"<p>Richard D. James, mejor conocido como&nbsp;Aphex Twin, dio a conocer que&nbsp; lanzar\u00e1 su disco&nbsp;Selected Ambient Works Volume II&nbsp;en vinil. El disco editado en 1994 y producido por el propio James, quien lo describi\u00f3 como &#8220;estar parado en una estaci\u00f3n nuclear bajo los efectos del \u00e1cido&#8221;.&nbsp; Hasta ahora no se sabe si ha sido remasterizado o [&hellip;]<\/p>\n","protected":false},"author":4,"featured_media":100004846,"comment_status":"open","ping_status":"open","sticky":false,"template":"","format":"standard","meta":{"_jetpack_memberships_contains_paid_content":false,"footnotes":""},"categories":[142],"tags":[],"class_list":["post-4846","post","type-post","status-publish","format-standard","has-post-thumbnail","hentry","category-buzznews"],"jetpack_featured_media_url":"https:\/\/www.oidossucios.com\/site\/wp-content\/uploads\/2012\/01\/4846.jpg","yoast_head":"<!-- This site is optimized with the Yoast SEO plugin v14.0.4 - https:\/\/yoast.com\/wordpress\/plugins\/seo\/ -->\n<title>Aphex Twin reeditar\u00e1 el disco &quot;Selected Ambient Works Volume II&quot; - OidosSucios.Com<\/title>\n<meta name=\"robots\" content=\"index, follow\" \/>\n<meta name=\"googlebot\" content=\"index, follow, max-snippet:-1, max-image-preview:large, max-video-preview:-1\" \/>\n<meta name=\"bingbot\" content=\"index, follow, max-snippet:-1, max-image-preview:large, max-video-preview:-1\" \/>\n<link rel=\"canonical\" href=\"https:\/\/www.oidossucios.com\/site\/aphex-twin-reeditara-el-disco-selected-ambient-works-volume-ii\/\" \/>\n<meta property=\"og:locale\" content=\"es_ES\" \/>\n<meta property=\"og:type\" content=\"article\" \/>\n<meta property=\"og:title\" content=\"Aphex Twin reeditar\u00e1 el disco &quot;Selected Ambient Works Volume II&quot; - OidosSucios.Com\" \/>\n<meta property=\"og:description\" content=\"Richard D. James, mejor conocido como&nbsp;Aphex Twin, dio a conocer que&nbsp; lanzar\u00e1 su disco&nbsp;Selected Ambient Works Volume II&nbsp;en vinil. El disco editado en 1994 y producido por el propio James, quien lo describi\u00f3 como &#8220;estar parado en una estaci\u00f3n nuclear bajo los efectos del \u00e1cido&#8221;.&nbsp; Hasta ahora no se sabe si ha sido remasterizado o [&hellip;]\" \/>\n<meta property=\"og:url\" content=\"https:\/\/www.oidossucios.com\/site\/aphex-twin-reeditara-el-disco-selected-ambient-works-volume-ii\/\" \/>\n<meta property=\"og:site_name\" content=\"OidosSucios.Com\" \/>\n<meta property=\"article:published_time\" content=\"2012-01-20T06:26:00+00:00\" \/>\n<meta property=\"og:image\" content=\"https:\/\/www.oidossucios.com\/site\/wp-content\/uploads\/2012\/01\/4846.jpg\" \/>\n\t<meta property=\"og:image:width\" content=\"350\" \/>\n\t<meta property=\"og:image:height\" content=\"300\" \/>\n<meta name=\"twitter:card\" content=\"summary_large_image\" \/>\n<meta name=\"twitter:creator\" content=\"@oidossucios\" \/>\n<script type=\"application\/ld+json\" class=\"yoast-schema-graph\">{\"@context\":\"https:\/\/schema.org\",\"@graph\":[{\"@type\":\"WebSite\",\"@id\":\"https:\/\/www.oidossucios.com\/site\/#website\",\"url\":\"https:\/\/www.oidossucios.com\/site\/\",\"name\":\"OidosSucios.Com\",\"description\":\"M\\u00fasica, conciertos, discos\",\"potentialAction\":[{\"@type\":\"SearchAction\",\"target\":\"https:\/\/www.oidossucios.com\/site\/?s={search_term_string}\",\"query-input\":\"required name=search_term_string\"}],\"inLanguage\":\"es\"},{\"@type\":\"ImageObject\",\"@id\":\"https:\/\/www.oidossucios.com\/site\/aphex-twin-reeditara-el-disco-selected-ambient-works-volume-ii\/#primaryimage\",\"inLanguage\":\"es\",\"url\":\"https:\/\/www.oidossucios.com\/site\/wp-content\/uploads\/2012\/01\/4846.jpg\",\"width\":350,\"height\":300},{\"@type\":\"WebPage\",\"@id\":\"https:\/\/www.oidossucios.com\/site\/aphex-twin-reeditara-el-disco-selected-ambient-works-volume-ii\/#webpage\",\"url\":\"https:\/\/www.oidossucios.com\/site\/aphex-twin-reeditara-el-disco-selected-ambient-works-volume-ii\/\",\"name\":\"Aphex Twin reeditar\\u00e1 el disco \\\"Selected Ambient Works Volume II\\\" - OidosSucios.Com\",\"isPartOf\":{\"@id\":\"https:\/\/www.oidossucios.com\/site\/#website\"},\"primaryImageOfPage\":{\"@id\":\"https:\/\/www.oidossucios.com\/site\/aphex-twin-reeditara-el-disco-selected-ambient-works-volume-ii\/#primaryimage\"},\"datePublished\":\"2012-01-20T06:26:00+00:00\",\"dateModified\":\"2012-01-20T06:26:00+00:00\",\"author\":{\"@id\":\"https:\/\/www.oidossucios.com\/site\/#\/schema\/person\/24559eeb76bf83a63296fb072393a688\"},\"inLanguage\":\"es\",\"potentialAction\":[{\"@type\":\"ReadAction\",\"target\":[\"https:\/\/www.oidossucios.com\/site\/aphex-twin-reeditara-el-disco-selected-ambient-works-volume-ii\/\"]}]},{\"@type\":[\"Person\"],\"@id\":\"https:\/\/www.oidossucios.com\/site\/#\/schema\/person\/24559eeb76bf83a63296fb072393a688\",\"name\":\"Oidossucios\",\"image\":{\"@type\":\"ImageObject\",\"@id\":\"https:\/\/www.oidossucios.com\/site\/#personlogo\",\"inLanguage\":\"es\",\"url\":\"https:\/\/secure.gravatar.com\/avatar\/74fcb480f42f1a33e50a0b6e6369a3f907be2e43dc84fa5f76c66e9c22b4a5ab?s=96&d=mm&r=g\",\"caption\":\"Oidossucios\"},\"sameAs\":[\"https:\/\/twitter.com\/oidossucios\"]}]}<\/script>\n<!-- \/ Yoast SEO plugin. -->","jetpack_sharing_enabled":true,"_links":{"self":[{"href":"https:\/\/www.oidossucios.com\/site\/wp-json\/wp\/v2\/posts\/4846","targetHints":{"allow":["GET"]}}],"collection":[{"href":"https:\/\/www.oidossucios.com\/site\/wp-json\/wp\/v2\/posts"}],"about":[{"href":"https:\/\/www.oidossucios.com\/site\/wp-json\/wp\/v2\/types\/post"}],"author":[{"embeddable":true,"href":"https:\/\/www.oidossucios.com\/site\/wp-json\/wp\/v2\/users\/4"}],"replies":[{"embeddable":true,"href":"https:\/\/www.oidossucios.com\/site\/wp-json\/wp\/v2\/comments?post=4846"}],"version-history":[{"count":0,"href":"https:\/\/www.oidossucios.com\/site\/wp-json\/wp\/v2\/posts\/4846\/revisions"}],"wp:featuredmedia":[{"embeddable":true,"href":"https:\/\/www.oidossucios.com\/site\/wp-json\/wp\/v2\/media\/100004846"}],"wp:attachment":[{"href":"https:\/\/www.oidossucios.com\/site\/wp-json\/wp\/v2\/media?parent=4846"}],"wp:term":[{"taxonomy":"category","embeddable":true,"href":"https:\/\/www.oidossucios.com\/site\/wp-json\/wp\/v2\/categories?post=4846"},{"taxonomy":"post_tag","embeddable":true,"href":"https:\/\/www.oidossucios.com\/site\/wp-json\/wp\/v2\/tags?post=4846"}],"curies":[{"name":"wp","href":"https:\/\/api.w.org\/{rel}","templated":true}]}}