{"id":4894,"date":"2012-01-30T13:41:00","date_gmt":"2012-01-30T13:41:00","guid":{"rendered":"https:\/\/www.oidossucios.com\/site\/2012\/01\/30\/abba-lanzara-su-primera-cancion-en-18-anos\/"},"modified":"2012-01-30T13:41:00","modified_gmt":"2012-01-30T13:41:00","slug":"abba-lanzara-su-primera-cancion-en-18-anos","status":"publish","type":"post","link":"https:\/\/www.oidossucios.com\/site\/abba-lanzara-su-primera-cancion-en-18-anos\/","title":{"rendered":"ABBA lanzar\u00e1 su primera canci\u00f3n en 18 a\u00f1os"},"content":{"rendered":"<p>Por <\/p>\n<p>Los ex integrantes de&nbsp;ABBA&nbsp;anunciaron el relanzamiento de su disco&nbsp;<i>The Visitors<\/i>, el cual estar\u00e1 disponible a partir del pr\u00f3ximo 23 de abril.&nbsp;<\/p>\n<p>En este material se incluir\u00e1 la canci\u00f3n in\u00e9dita &#8220;From a Twinkling Star to a Passing Angel&#8221;, que fue un demo grabado durante las sesiones de&nbsp;<i>The Visitors<\/i>, que originalmente sali\u00f3 a la venta en 1981. Este material ser\u00e1 el primer lanzamiento de&nbsp;ABBA&nbsp;desde la salida del box set de&nbsp;<i>Thank You for the Music<\/i>, en 1994.&nbsp;<\/p>\n<p>La nueva versi\u00f3n de&nbsp;<i>The Visitors<\/i>&nbsp;incluir\u00e1 adem\u00e1s seis bonus tracks y un&nbsp;DVD&nbsp;con escenas in\u00e9ditas de la banda sueca, incluyendo su \u00faltima actuaci\u00f3n en el programa&nbsp;<i>Late Late Breakfast Show<\/i>&nbsp;de la&nbsp;BBC, transmitido en diciembre de 1982. <\/p>\n<p>ABBA&nbsp;se desintegr\u00f3 en 1982 y desde entonces se han negado a regresar a los escenarios, incluso para su inducci\u00f3n al Sal\u00f3n de la fama del Rock &amp; Roll&nbsp;en 2010.&nbsp;<\/p>\n<p><\/p>\n<p><\/p>\n<p>&nbsp;<\/p>\n<p>Fuente: www.rollingstone.com.mx<\/p>\n","protected":false},"excerpt":{"rendered":"<p>Los ex integrantes de ABBA anunciaron el relanzamiento de su disco &quot;The Visitors&quot;, el cual estar\u00e1 disponible a partir del pr\u00f3ximo 23 de abril<\/p>\n","protected":false},"author":4,"featured_media":100004894,"comment_status":"open","ping_status":"open","sticky":false,"template":"","format":"standard","meta":{"_jetpack_memberships_contains_paid_content":false,"footnotes":""},"categories":[685],"tags":[],"class_list":["post-4894","post","type-post","status-publish","format-standard","has-post-thumbnail","hentry","category-ultima"],"jetpack_featured_media_url":"https:\/\/www.oidossucios.com\/site\/wp-content\/uploads\/2012\/01\/4894.jpg","yoast_head":"<!-- This site is optimized with the Yoast SEO plugin v14.0.4 - https:\/\/yoast.com\/wordpress\/plugins\/seo\/ -->\n<title>ABBA lanzar\u00e1 su primera canci\u00f3n en 18 a\u00f1os - OidosSucios.Com<\/title>\n<meta name=\"description\" content=\"Los ex integrantes de ABBA anunciaron el relanzamiento de su disco &quot;The Visitors&quot;, el cual estar\u00e1 disponible a partir del pr\u00f3ximo 23 de abril\" \/>\n<meta name=\"robots\" content=\"index, follow\" \/>\n<meta name=\"googlebot\" content=\"index, follow, max-snippet:-1, max-image-preview:large, max-video-preview:-1\" \/>\n<meta name=\"bingbot\" content=\"index, follow, max-snippet:-1, max-image-preview:large, max-video-preview:-1\" \/>\n<link rel=\"canonical\" href=\"https:\/\/www.oidossucios.com\/site\/abba-lanzara-su-primera-cancion-en-18-anos\/\" \/>\n<meta property=\"og:locale\" content=\"es_ES\" \/>\n<meta property=\"og:type\" content=\"article\" \/>\n<meta property=\"og:title\" content=\"ABBA lanzar\u00e1 su primera canci\u00f3n en 18 a\u00f1os - OidosSucios.Com\" \/>\n<meta property=\"og:description\" content=\"Los ex integrantes de ABBA anunciaron el relanzamiento de su disco &quot;The Visitors&quot;, el cual estar\u00e1 disponible a partir del pr\u00f3ximo 23 de abril\" \/>\n<meta property=\"og:url\" content=\"https:\/\/www.oidossucios.com\/site\/abba-lanzara-su-primera-cancion-en-18-anos\/\" \/>\n<meta property=\"og:site_name\" content=\"OidosSucios.Com\" \/>\n<meta property=\"article:published_time\" content=\"2012-01-30T13:41:00+00:00\" \/>\n<meta property=\"og:image\" content=\"https:\/\/www.oidossucios.com\/site\/wp-content\/uploads\/2012\/01\/4894.jpg\" \/>\n\t<meta property=\"og:image:width\" content=\"350\" \/>\n\t<meta property=\"og:image:height\" content=\"300\" \/>\n<meta name=\"twitter:card\" content=\"summary_large_image\" \/>\n<meta name=\"twitter:creator\" content=\"@oidossucios\" \/>\n<script type=\"application\/ld+json\" class=\"yoast-schema-graph\">{\"@context\":\"https:\/\/schema.org\",\"@graph\":[{\"@type\":\"WebSite\",\"@id\":\"https:\/\/www.oidossucios.com\/site\/#website\",\"url\":\"https:\/\/www.oidossucios.com\/site\/\",\"name\":\"OidosSucios.Com\",\"description\":\"M\\u00fasica, conciertos, discos\",\"potentialAction\":[{\"@type\":\"SearchAction\",\"target\":\"https:\/\/www.oidossucios.com\/site\/?s={search_term_string}\",\"query-input\":\"required name=search_term_string\"}],\"inLanguage\":\"es\"},{\"@type\":\"ImageObject\",\"@id\":\"https:\/\/www.oidossucios.com\/site\/abba-lanzara-su-primera-cancion-en-18-anos\/#primaryimage\",\"inLanguage\":\"es\",\"url\":\"https:\/\/www.oidossucios.com\/site\/wp-content\/uploads\/2012\/01\/4894.jpg\",\"width\":350,\"height\":300},{\"@type\":\"WebPage\",\"@id\":\"https:\/\/www.oidossucios.com\/site\/abba-lanzara-su-primera-cancion-en-18-anos\/#webpage\",\"url\":\"https:\/\/www.oidossucios.com\/site\/abba-lanzara-su-primera-cancion-en-18-anos\/\",\"name\":\"ABBA lanzar\\u00e1 su primera canci\\u00f3n en 18 a\\u00f1os - OidosSucios.Com\",\"isPartOf\":{\"@id\":\"https:\/\/www.oidossucios.com\/site\/#website\"},\"primaryImageOfPage\":{\"@id\":\"https:\/\/www.oidossucios.com\/site\/abba-lanzara-su-primera-cancion-en-18-anos\/#primaryimage\"},\"datePublished\":\"2012-01-30T13:41:00+00:00\",\"dateModified\":\"2012-01-30T13:41:00+00:00\",\"author\":{\"@id\":\"https:\/\/www.oidossucios.com\/site\/#\/schema\/person\/24559eeb76bf83a63296fb072393a688\"},\"description\":\"Los ex integrantes de ABBA anunciaron el relanzamiento de su disco &quot;The Visitors&quot;, el cual estar\\u00e1 disponible a partir del pr\\u00f3ximo 23 de abril\",\"inLanguage\":\"es\",\"potentialAction\":[{\"@type\":\"ReadAction\",\"target\":[\"https:\/\/www.oidossucios.com\/site\/abba-lanzara-su-primera-cancion-en-18-anos\/\"]}]},{\"@type\":[\"Person\"],\"@id\":\"https:\/\/www.oidossucios.com\/site\/#\/schema\/person\/24559eeb76bf83a63296fb072393a688\",\"name\":\"Oidossucios\",\"image\":{\"@type\":\"ImageObject\",\"@id\":\"https:\/\/www.oidossucios.com\/site\/#personlogo\",\"inLanguage\":\"es\",\"url\":\"https:\/\/secure.gravatar.com\/avatar\/74fcb480f42f1a33e50a0b6e6369a3f907be2e43dc84fa5f76c66e9c22b4a5ab?s=96&d=mm&r=g\",\"caption\":\"Oidossucios\"},\"sameAs\":[\"https:\/\/twitter.com\/oidossucios\"]}]}<\/script>\n<!-- \/ Yoast SEO plugin. -->","jetpack_sharing_enabled":true,"_links":{"self":[{"href":"https:\/\/www.oidossucios.com\/site\/wp-json\/wp\/v2\/posts\/4894","targetHints":{"allow":["GET"]}}],"collection":[{"href":"https:\/\/www.oidossucios.com\/site\/wp-json\/wp\/v2\/posts"}],"about":[{"href":"https:\/\/www.oidossucios.com\/site\/wp-json\/wp\/v2\/types\/post"}],"author":[{"embeddable":true,"href":"https:\/\/www.oidossucios.com\/site\/wp-json\/wp\/v2\/users\/4"}],"replies":[{"embeddable":true,"href":"https:\/\/www.oidossucios.com\/site\/wp-json\/wp\/v2\/comments?post=4894"}],"version-history":[{"count":0,"href":"https:\/\/www.oidossucios.com\/site\/wp-json\/wp\/v2\/posts\/4894\/revisions"}],"wp:featuredmedia":[{"embeddable":true,"href":"https:\/\/www.oidossucios.com\/site\/wp-json\/wp\/v2\/media\/100004894"}],"wp:attachment":[{"href":"https:\/\/www.oidossucios.com\/site\/wp-json\/wp\/v2\/media?parent=4894"}],"wp:term":[{"taxonomy":"category","embeddable":true,"href":"https:\/\/www.oidossucios.com\/site\/wp-json\/wp\/v2\/categories?post=4894"},{"taxonomy":"post_tag","embeddable":true,"href":"https:\/\/www.oidossucios.com\/site\/wp-json\/wp\/v2\/tags?post=4894"}],"curies":[{"name":"wp","href":"https:\/\/api.w.org\/{rel}","templated":true}]}}