{"id":49,"date":"2009-04-29T16:06:31","date_gmt":"2009-04-29T16:06:31","guid":{"rendered":"https:\/\/www.oidossucios.com\/site\/2009\/04\/29\/alice-in-chains-tiene-listo-un-nuevo-album\/"},"modified":"2009-04-29T16:06:31","modified_gmt":"2009-04-29T16:06:31","slug":"alice-in-chains-tiene-listo-un-nuevo-album","status":"publish","type":"post","link":"https:\/\/www.oidossucios.com\/site\/alice-in-chains-tiene-listo-un-nuevo-album\/","title":{"rendered":"Alice in Chains tiene listo un nuevo \u00e1lbum"},"content":{"rendered":"<p>Desde hace menos de una semana Alice in Chains tiene listo su nuevo material discogr\u00e1fico, el primero en 14 a\u00f1os.<\/p>\n<p>Jerry Cantrell coment\u00f3 que el \u00e1lbum les tom\u00f3 6 meses de trabajo y que fue realizado con la participaci\u00f3n de toda la banda, con buenas ideas provenientes de todos los integrantes.<\/p>\n<p>Este \u00e1lbum, a\u00fan sin nombre, tambi\u00e9n marca el debut del cantante William DuVall, quien colabora con la banda desde 2006.<\/p>\n<p>Aunque se desconocen los detalles, en el mes de septiembre podr\u00eda ser el lanzamiento y el comienzo de una gira.        <\/p>\n","protected":false},"excerpt":{"rendered":"<p>La banda de Seattle concluy\u00f3 la grabaci\u00f3n de su nuevo \u00e1lbum, el primero en 14 a\u00f1os y con nuevo cantante.<\/p>\n","protected":false},"author":4,"featured_media":0,"comment_status":"open","ping_status":"open","sticky":false,"template":"","format":"standard","meta":{"_jetpack_memberships_contains_paid_content":false,"footnotes":""},"categories":[142],"tags":[],"class_list":["post-49","post","type-post","status-publish","format-standard","hentry","category-buzznews"],"jetpack_featured_media_url":"","yoast_head":"<!-- This site is optimized with the Yoast SEO plugin v14.0.4 - https:\/\/yoast.com\/wordpress\/plugins\/seo\/ -->\n<title>Alice in Chains tiene listo un nuevo \u00e1lbum - OidosSucios.Com<\/title>\n<meta name=\"description\" content=\"La banda de Seattle concluy\u00f3 la grabaci\u00f3n de su nuevo \u00e1lbum, el primero en 14 a\u00f1os y con nuevo cantante.\" \/>\n<meta name=\"robots\" content=\"index, follow\" \/>\n<meta name=\"googlebot\" content=\"index, follow, max-snippet:-1, max-image-preview:large, max-video-preview:-1\" \/>\n<meta name=\"bingbot\" content=\"index, follow, max-snippet:-1, max-image-preview:large, max-video-preview:-1\" \/>\n<link rel=\"canonical\" href=\"https:\/\/www.oidossucios.com\/site\/alice-in-chains-tiene-listo-un-nuevo-album\/\" \/>\n<meta property=\"og:locale\" content=\"es_ES\" \/>\n<meta property=\"og:type\" content=\"article\" \/>\n<meta property=\"og:title\" content=\"Alice in Chains tiene listo un nuevo \u00e1lbum - OidosSucios.Com\" \/>\n<meta property=\"og:description\" content=\"La banda de Seattle concluy\u00f3 la grabaci\u00f3n de su nuevo \u00e1lbum, el primero en 14 a\u00f1os y con nuevo cantante.\" \/>\n<meta property=\"og:url\" content=\"https:\/\/www.oidossucios.com\/site\/alice-in-chains-tiene-listo-un-nuevo-album\/\" \/>\n<meta property=\"og:site_name\" content=\"OidosSucios.Com\" \/>\n<meta property=\"article:published_time\" content=\"2009-04-29T16:06:31+00:00\" \/>\n<meta name=\"twitter:card\" content=\"summary_large_image\" \/>\n<meta name=\"twitter:creator\" content=\"@oidossucios\" \/>\n<script type=\"application\/ld+json\" class=\"yoast-schema-graph\">{\"@context\":\"https:\/\/schema.org\",\"@graph\":[{\"@type\":\"WebSite\",\"@id\":\"https:\/\/www.oidossucios.com\/site\/#website\",\"url\":\"https:\/\/www.oidossucios.com\/site\/\",\"name\":\"OidosSucios.Com\",\"description\":\"M\\u00fasica, conciertos, discos\",\"potentialAction\":[{\"@type\":\"SearchAction\",\"target\":\"https:\/\/www.oidossucios.com\/site\/?s={search_term_string}\",\"query-input\":\"required name=search_term_string\"}],\"inLanguage\":\"es\"},{\"@type\":\"WebPage\",\"@id\":\"https:\/\/www.oidossucios.com\/site\/alice-in-chains-tiene-listo-un-nuevo-album\/#webpage\",\"url\":\"https:\/\/www.oidossucios.com\/site\/alice-in-chains-tiene-listo-un-nuevo-album\/\",\"name\":\"Alice in Chains tiene listo un nuevo \\u00e1lbum - OidosSucios.Com\",\"isPartOf\":{\"@id\":\"https:\/\/www.oidossucios.com\/site\/#website\"},\"datePublished\":\"2009-04-29T16:06:31+00:00\",\"dateModified\":\"2009-04-29T16:06:31+00:00\",\"author\":{\"@id\":\"https:\/\/www.oidossucios.com\/site\/#\/schema\/person\/24559eeb76bf83a63296fb072393a688\"},\"description\":\"La banda de Seattle concluy\\u00f3 la grabaci\\u00f3n de su nuevo \\u00e1lbum, el primero en 14 a\\u00f1os y con nuevo cantante.\",\"inLanguage\":\"es\",\"potentialAction\":[{\"@type\":\"ReadAction\",\"target\":[\"https:\/\/www.oidossucios.com\/site\/alice-in-chains-tiene-listo-un-nuevo-album\/\"]}]},{\"@type\":[\"Person\"],\"@id\":\"https:\/\/www.oidossucios.com\/site\/#\/schema\/person\/24559eeb76bf83a63296fb072393a688\",\"name\":\"Oidossucios\",\"image\":{\"@type\":\"ImageObject\",\"@id\":\"https:\/\/www.oidossucios.com\/site\/#personlogo\",\"inLanguage\":\"es\",\"url\":\"https:\/\/secure.gravatar.com\/avatar\/74fcb480f42f1a33e50a0b6e6369a3f907be2e43dc84fa5f76c66e9c22b4a5ab?s=96&d=mm&r=g\",\"caption\":\"Oidossucios\"},\"sameAs\":[\"https:\/\/twitter.com\/oidossucios\"]}]}<\/script>\n<!-- \/ Yoast SEO plugin. -->","jetpack_sharing_enabled":true,"_links":{"self":[{"href":"https:\/\/www.oidossucios.com\/site\/wp-json\/wp\/v2\/posts\/49","targetHints":{"allow":["GET"]}}],"collection":[{"href":"https:\/\/www.oidossucios.com\/site\/wp-json\/wp\/v2\/posts"}],"about":[{"href":"https:\/\/www.oidossucios.com\/site\/wp-json\/wp\/v2\/types\/post"}],"author":[{"embeddable":true,"href":"https:\/\/www.oidossucios.com\/site\/wp-json\/wp\/v2\/users\/4"}],"replies":[{"embeddable":true,"href":"https:\/\/www.oidossucios.com\/site\/wp-json\/wp\/v2\/comments?post=49"}],"version-history":[{"count":0,"href":"https:\/\/www.oidossucios.com\/site\/wp-json\/wp\/v2\/posts\/49\/revisions"}],"wp:attachment":[{"href":"https:\/\/www.oidossucios.com\/site\/wp-json\/wp\/v2\/media?parent=49"}],"wp:term":[{"taxonomy":"category","embeddable":true,"href":"https:\/\/www.oidossucios.com\/site\/wp-json\/wp\/v2\/categories?post=49"},{"taxonomy":"post_tag","embeddable":true,"href":"https:\/\/www.oidossucios.com\/site\/wp-json\/wp\/v2\/tags?post=49"}],"curies":[{"name":"wp","href":"https:\/\/api.w.org\/{rel}","templated":true}]}}