{"id":4913,"date":"2012-02-01T19:12:00","date_gmt":"2012-02-01T19:12:00","guid":{"rendered":"https:\/\/www.oidossucios.com\/site\/2012\/02\/01\/ac-dc-posterga-las-grabaciones-de-su-nuevo-disco\/"},"modified":"2012-02-01T19:12:00","modified_gmt":"2012-02-01T19:12:00","slug":"ac-dc-posterga-las-grabaciones-de-su-nuevo-disco","status":"publish","type":"post","link":"https:\/\/www.oidossucios.com\/site\/ac-dc-posterga-las-grabaciones-de-su-nuevo-disco\/","title":{"rendered":"AC\/DC posterga las grabaciones de su nuevo disco"},"content":{"rendered":"\n<p>Los integrantes de&nbsp;AC\/DC&nbsp;anunciaron que retrasar\u00e1n las grabaciones de su nuevo disco, el sucesor de&nbsp;<i>Black Ice<\/i>, de 2008. <\/p>\n<p>El motivo de esta pausa aparentemente es la salud de uno de los integrantes, de quien no se dio a conocer ni el nombre, ni el estado. El l\u00edder de&nbsp;AC\/DC, Brian Johnson,&nbsp;dijo en entrevista a The Cowhead Show que espera que el disco pueda estar listo para este mismo a\u00f1o. &#8220;Ojal\u00e1 podamos volver a estar juntos de nuevo, uno de los chicos est\u00e1 un poco enfermo y no puedo decir nada, pero est\u00e1 mejorando.&#8221; <\/p>\n<p>Cuando se le pregunt\u00f3 a&nbsp;Johnson&nbsp;si se trataba de una enfermedad grave, el m\u00fasico respondi\u00f3&#8221;. No, pero s\u00f3lo est\u00e1 mal. \u00c9l lo est\u00e1 haciendo maravilloso. Esperamos la recuperaci\u00f3n total.&#8221;&nbsp;<\/p>\n<p>Por su parte,&nbsp;Brian Johnson&nbsp;tambi\u00e9n tuvo que posponer su gira en solitario luego de haber sido sometido a una cirug\u00eda en la mu\u00f1eca. El l\u00edder de&nbsp;AC\/DC&nbsp;ten\u00eda planeadas diez fechas en Estados Unidos durante este mes de febrero, como parte de la promoci\u00f3n de su libro biogr\u00e1fico,&nbsp;<i>Rockers And Rollers: A Full-Throttle Memoir<\/i>.&nbsp;<\/p>\n<p><\/p>\n<p>&nbsp;<\/p>\n<p>Fuente: www.rollingstone.com.mx<\/p>\n","protected":false},"excerpt":{"rendered":"<p>Los integrantes de&nbsp;AC\/DC&nbsp;anunciaron que retrasar\u00e1n las grabaciones de su nuevo disco, el sucesor de&nbsp;Black Ice, de 2008. El motivo de esta pausa aparentemente es la salud de uno de los integrantes, de quien no se dio a conocer ni el nombre, ni el estado. El l\u00edder de&nbsp;AC\/DC, Brian Johnson,&nbsp;dijo en entrevista a The Cowhead Show [&hellip;]<\/p>\n","protected":false},"author":4,"featured_media":100004913,"comment_status":"open","ping_status":"open","sticky":false,"template":"","format":"standard","meta":{"_jetpack_memberships_contains_paid_content":false,"footnotes":""},"categories":[142],"tags":[],"class_list":["post-4913","post","type-post","status-publish","format-standard","has-post-thumbnail","hentry","category-buzznews"],"jetpack_featured_media_url":"https:\/\/www.oidossucios.com\/site\/wp-content\/uploads\/2012\/02\/4913.jpg","yoast_head":"<!-- This site is optimized with the Yoast SEO plugin v14.0.4 - https:\/\/yoast.com\/wordpress\/plugins\/seo\/ -->\n<title>AC\/DC posterga las grabaciones de su nuevo disco - OidosSucios.Com<\/title>\n<meta name=\"robots\" content=\"index, follow\" \/>\n<meta name=\"googlebot\" content=\"index, follow, max-snippet:-1, max-image-preview:large, max-video-preview:-1\" \/>\n<meta name=\"bingbot\" content=\"index, follow, max-snippet:-1, max-image-preview:large, max-video-preview:-1\" \/>\n<link rel=\"canonical\" href=\"https:\/\/www.oidossucios.com\/site\/ac-dc-posterga-las-grabaciones-de-su-nuevo-disco\/\" \/>\n<meta property=\"og:locale\" content=\"es_ES\" \/>\n<meta property=\"og:type\" content=\"article\" \/>\n<meta property=\"og:title\" content=\"AC\/DC posterga las grabaciones de su nuevo disco - OidosSucios.Com\" \/>\n<meta property=\"og:description\" content=\"Los integrantes de&nbsp;AC\/DC&nbsp;anunciaron que retrasar\u00e1n las grabaciones de su nuevo disco, el sucesor de&nbsp;Black Ice, de 2008. El motivo de esta pausa aparentemente es la salud de uno de los integrantes, de quien no se dio a conocer ni el nombre, ni el estado. El l\u00edder de&nbsp;AC\/DC, Brian Johnson,&nbsp;dijo en entrevista a The Cowhead Show [&hellip;]\" \/>\n<meta property=\"og:url\" content=\"https:\/\/www.oidossucios.com\/site\/ac-dc-posterga-las-grabaciones-de-su-nuevo-disco\/\" \/>\n<meta property=\"og:site_name\" content=\"OidosSucios.Com\" \/>\n<meta property=\"article:published_time\" content=\"2012-02-01T19:12:00+00:00\" \/>\n<meta property=\"og:image\" content=\"https:\/\/www.oidossucios.com\/site\/wp-content\/uploads\/2012\/02\/4913.jpg\" \/>\n\t<meta property=\"og:image:width\" content=\"350\" \/>\n\t<meta property=\"og:image:height\" content=\"300\" \/>\n<meta name=\"twitter:card\" content=\"summary_large_image\" \/>\n<meta name=\"twitter:creator\" content=\"@oidossucios\" \/>\n<script type=\"application\/ld+json\" class=\"yoast-schema-graph\">{\"@context\":\"https:\/\/schema.org\",\"@graph\":[{\"@type\":\"WebSite\",\"@id\":\"https:\/\/www.oidossucios.com\/site\/#website\",\"url\":\"https:\/\/www.oidossucios.com\/site\/\",\"name\":\"OidosSucios.Com\",\"description\":\"M\\u00fasica, conciertos, discos\",\"potentialAction\":[{\"@type\":\"SearchAction\",\"target\":\"https:\/\/www.oidossucios.com\/site\/?s={search_term_string}\",\"query-input\":\"required name=search_term_string\"}],\"inLanguage\":\"es\"},{\"@type\":\"ImageObject\",\"@id\":\"https:\/\/www.oidossucios.com\/site\/ac-dc-posterga-las-grabaciones-de-su-nuevo-disco\/#primaryimage\",\"inLanguage\":\"es\",\"url\":\"https:\/\/www.oidossucios.com\/site\/wp-content\/uploads\/2012\/02\/4913.jpg\",\"width\":350,\"height\":300},{\"@type\":\"WebPage\",\"@id\":\"https:\/\/www.oidossucios.com\/site\/ac-dc-posterga-las-grabaciones-de-su-nuevo-disco\/#webpage\",\"url\":\"https:\/\/www.oidossucios.com\/site\/ac-dc-posterga-las-grabaciones-de-su-nuevo-disco\/\",\"name\":\"AC\/DC posterga las grabaciones de su nuevo disco - OidosSucios.Com\",\"isPartOf\":{\"@id\":\"https:\/\/www.oidossucios.com\/site\/#website\"},\"primaryImageOfPage\":{\"@id\":\"https:\/\/www.oidossucios.com\/site\/ac-dc-posterga-las-grabaciones-de-su-nuevo-disco\/#primaryimage\"},\"datePublished\":\"2012-02-01T19:12:00+00:00\",\"dateModified\":\"2012-02-01T19:12:00+00:00\",\"author\":{\"@id\":\"https:\/\/www.oidossucios.com\/site\/#\/schema\/person\/24559eeb76bf83a63296fb072393a688\"},\"inLanguage\":\"es\",\"potentialAction\":[{\"@type\":\"ReadAction\",\"target\":[\"https:\/\/www.oidossucios.com\/site\/ac-dc-posterga-las-grabaciones-de-su-nuevo-disco\/\"]}]},{\"@type\":[\"Person\"],\"@id\":\"https:\/\/www.oidossucios.com\/site\/#\/schema\/person\/24559eeb76bf83a63296fb072393a688\",\"name\":\"Oidossucios\",\"image\":{\"@type\":\"ImageObject\",\"@id\":\"https:\/\/www.oidossucios.com\/site\/#personlogo\",\"inLanguage\":\"es\",\"url\":\"https:\/\/secure.gravatar.com\/avatar\/74fcb480f42f1a33e50a0b6e6369a3f907be2e43dc84fa5f76c66e9c22b4a5ab?s=96&d=mm&r=g\",\"caption\":\"Oidossucios\"},\"sameAs\":[\"https:\/\/twitter.com\/oidossucios\"]}]}<\/script>\n<!-- \/ Yoast SEO plugin. -->","jetpack_sharing_enabled":true,"_links":{"self":[{"href":"https:\/\/www.oidossucios.com\/site\/wp-json\/wp\/v2\/posts\/4913","targetHints":{"allow":["GET"]}}],"collection":[{"href":"https:\/\/www.oidossucios.com\/site\/wp-json\/wp\/v2\/posts"}],"about":[{"href":"https:\/\/www.oidossucios.com\/site\/wp-json\/wp\/v2\/types\/post"}],"author":[{"embeddable":true,"href":"https:\/\/www.oidossucios.com\/site\/wp-json\/wp\/v2\/users\/4"}],"replies":[{"embeddable":true,"href":"https:\/\/www.oidossucios.com\/site\/wp-json\/wp\/v2\/comments?post=4913"}],"version-history":[{"count":0,"href":"https:\/\/www.oidossucios.com\/site\/wp-json\/wp\/v2\/posts\/4913\/revisions"}],"wp:featuredmedia":[{"embeddable":true,"href":"https:\/\/www.oidossucios.com\/site\/wp-json\/wp\/v2\/media\/100004913"}],"wp:attachment":[{"href":"https:\/\/www.oidossucios.com\/site\/wp-json\/wp\/v2\/media?parent=4913"}],"wp:term":[{"taxonomy":"category","embeddable":true,"href":"https:\/\/www.oidossucios.com\/site\/wp-json\/wp\/v2\/categories?post=4913"},{"taxonomy":"post_tag","embeddable":true,"href":"https:\/\/www.oidossucios.com\/site\/wp-json\/wp\/v2\/tags?post=4913"}],"curies":[{"name":"wp","href":"https:\/\/api.w.org\/{rel}","templated":true}]}}