{"id":4915,"date":"2012-02-01T19:35:00","date_gmt":"2012-02-01T19:35:00","guid":{"rendered":"https:\/\/www.oidossucios.com\/site\/2012\/02\/01\/corey-taylor-revela-mas-detalles-de-su-trabajo-con-dave-grohl\/"},"modified":"2012-02-01T19:35:00","modified_gmt":"2012-02-01T19:35:00","slug":"corey-taylor-revela-mas-detalles-de-su-trabajo-con-dave-grohl","status":"publish","type":"post","link":"https:\/\/www.oidossucios.com\/site\/corey-taylor-revela-mas-detalles-de-su-trabajo-con-dave-grohl\/","title":{"rendered":"Corey Taylor revela m\u00e1s detalles de su trabajo con Dave Grohl"},"content":{"rendered":"\n<p>Hace algunos d\u00edas revel\u00f3 la informaci\u00f3n que&nbsp;Dave Grohl&nbsp;y&nbsp;Corey Taylor, cantante de Slipknot, estaban trabajando juntos en un nuevo proyecto, y no se ofrecieron m\u00e1s detalles al respecto.&nbsp;<\/p>\n<p>Ahora,&nbsp;Corey Taylor&nbsp;finalmente confirm\u00f3 que se trata de una canci\u00f3n que grab\u00f3 al lado del l\u00edder de Foo Fighters y el productor&nbsp;Butch Vig (de Garbage, productor de <i>Nevermind<\/i>), la cual formar\u00e1 parte del <a href=\"\/buzznews\/4253\/dave-grohl-realizara-documental-sobre-los-sound\/\">documental que Dave Grohl&nbsp;est\u00e1 haciendo sobre los estudios&nbsp;Sound City<\/a>, mismo estudio&nbsp;Nirvana&nbsp;grab\u00f3 el legendario&nbsp;<i>Nevermind<\/i>, y por el que han desfilado much\u00edsimos m\u00fasicos y bandas.&nbsp;<\/p>\n<p>&#8220;Dave est\u00e1 haciendo un documental sobre Sound City, donde todo el mundo ha grabado, y \u00e9l va poco a poco llegando a todas esas personas para ponerlas juntas y hacer m\u00fasica de nuevo en el tablero,&#8221; explic\u00f3 el l\u00edder de&nbsp;Slipknot. &#8220;\u00c9l me llam\u00f3 y me dijo &#8220;\u00bfTe gustar\u00eda hacer una canci\u00f3n?&#8221; Yo dije &#8220;\u00bfEn serio? Estoy en un avi\u00f3n ahora mismo.&#8221; Es genial porque soy yo, Dave y&nbsp;Rick Nielsen&nbsp;en la canci\u00f3n. Es una enorme marca en mi lista de deseos. Estoy en \u00e9xtasis. Es una canci\u00f3n realmente buena.&#8221;&nbsp;<\/p>\n<p>M\u00e1s adelante se dar\u00e1n a conocer todos los detalles sobre este documental como los nombres de las bandas y m\u00fasicos que participar\u00e1n en \u00e9l y m\u00e1s.<\/p>\n<p><!--nextpage--><img decoding=\"async\" class=\"aligncenter size-medium wp-image-111115222\" src=\"https:\/\/www.oidossucios.com\/site\/wp-content\/uploads\/2020\/02\/5222.jpg\" alt=\"Corey Taylor revela m\u00e1s detalles de su trabajo con Dave Grohl\"  \/><a href='https:\/\/www.oidossucios.com\/site\/corey-taylor-revela-mas-detalles-de-su-trabajo-con-dave-grohl\/2\/'\n                        onclick='if (tpsInstance) { tpsInstance.setNext(); return false; }'\n                        rel='next'\n                        style=''\n                        class=''>Ver galer\u00eda<\/a>]]><\/p>\n","protected":false},"excerpt":{"rendered":"<p>Corey Taylor finalmente confirm\u00f3 que la canci\u00f3n que grab\u00f3 al lado del l\u00edder de Foo Fighters, formar\u00e1 parte del documental que Dave Grohl est\u00e1 haciendo sobre los estudios Sound City.<\/p>\n","protected":false},"author":4,"featured_media":100004915,"comment_status":"open","ping_status":"open","sticky":false,"template":"","format":"standard","meta":{"_jetpack_memberships_contains_paid_content":false,"footnotes":""},"categories":[250],"tags":[],"class_list":["post-4915","post","type-post","status-publish","format-standard","has-post-thumbnail","hentry","category-noticias"],"jetpack_featured_media_url":"https:\/\/www.oidossucios.com\/site\/wp-content\/uploads\/2012\/02\/4915.jpg","yoast_head":"<!-- This site is optimized with the Yoast SEO plugin v14.0.4 - https:\/\/yoast.com\/wordpress\/plugins\/seo\/ -->\n<title>Corey Taylor revela m\u00e1s detalles de su trabajo con Dave Grohl - OidosSucios.Com<\/title>\n<meta name=\"description\" content=\"Corey Taylor finalmente confirm\u00f3 que la canci\u00f3n que grab\u00f3 al lado del l\u00edder de Foo Fighters, formar\u00e1 parte del documental que Dave Grohl est\u00e1 haciendo sobre los estudios Sound City.\" \/>\n<meta name=\"robots\" content=\"index, follow\" \/>\n<meta name=\"googlebot\" content=\"index, follow, max-snippet:-1, max-image-preview:large, max-video-preview:-1\" \/>\n<meta name=\"bingbot\" content=\"index, follow, max-snippet:-1, max-image-preview:large, max-video-preview:-1\" \/>\n<link rel=\"canonical\" href=\"https:\/\/www.oidossucios.com\/site\/corey-taylor-revela-mas-detalles-de-su-trabajo-con-dave-grohl\/\" \/>\n<link rel=\"next\" href=\"https:\/\/www.oidossucios.com\/site\/corey-taylor-revela-mas-detalles-de-su-trabajo-con-dave-grohl\/2\/\" \/>\n<meta property=\"og:locale\" content=\"es_ES\" \/>\n<meta property=\"og:type\" content=\"article\" \/>\n<meta property=\"og:title\" content=\"Corey Taylor revela m\u00e1s detalles de su trabajo con Dave Grohl - OidosSucios.Com\" \/>\n<meta property=\"og:description\" content=\"Corey Taylor finalmente confirm\u00f3 que la canci\u00f3n que grab\u00f3 al lado del l\u00edder de Foo Fighters, formar\u00e1 parte del documental que Dave Grohl est\u00e1 haciendo sobre los estudios Sound City.\" \/>\n<meta property=\"og:url\" content=\"https:\/\/www.oidossucios.com\/site\/corey-taylor-revela-mas-detalles-de-su-trabajo-con-dave-grohl\/\" \/>\n<meta property=\"og:site_name\" content=\"OidosSucios.Com\" \/>\n<meta property=\"article:published_time\" content=\"2012-02-01T19:35:00+00:00\" \/>\n<meta property=\"og:image\" content=\"https:\/\/www.oidossucios.com\/site\/wp-content\/uploads\/2012\/02\/4915.jpg\" \/>\n\t<meta property=\"og:image:width\" content=\"350\" \/>\n\t<meta property=\"og:image:height\" content=\"300\" \/>\n<meta name=\"twitter:card\" content=\"summary_large_image\" \/>\n<meta name=\"twitter:creator\" content=\"@oidossucios\" \/>\n<script type=\"application\/ld+json\" class=\"yoast-schema-graph\">{\"@context\":\"https:\/\/schema.org\",\"@graph\":[{\"@type\":\"WebSite\",\"@id\":\"https:\/\/www.oidossucios.com\/site\/#website\",\"url\":\"https:\/\/www.oidossucios.com\/site\/\",\"name\":\"OidosSucios.Com\",\"description\":\"M\\u00fasica, conciertos, discos\",\"potentialAction\":[{\"@type\":\"SearchAction\",\"target\":\"https:\/\/www.oidossucios.com\/site\/?s={search_term_string}\",\"query-input\":\"required name=search_term_string\"}],\"inLanguage\":\"es\"},{\"@type\":\"ImageObject\",\"@id\":\"https:\/\/www.oidossucios.com\/site\/corey-taylor-revela-mas-detalles-de-su-trabajo-con-dave-grohl\/#primaryimage\",\"inLanguage\":\"es\",\"url\":\"https:\/\/www.oidossucios.com\/site\/wp-content\/uploads\/2012\/02\/4915.jpg\",\"width\":350,\"height\":300},{\"@type\":\"WebPage\",\"@id\":\"https:\/\/www.oidossucios.com\/site\/corey-taylor-revela-mas-detalles-de-su-trabajo-con-dave-grohl\/#webpage\",\"url\":\"https:\/\/www.oidossucios.com\/site\/corey-taylor-revela-mas-detalles-de-su-trabajo-con-dave-grohl\/\",\"name\":\"Corey Taylor revela m\\u00e1s detalles de su trabajo con Dave Grohl - OidosSucios.Com\",\"isPartOf\":{\"@id\":\"https:\/\/www.oidossucios.com\/site\/#website\"},\"primaryImageOfPage\":{\"@id\":\"https:\/\/www.oidossucios.com\/site\/corey-taylor-revela-mas-detalles-de-su-trabajo-con-dave-grohl\/#primaryimage\"},\"datePublished\":\"2012-02-01T19:35:00+00:00\",\"dateModified\":\"2012-02-01T19:35:00+00:00\",\"author\":{\"@id\":\"https:\/\/www.oidossucios.com\/site\/#\/schema\/person\/24559eeb76bf83a63296fb072393a688\"},\"description\":\"Corey Taylor finalmente confirm\\u00f3 que la canci\\u00f3n que grab\\u00f3 al lado del l\\u00edder de Foo Fighters, formar\\u00e1 parte del documental que Dave Grohl est\\u00e1 haciendo sobre los estudios Sound City.\",\"inLanguage\":\"es\",\"potentialAction\":[{\"@type\":\"ReadAction\",\"target\":[\"https:\/\/www.oidossucios.com\/site\/corey-taylor-revela-mas-detalles-de-su-trabajo-con-dave-grohl\/\"]}]},{\"@type\":[\"Person\"],\"@id\":\"https:\/\/www.oidossucios.com\/site\/#\/schema\/person\/24559eeb76bf83a63296fb072393a688\",\"name\":\"Oidossucios\",\"image\":{\"@type\":\"ImageObject\",\"@id\":\"https:\/\/www.oidossucios.com\/site\/#personlogo\",\"inLanguage\":\"es\",\"url\":\"https:\/\/secure.gravatar.com\/avatar\/74fcb480f42f1a33e50a0b6e6369a3f907be2e43dc84fa5f76c66e9c22b4a5ab?s=96&d=mm&r=g\",\"caption\":\"Oidossucios\"},\"sameAs\":[\"https:\/\/twitter.com\/oidossucios\"]}]}<\/script>\n<!-- \/ Yoast SEO plugin. -->","jetpack_sharing_enabled":true,"_links":{"self":[{"href":"https:\/\/www.oidossucios.com\/site\/wp-json\/wp\/v2\/posts\/4915","targetHints":{"allow":["GET"]}}],"collection":[{"href":"https:\/\/www.oidossucios.com\/site\/wp-json\/wp\/v2\/posts"}],"about":[{"href":"https:\/\/www.oidossucios.com\/site\/wp-json\/wp\/v2\/types\/post"}],"author":[{"embeddable":true,"href":"https:\/\/www.oidossucios.com\/site\/wp-json\/wp\/v2\/users\/4"}],"replies":[{"embeddable":true,"href":"https:\/\/www.oidossucios.com\/site\/wp-json\/wp\/v2\/comments?post=4915"}],"version-history":[{"count":0,"href":"https:\/\/www.oidossucios.com\/site\/wp-json\/wp\/v2\/posts\/4915\/revisions"}],"wp:featuredmedia":[{"embeddable":true,"href":"https:\/\/www.oidossucios.com\/site\/wp-json\/wp\/v2\/media\/100004915"}],"wp:attachment":[{"href":"https:\/\/www.oidossucios.com\/site\/wp-json\/wp\/v2\/media?parent=4915"}],"wp:term":[{"taxonomy":"category","embeddable":true,"href":"https:\/\/www.oidossucios.com\/site\/wp-json\/wp\/v2\/categories?post=4915"},{"taxonomy":"post_tag","embeddable":true,"href":"https:\/\/www.oidossucios.com\/site\/wp-json\/wp\/v2\/tags?post=4915"}],"curies":[{"name":"wp","href":"https:\/\/api.w.org\/{rel}","templated":true}]}}