{"id":497,"date":"2001-12-28T17:03:00","date_gmt":"2001-12-28T17:03:00","guid":{"rendered":"https:\/\/www.oidossucios.com\/site\/2001\/12\/28\/mana-se-separa\/"},"modified":"2001-12-28T17:03:00","modified_gmt":"2001-12-28T17:03:00","slug":"mana-se-separa","status":"publish","type":"post","link":"https:\/\/www.oidossucios.com\/site\/mana-se-separa\/","title":{"rendered":"Man\u00e1 se separa"},"content":{"rendered":"<p>Lo que nadie se esperaba sucedi\u00f3 esta ma\u00f1ana. Los medios de comunicaci\u00f3n mexicanos recibieron una nota de parte de Man\u00e1 anunciando el fin de su carrera:<\/p>\n<p>&#8220;Mediante la presente queremos anunciar nuestro fin como banda resuelto de mutuo acuerdo. Han sido unos a\u00f1os maravillosos, pero los 4 tenemos proyectos personales que queremos cumplir y en donde no hay cabida para Man\u00e1. Pronto anunciaremos las fechas de nuestra gira de despedida. Siempre los llevaremos en nuestro coraz\u00f3n&#8221;.  <\/p>\n<p>Desde hace un tiempo se corr\u00eda el rumor que pon\u00eda a Fher grabando un disco como solista pues estaba cansado de estar tantos a\u00f1os de gira con la banda. La supuesta grabaci\u00f3n del nuevo disco de los mexicanos no quedo en nada y  finalmente hoy se aclararon todas las dudas, Man\u00e1 dejo de existir&#8230;<\/p>\n<p>Justo un d\u00eda como hoy, 28 de Diciembre, D\u00eda de los Inocentes, \u00fanica jornada del a\u00f1o donde los redactores pueden inventar noticias como estas. Disculpen por jugar con sus sentimientos.<\/p>\n","protected":false},"excerpt":{"rendered":"<p>En una nota de prensa difundida el d\u00eda de hoy, la agrupaci\u00f3n mexicana puso fin a su exitosa carrera de m\u00e1s de 15 a\u00f1os. Fher se dedicar\u00e1 a partir de ahora a su carrera como solista.<\/p>\n","protected":false},"author":4,"featured_media":0,"comment_status":"open","ping_status":"open","sticky":false,"template":"","format":"standard","meta":{"_jetpack_memberships_contains_paid_content":false,"footnotes":""},"categories":[250],"tags":[],"class_list":["post-497","post","type-post","status-publish","format-standard","hentry","category-noticias"],"jetpack_featured_media_url":"","yoast_head":"<!-- This site is optimized with the Yoast SEO plugin v14.0.4 - https:\/\/yoast.com\/wordpress\/plugins\/seo\/ -->\n<title>Man\u00e1 se separa - OidosSucios.Com<\/title>\n<meta name=\"description\" content=\"Sin que nadie se lo esperase, &#039;Pr\u00f3xima Estaci\u00f3n: Esperanza&#039; de Manu Chao, fue nombrado como el septimo mejor disco del a\u00f1o por la revista Rolling Stone, superando incluso a Radiohead en el ranking.\" \/>\n<meta name=\"robots\" content=\"index, follow\" \/>\n<meta name=\"googlebot\" content=\"index, follow, max-snippet:-1, max-image-preview:large, max-video-preview:-1\" \/>\n<meta name=\"bingbot\" content=\"index, follow, max-snippet:-1, max-image-preview:large, max-video-preview:-1\" \/>\n<link rel=\"canonical\" href=\"https:\/\/www.oidossucios.com\/site\/mana-se-separa\/\" \/>\n<meta property=\"og:locale\" content=\"es_ES\" \/>\n<meta property=\"og:type\" content=\"article\" \/>\n<meta property=\"og:title\" content=\"Man\u00e1 se separa - OidosSucios.Com\" \/>\n<meta property=\"og:description\" content=\"Sin que nadie se lo esperase, &#039;Pr\u00f3xima Estaci\u00f3n: Esperanza&#039; de Manu Chao, fue nombrado como el septimo mejor disco del a\u00f1o por la revista Rolling Stone, superando incluso a Radiohead en el ranking.\" \/>\n<meta property=\"og:url\" content=\"https:\/\/www.oidossucios.com\/site\/mana-se-separa\/\" \/>\n<meta property=\"og:site_name\" content=\"OidosSucios.Com\" \/>\n<meta property=\"article:published_time\" content=\"2001-12-28T17:03:00+00:00\" \/>\n<meta name=\"twitter:card\" content=\"summary_large_image\" \/>\n<meta name=\"twitter:creator\" content=\"@oidossucios\" \/>\n<script type=\"application\/ld+json\" class=\"yoast-schema-graph\">{\"@context\":\"https:\/\/schema.org\",\"@graph\":[{\"@type\":\"WebSite\",\"@id\":\"https:\/\/www.oidossucios.com\/site\/#website\",\"url\":\"https:\/\/www.oidossucios.com\/site\/\",\"name\":\"OidosSucios.Com\",\"description\":\"M\\u00fasica, conciertos, discos\",\"potentialAction\":[{\"@type\":\"SearchAction\",\"target\":\"https:\/\/www.oidossucios.com\/site\/?s={search_term_string}\",\"query-input\":\"required name=search_term_string\"}],\"inLanguage\":\"es\"},{\"@type\":\"WebPage\",\"@id\":\"https:\/\/www.oidossucios.com\/site\/mana-se-separa\/#webpage\",\"url\":\"https:\/\/www.oidossucios.com\/site\/mana-se-separa\/\",\"name\":\"Man\\u00e1 se separa - OidosSucios.Com\",\"isPartOf\":{\"@id\":\"https:\/\/www.oidossucios.com\/site\/#website\"},\"datePublished\":\"2001-12-28T17:03:00+00:00\",\"dateModified\":\"2001-12-28T17:03:00+00:00\",\"author\":{\"@id\":\"https:\/\/www.oidossucios.com\/site\/#\/schema\/person\/24559eeb76bf83a63296fb072393a688\"},\"description\":\"Sin que nadie se lo esperase, 'Pr\\u00f3xima Estaci\\u00f3n: Esperanza' de Manu Chao, fue nombrado como el septimo mejor disco del a\\u00f1o por la revista Rolling Stone, superando incluso a Radiohead en el ranking.\",\"inLanguage\":\"es\",\"potentialAction\":[{\"@type\":\"ReadAction\",\"target\":[\"https:\/\/www.oidossucios.com\/site\/mana-se-separa\/\"]}]},{\"@type\":[\"Person\"],\"@id\":\"https:\/\/www.oidossucios.com\/site\/#\/schema\/person\/24559eeb76bf83a63296fb072393a688\",\"name\":\"Oidossucios\",\"image\":{\"@type\":\"ImageObject\",\"@id\":\"https:\/\/www.oidossucios.com\/site\/#personlogo\",\"inLanguage\":\"es\",\"url\":\"https:\/\/secure.gravatar.com\/avatar\/74fcb480f42f1a33e50a0b6e6369a3f907be2e43dc84fa5f76c66e9c22b4a5ab?s=96&d=mm&r=g\",\"caption\":\"Oidossucios\"},\"sameAs\":[\"https:\/\/twitter.com\/oidossucios\"]}]}<\/script>\n<!-- \/ Yoast SEO plugin. -->","jetpack_sharing_enabled":true,"_links":{"self":[{"href":"https:\/\/www.oidossucios.com\/site\/wp-json\/wp\/v2\/posts\/497","targetHints":{"allow":["GET"]}}],"collection":[{"href":"https:\/\/www.oidossucios.com\/site\/wp-json\/wp\/v2\/posts"}],"about":[{"href":"https:\/\/www.oidossucios.com\/site\/wp-json\/wp\/v2\/types\/post"}],"author":[{"embeddable":true,"href":"https:\/\/www.oidossucios.com\/site\/wp-json\/wp\/v2\/users\/4"}],"replies":[{"embeddable":true,"href":"https:\/\/www.oidossucios.com\/site\/wp-json\/wp\/v2\/comments?post=497"}],"version-history":[{"count":0,"href":"https:\/\/www.oidossucios.com\/site\/wp-json\/wp\/v2\/posts\/497\/revisions"}],"wp:attachment":[{"href":"https:\/\/www.oidossucios.com\/site\/wp-json\/wp\/v2\/media?parent=497"}],"wp:term":[{"taxonomy":"category","embeddable":true,"href":"https:\/\/www.oidossucios.com\/site\/wp-json\/wp\/v2\/categories?post=497"},{"taxonomy":"post_tag","embeddable":true,"href":"https:\/\/www.oidossucios.com\/site\/wp-json\/wp\/v2\/tags?post=497"}],"curies":[{"name":"wp","href":"https:\/\/api.w.org\/{rel}","templated":true}]}}