{"id":5001,"date":"2012-02-17T20:04:00","date_gmt":"2012-02-17T20:04:00","guid":{"rendered":"https:\/\/www.oidossucios.com\/site\/2012\/02\/17\/kevin-costner-aretha-franklin-y-stevie-wonder-rendiran-homenaje-a-whitney-houston\/"},"modified":"2012-02-17T20:04:00","modified_gmt":"2012-02-17T20:04:00","slug":"kevin-costner-aretha-franklin-y-stevie-wonder-rendiran-homenaje-a-whitney-houston","status":"publish","type":"post","link":"https:\/\/www.oidossucios.com\/site\/kevin-costner-aretha-franklin-y-stevie-wonder-rendiran-homenaje-a-whitney-houston\/","title":{"rendered":"Kevin Costner, Aretha Franklin y Stevie Wonder rendir\u00e1n homenaje a Whitney Houston"},"content":{"rendered":"\n<p>Este fin de semana se llevar\u00e1 a cabo una ceremonia especial para despedir a Whitney Houston, quien muri\u00f3 el pasado 11 de febrero.&nbsp;<\/p>\n<p>Al evento asistir\u00e1n familiares y amigos cercanos de la cantante, como&nbsp;Aretha Franklin&nbsp;y&nbsp;Stevie Wonder, quienes cantar\u00e1n durante la ceremonia que se realizar\u00e1 en Nueva York. Tambi\u00e9n asistir\u00e1&nbsp;Kevin Costner, co estrella de&nbsp;Houstonen la pel\u00edcula de 1992,&nbsp;<i>The Bodyguard<\/i>. <\/p>\n<p>La ceremonia se realizar\u00e1 este 18 de febrero y se transmitir\u00e1 en l\u00ednea a las 17:00 horas (GTM). <\/p>\n<p>Whitney Houston&nbsp;fue encontrada sin vida el pasado 11 de febrero en una habitaci\u00f3n del hotel Hilton de Beverly Hills, mientras se daba un ba\u00f1o. El estilista, quien la ayudar\u00eda para la gala de los&nbsp;Grammy, fue quien descubri\u00f3 su cuerpo. Los primeros reportes de la autopsia practicada a la cantante revelaron que pudo ahogarse por abuso de medicamentos.&nbsp;<\/p>\n<p>Houston trabajaba en la cinta&nbsp;<i>Sparkle<\/i>, la cual llegar\u00e1 a las pantallas de cine en agosto.&nbsp;<\/p>\n<p><\/p>\n<p>Fuente: www.rollingstone.com.mx<\/p>\n","protected":false},"excerpt":{"rendered":"<p>Este fin de semana se llevar\u00e1 a cabo una ceremonia especial para despedir a Whitney Houston, quien muri\u00f3 el pasado 11 de febrero.&nbsp; Al evento asistir\u00e1n familiares y amigos cercanos de la cantante, como&nbsp;Aretha Franklin&nbsp;y&nbsp;Stevie Wonder, quienes cantar\u00e1n durante la ceremonia que se realizar\u00e1 en Nueva York. Tambi\u00e9n asistir\u00e1&nbsp;Kevin Costner, co estrella de&nbsp;Houstonen la pel\u00edcula [&hellip;]<\/p>\n","protected":false},"author":4,"featured_media":100005001,"comment_status":"open","ping_status":"open","sticky":false,"template":"","format":"standard","meta":{"_jetpack_memberships_contains_paid_content":false,"footnotes":""},"categories":[142],"tags":[],"class_list":["post-5001","post","type-post","status-publish","format-standard","has-post-thumbnail","hentry","category-buzznews"],"jetpack_featured_media_url":"https:\/\/www.oidossucios.com\/site\/wp-content\/uploads\/2012\/02\/5001.jpg","yoast_head":"<!-- This site is optimized with the Yoast SEO plugin v14.0.4 - https:\/\/yoast.com\/wordpress\/plugins\/seo\/ -->\n<title>Kevin Costner, Aretha Franklin y Stevie Wonder rendir\u00e1n homenaje a Whitney Houston - OidosSucios.Com<\/title>\n<meta name=\"robots\" content=\"index, follow\" \/>\n<meta name=\"googlebot\" content=\"index, follow, max-snippet:-1, max-image-preview:large, max-video-preview:-1\" \/>\n<meta name=\"bingbot\" content=\"index, follow, max-snippet:-1, max-image-preview:large, max-video-preview:-1\" \/>\n<link rel=\"canonical\" href=\"https:\/\/www.oidossucios.com\/site\/kevin-costner-aretha-franklin-y-stevie-wonder-rendiran-homenaje-a-whitney-houston\/\" \/>\n<meta property=\"og:locale\" content=\"es_ES\" \/>\n<meta property=\"og:type\" content=\"article\" \/>\n<meta property=\"og:title\" content=\"Kevin Costner, Aretha Franklin y Stevie Wonder rendir\u00e1n homenaje a Whitney Houston - OidosSucios.Com\" \/>\n<meta property=\"og:description\" content=\"Este fin de semana se llevar\u00e1 a cabo una ceremonia especial para despedir a Whitney Houston, quien muri\u00f3 el pasado 11 de febrero.&nbsp; Al evento asistir\u00e1n familiares y amigos cercanos de la cantante, como&nbsp;Aretha Franklin&nbsp;y&nbsp;Stevie Wonder, quienes cantar\u00e1n durante la ceremonia que se realizar\u00e1 en Nueva York. Tambi\u00e9n asistir\u00e1&nbsp;Kevin Costner, co estrella de&nbsp;Houstonen la pel\u00edcula [&hellip;]\" \/>\n<meta property=\"og:url\" content=\"https:\/\/www.oidossucios.com\/site\/kevin-costner-aretha-franklin-y-stevie-wonder-rendiran-homenaje-a-whitney-houston\/\" \/>\n<meta property=\"og:site_name\" content=\"OidosSucios.Com\" \/>\n<meta property=\"article:published_time\" content=\"2012-02-17T20:04:00+00:00\" \/>\n<meta property=\"og:image\" content=\"https:\/\/www.oidossucios.com\/site\/wp-content\/uploads\/2012\/02\/5001.jpg\" \/>\n\t<meta property=\"og:image:width\" content=\"350\" \/>\n\t<meta property=\"og:image:height\" content=\"300\" \/>\n<meta name=\"twitter:card\" content=\"summary_large_image\" \/>\n<meta name=\"twitter:creator\" content=\"@oidossucios\" \/>\n<script type=\"application\/ld+json\" class=\"yoast-schema-graph\">{\"@context\":\"https:\/\/schema.org\",\"@graph\":[{\"@type\":\"WebSite\",\"@id\":\"https:\/\/www.oidossucios.com\/site\/#website\",\"url\":\"https:\/\/www.oidossucios.com\/site\/\",\"name\":\"OidosSucios.Com\",\"description\":\"M\\u00fasica, conciertos, discos\",\"potentialAction\":[{\"@type\":\"SearchAction\",\"target\":\"https:\/\/www.oidossucios.com\/site\/?s={search_term_string}\",\"query-input\":\"required name=search_term_string\"}],\"inLanguage\":\"es\"},{\"@type\":\"ImageObject\",\"@id\":\"https:\/\/www.oidossucios.com\/site\/kevin-costner-aretha-franklin-y-stevie-wonder-rendiran-homenaje-a-whitney-houston\/#primaryimage\",\"inLanguage\":\"es\",\"url\":\"https:\/\/www.oidossucios.com\/site\/wp-content\/uploads\/2012\/02\/5001.jpg\",\"width\":350,\"height\":300},{\"@type\":\"WebPage\",\"@id\":\"https:\/\/www.oidossucios.com\/site\/kevin-costner-aretha-franklin-y-stevie-wonder-rendiran-homenaje-a-whitney-houston\/#webpage\",\"url\":\"https:\/\/www.oidossucios.com\/site\/kevin-costner-aretha-franklin-y-stevie-wonder-rendiran-homenaje-a-whitney-houston\/\",\"name\":\"Kevin Costner, Aretha Franklin y Stevie Wonder rendir\\u00e1n homenaje a Whitney Houston - OidosSucios.Com\",\"isPartOf\":{\"@id\":\"https:\/\/www.oidossucios.com\/site\/#website\"},\"primaryImageOfPage\":{\"@id\":\"https:\/\/www.oidossucios.com\/site\/kevin-costner-aretha-franklin-y-stevie-wonder-rendiran-homenaje-a-whitney-houston\/#primaryimage\"},\"datePublished\":\"2012-02-17T20:04:00+00:00\",\"dateModified\":\"2012-02-17T20:04:00+00:00\",\"author\":{\"@id\":\"https:\/\/www.oidossucios.com\/site\/#\/schema\/person\/24559eeb76bf83a63296fb072393a688\"},\"inLanguage\":\"es\",\"potentialAction\":[{\"@type\":\"ReadAction\",\"target\":[\"https:\/\/www.oidossucios.com\/site\/kevin-costner-aretha-franklin-y-stevie-wonder-rendiran-homenaje-a-whitney-houston\/\"]}]},{\"@type\":[\"Person\"],\"@id\":\"https:\/\/www.oidossucios.com\/site\/#\/schema\/person\/24559eeb76bf83a63296fb072393a688\",\"name\":\"Oidossucios\",\"image\":{\"@type\":\"ImageObject\",\"@id\":\"https:\/\/www.oidossucios.com\/site\/#personlogo\",\"inLanguage\":\"es\",\"url\":\"https:\/\/secure.gravatar.com\/avatar\/74fcb480f42f1a33e50a0b6e6369a3f907be2e43dc84fa5f76c66e9c22b4a5ab?s=96&d=mm&r=g\",\"caption\":\"Oidossucios\"},\"sameAs\":[\"https:\/\/twitter.com\/oidossucios\"]}]}<\/script>\n<!-- \/ Yoast SEO plugin. -->","jetpack_sharing_enabled":true,"_links":{"self":[{"href":"https:\/\/www.oidossucios.com\/site\/wp-json\/wp\/v2\/posts\/5001","targetHints":{"allow":["GET"]}}],"collection":[{"href":"https:\/\/www.oidossucios.com\/site\/wp-json\/wp\/v2\/posts"}],"about":[{"href":"https:\/\/www.oidossucios.com\/site\/wp-json\/wp\/v2\/types\/post"}],"author":[{"embeddable":true,"href":"https:\/\/www.oidossucios.com\/site\/wp-json\/wp\/v2\/users\/4"}],"replies":[{"embeddable":true,"href":"https:\/\/www.oidossucios.com\/site\/wp-json\/wp\/v2\/comments?post=5001"}],"version-history":[{"count":0,"href":"https:\/\/www.oidossucios.com\/site\/wp-json\/wp\/v2\/posts\/5001\/revisions"}],"wp:featuredmedia":[{"embeddable":true,"href":"https:\/\/www.oidossucios.com\/site\/wp-json\/wp\/v2\/media\/100005001"}],"wp:attachment":[{"href":"https:\/\/www.oidossucios.com\/site\/wp-json\/wp\/v2\/media?parent=5001"}],"wp:term":[{"taxonomy":"category","embeddable":true,"href":"https:\/\/www.oidossucios.com\/site\/wp-json\/wp\/v2\/categories?post=5001"},{"taxonomy":"post_tag","embeddable":true,"href":"https:\/\/www.oidossucios.com\/site\/wp-json\/wp\/v2\/tags?post=5001"}],"curies":[{"name":"wp","href":"https:\/\/api.w.org\/{rel}","templated":true}]}}