{"id":5011,"date":"2012-02-22T20:14:00","date_gmt":"2012-02-22T20:14:00","guid":{"rendered":"https:\/\/www.oidossucios.com\/site\/2012\/02\/22\/adam-lambert-volvera-a-cantar-con-queen\/"},"modified":"2012-02-22T20:14:00","modified_gmt":"2012-02-22T20:14:00","slug":"adam-lambert-volvera-a-cantar-con-queen","status":"publish","type":"post","link":"https:\/\/www.oidossucios.com\/site\/adam-lambert-volvera-a-cantar-con-queen\/","title":{"rendered":"Adam Lambert volver\u00e1 a cantar con Queen"},"content":{"rendered":"\n<p>Despu\u00e9s de muchos rumores y que el mismo Adam Lambert revelara que no hab\u00eda un acuerdo para actuar en una gira junto a Queen, la banda finalmente confirm\u00f3 que&nbsp;tendr\u00e1 al menos un show con el joven ex participante de American Idol, ocupando el lugar de Freddie Mercury.<\/p>\n<p>&#8220;Como muchos sospechaban, finalmente puedo confirmarlo: \u00a1He sido invitado por Queen para cantar en un concierto muy especial! Sonisphere en Knebworth el 7 de julio\u0085 \u00a1Va a ser una noche surreal!, escribi\u00f3 Adam Lambert en Twitter.<\/p>\n<p>Mientras que Bryan May coment\u00f3: &#8220;A juzgar por los correos que me llegan, esta decisi\u00f3n har\u00e1 feliz a mucha gente. Es un reto que vale la pena para nosotros y estoy seguro de que Adam tendr\u00eda la aprobaci\u00f3n de Freddie. Y qu\u00e9 mejor lugar para revisitar y caminar esos senderos emocionales que Knebworth&#8221;.<\/p>\n<p>Recordemos&nbsp; que Lambert, de 30 a\u00f1os, ya ha cantado antes con Queen. En el 2009 interpret\u00f3&nbsp;&#8220;We Are The Champions&#8221;&nbsp;en American Idol y el pasado noviembre en los premios de MTV Europa cant\u00f3 varios temas con la banda, que recibi\u00f3 esa noche el premio a Icono Global. <\/p>\n<p>El \u00faltimo concierto de Queen con su difunto vocalista Freddie Mercury tambi\u00e9n ocurri\u00f3 en Knebworth, en agosto de 1986.<\/p>\n<p>\u00bfSer\u00e1 Adam Lambert el nuevo vocalista fijo de Queen?<\/p>\n","protected":false},"excerpt":{"rendered":"<p>La banda finalmente confirm\u00f3 que se presentar\u00e1 junto al joven ex participante de American Idol como su vocalista, ocupando el lugar de Freddie Mercury en el festival Sonisphere en Knebworth el 7 de julio.<\/p>\n","protected":false},"author":4,"featured_media":100005011,"comment_status":"open","ping_status":"open","sticky":false,"template":"","format":"standard","meta":{"_jetpack_memberships_contains_paid_content":false,"footnotes":""},"categories":[250],"tags":[],"class_list":["post-5011","post","type-post","status-publish","format-standard","has-post-thumbnail","hentry","category-noticias"],"jetpack_featured_media_url":"https:\/\/www.oidossucios.com\/site\/wp-content\/uploads\/2012\/02\/5011.jpg","yoast_head":"<!-- This site is optimized with the Yoast SEO plugin v14.0.4 - https:\/\/yoast.com\/wordpress\/plugins\/seo\/ -->\n<title>Adam Lambert volver\u00e1 a cantar con Queen - OidosSucios.Com<\/title>\n<meta name=\"description\" content=\"La banda finalmente confirm\u00f3 que se presentar\u00e1 junto al joven ex participante de American Idol como su vocalista, ocupando el lugar de Freddie Mercury en el festival Sonisphere en Knebworth el 7 de julio.\" \/>\n<meta name=\"robots\" content=\"index, follow\" \/>\n<meta name=\"googlebot\" content=\"index, follow, max-snippet:-1, max-image-preview:large, max-video-preview:-1\" \/>\n<meta name=\"bingbot\" content=\"index, follow, max-snippet:-1, max-image-preview:large, max-video-preview:-1\" \/>\n<link rel=\"canonical\" href=\"https:\/\/www.oidossucios.com\/site\/adam-lambert-volvera-a-cantar-con-queen\/\" \/>\n<meta property=\"og:locale\" content=\"es_ES\" \/>\n<meta property=\"og:type\" content=\"article\" \/>\n<meta property=\"og:title\" content=\"Adam Lambert volver\u00e1 a cantar con Queen - OidosSucios.Com\" \/>\n<meta property=\"og:description\" content=\"La banda finalmente confirm\u00f3 que se presentar\u00e1 junto al joven ex participante de American Idol como su vocalista, ocupando el lugar de Freddie Mercury en el festival Sonisphere en Knebworth el 7 de julio.\" \/>\n<meta property=\"og:url\" content=\"https:\/\/www.oidossucios.com\/site\/adam-lambert-volvera-a-cantar-con-queen\/\" \/>\n<meta property=\"og:site_name\" content=\"OidosSucios.Com\" \/>\n<meta property=\"article:published_time\" content=\"2012-02-22T20:14:00+00:00\" \/>\n<meta property=\"og:image\" content=\"https:\/\/www.oidossucios.com\/site\/wp-content\/uploads\/2012\/02\/5011.jpg\" \/>\n\t<meta property=\"og:image:width\" content=\"350\" \/>\n\t<meta property=\"og:image:height\" content=\"300\" \/>\n<meta name=\"twitter:card\" content=\"summary_large_image\" \/>\n<meta name=\"twitter:creator\" content=\"@oidossucios\" \/>\n<script type=\"application\/ld+json\" class=\"yoast-schema-graph\">{\"@context\":\"https:\/\/schema.org\",\"@graph\":[{\"@type\":\"WebSite\",\"@id\":\"https:\/\/www.oidossucios.com\/site\/#website\",\"url\":\"https:\/\/www.oidossucios.com\/site\/\",\"name\":\"OidosSucios.Com\",\"description\":\"M\\u00fasica, conciertos, discos\",\"potentialAction\":[{\"@type\":\"SearchAction\",\"target\":\"https:\/\/www.oidossucios.com\/site\/?s={search_term_string}\",\"query-input\":\"required name=search_term_string\"}],\"inLanguage\":\"es\"},{\"@type\":\"ImageObject\",\"@id\":\"https:\/\/www.oidossucios.com\/site\/adam-lambert-volvera-a-cantar-con-queen\/#primaryimage\",\"inLanguage\":\"es\",\"url\":\"https:\/\/www.oidossucios.com\/site\/wp-content\/uploads\/2012\/02\/5011.jpg\",\"width\":350,\"height\":300},{\"@type\":\"WebPage\",\"@id\":\"https:\/\/www.oidossucios.com\/site\/adam-lambert-volvera-a-cantar-con-queen\/#webpage\",\"url\":\"https:\/\/www.oidossucios.com\/site\/adam-lambert-volvera-a-cantar-con-queen\/\",\"name\":\"Adam Lambert volver\\u00e1 a cantar con Queen - OidosSucios.Com\",\"isPartOf\":{\"@id\":\"https:\/\/www.oidossucios.com\/site\/#website\"},\"primaryImageOfPage\":{\"@id\":\"https:\/\/www.oidossucios.com\/site\/adam-lambert-volvera-a-cantar-con-queen\/#primaryimage\"},\"datePublished\":\"2012-02-22T20:14:00+00:00\",\"dateModified\":\"2012-02-22T20:14:00+00:00\",\"author\":{\"@id\":\"https:\/\/www.oidossucios.com\/site\/#\/schema\/person\/24559eeb76bf83a63296fb072393a688\"},\"description\":\"La banda finalmente confirm\\u00f3 que se presentar\\u00e1 junto al joven ex participante de American Idol como su vocalista, ocupando el lugar de Freddie Mercury en el festival Sonisphere en Knebworth el 7 de julio.\",\"inLanguage\":\"es\",\"potentialAction\":[{\"@type\":\"ReadAction\",\"target\":[\"https:\/\/www.oidossucios.com\/site\/adam-lambert-volvera-a-cantar-con-queen\/\"]}]},{\"@type\":[\"Person\"],\"@id\":\"https:\/\/www.oidossucios.com\/site\/#\/schema\/person\/24559eeb76bf83a63296fb072393a688\",\"name\":\"Oidossucios\",\"image\":{\"@type\":\"ImageObject\",\"@id\":\"https:\/\/www.oidossucios.com\/site\/#personlogo\",\"inLanguage\":\"es\",\"url\":\"https:\/\/secure.gravatar.com\/avatar\/74fcb480f42f1a33e50a0b6e6369a3f907be2e43dc84fa5f76c66e9c22b4a5ab?s=96&d=mm&r=g\",\"caption\":\"Oidossucios\"},\"sameAs\":[\"https:\/\/twitter.com\/oidossucios\"]}]}<\/script>\n<!-- \/ Yoast SEO plugin. -->","jetpack_sharing_enabled":true,"_links":{"self":[{"href":"https:\/\/www.oidossucios.com\/site\/wp-json\/wp\/v2\/posts\/5011","targetHints":{"allow":["GET"]}}],"collection":[{"href":"https:\/\/www.oidossucios.com\/site\/wp-json\/wp\/v2\/posts"}],"about":[{"href":"https:\/\/www.oidossucios.com\/site\/wp-json\/wp\/v2\/types\/post"}],"author":[{"embeddable":true,"href":"https:\/\/www.oidossucios.com\/site\/wp-json\/wp\/v2\/users\/4"}],"replies":[{"embeddable":true,"href":"https:\/\/www.oidossucios.com\/site\/wp-json\/wp\/v2\/comments?post=5011"}],"version-history":[{"count":0,"href":"https:\/\/www.oidossucios.com\/site\/wp-json\/wp\/v2\/posts\/5011\/revisions"}],"wp:featuredmedia":[{"embeddable":true,"href":"https:\/\/www.oidossucios.com\/site\/wp-json\/wp\/v2\/media\/100005011"}],"wp:attachment":[{"href":"https:\/\/www.oidossucios.com\/site\/wp-json\/wp\/v2\/media?parent=5011"}],"wp:term":[{"taxonomy":"category","embeddable":true,"href":"https:\/\/www.oidossucios.com\/site\/wp-json\/wp\/v2\/categories?post=5011"},{"taxonomy":"post_tag","embeddable":true,"href":"https:\/\/www.oidossucios.com\/site\/wp-json\/wp\/v2\/tags?post=5011"}],"curies":[{"name":"wp","href":"https:\/\/api.w.org\/{rel}","templated":true}]}}