{"id":5012,"date":"2012-02-22T20:24:00","date_gmt":"2012-02-22T20:24:00","guid":{"rendered":"https:\/\/www.oidossucios.com\/site\/2012\/02\/22\/omar-rodriguez-lopez-asegura-que-at-the-drive-in-no-lanzara-disco-nuevo\/"},"modified":"2012-02-22T20:24:00","modified_gmt":"2012-02-22T20:24:00","slug":"omar-rodriguez-lopez-asegura-que-at-the-drive-in-no-lanzara-disco-nuevo","status":"publish","type":"post","link":"https:\/\/www.oidossucios.com\/site\/omar-rodriguez-lopez-asegura-que-at-the-drive-in-no-lanzara-disco-nuevo\/","title":{"rendered":"Omar Rodr\u00edguez-L\u00f3pez  asegura que At The Drive-In no lanzar\u00e1 disco nuevo"},"content":{"rendered":"\n<p>Fue en los primeros d\u00edas de enero cuando At The Drive-In&nbsp;confirm\u00f3&nbsp;su reuni\u00f3n y de inmediato se pens\u00f3 en la llegada de un nuevo material y, por ende, una gira mundial; sin embargo, Omar Rodr\u00edguez-L\u00f3pez ha descartado dicha posibilidad, al menos en cuanto al \u00e1lbum se refiere.<\/p>\n<p>En entrevista con Kerrang!, el guitarrista declar\u00f3 que el regreso de la banda ocurri\u00f3 por un sentido de nostalgia y no por la necesidad de crear una nueva placa. Al ser cuestionado sobre cu\u00e1ndo se tendr\u00eda nueva m\u00fasica de At The Drive-In contest\u00f3: &#8220;\u00bfHabr\u00e1 un nuevo disco? No, no, no. (La reuni\u00f3n de) At The Drive-In es m\u00e1s una cosa de nostalgia. Son canciones que escribimos cuando est\u00e1bamos en nuestros 20s y estamos haciendo un par de shows.&#8221;<\/p>\n<p>Finalmente, sobre la reacci\u00f3n de sorpresa que muchos mostraron al saber la noticia de su reformaci\u00f3n, Omar asegur\u00f3: &#8220;Para el resto del mundo pareci\u00f3 estar fuera de sitio, pero nosotros hemos estado conviviendo durante los pasados cuatro a\u00f1os, (pues) arreglamos nuestras diferencias hace mucho tiempo.&#8221;<\/p>\n<p>&nbsp;<\/p>\n<p>Fuente: www.warp.la<\/p>\n","protected":false},"excerpt":{"rendered":"<p>Fue en los primeros d\u00edas de enero cuando At The Drive-In&nbsp;confirm\u00f3&nbsp;su reuni\u00f3n y de inmediato se pens\u00f3 en la llegada de un nuevo material y, por ende, una gira mundial; sin embargo, Omar Rodr\u00edguez-L\u00f3pez ha descartado dicha posibilidad, al menos en cuanto al \u00e1lbum se refiere. En entrevista con Kerrang!, el guitarrista declar\u00f3 que el [&hellip;]<\/p>\n","protected":false},"author":4,"featured_media":100005012,"comment_status":"open","ping_status":"open","sticky":false,"template":"","format":"standard","meta":{"_jetpack_memberships_contains_paid_content":false,"footnotes":""},"categories":[142],"tags":[],"class_list":["post-5012","post","type-post","status-publish","format-standard","has-post-thumbnail","hentry","category-buzznews"],"jetpack_featured_media_url":"https:\/\/www.oidossucios.com\/site\/wp-content\/uploads\/2012\/02\/5012.jpg","yoast_head":"<!-- This site is optimized with the Yoast SEO plugin v14.0.4 - https:\/\/yoast.com\/wordpress\/plugins\/seo\/ -->\n<title>Omar Rodr\u00edguez-L\u00f3pez asegura que At The Drive-In no lanzar\u00e1 disco nuevo - OidosSucios.Com<\/title>\n<meta name=\"robots\" content=\"index, follow\" \/>\n<meta name=\"googlebot\" content=\"index, follow, max-snippet:-1, max-image-preview:large, max-video-preview:-1\" \/>\n<meta name=\"bingbot\" content=\"index, follow, max-snippet:-1, max-image-preview:large, max-video-preview:-1\" \/>\n<link rel=\"canonical\" href=\"https:\/\/www.oidossucios.com\/site\/omar-rodriguez-lopez-asegura-que-at-the-drive-in-no-lanzara-disco-nuevo\/\" \/>\n<meta property=\"og:locale\" content=\"es_ES\" \/>\n<meta property=\"og:type\" content=\"article\" \/>\n<meta property=\"og:title\" content=\"Omar Rodr\u00edguez-L\u00f3pez asegura que At The Drive-In no lanzar\u00e1 disco nuevo - OidosSucios.Com\" \/>\n<meta property=\"og:description\" content=\"Fue en los primeros d\u00edas de enero cuando At The Drive-In&nbsp;confirm\u00f3&nbsp;su reuni\u00f3n y de inmediato se pens\u00f3 en la llegada de un nuevo material y, por ende, una gira mundial; sin embargo, Omar Rodr\u00edguez-L\u00f3pez ha descartado dicha posibilidad, al menos en cuanto al \u00e1lbum se refiere. En entrevista con Kerrang!, el guitarrista declar\u00f3 que el [&hellip;]\" \/>\n<meta property=\"og:url\" content=\"https:\/\/www.oidossucios.com\/site\/omar-rodriguez-lopez-asegura-que-at-the-drive-in-no-lanzara-disco-nuevo\/\" \/>\n<meta property=\"og:site_name\" content=\"OidosSucios.Com\" \/>\n<meta property=\"article:published_time\" content=\"2012-02-22T20:24:00+00:00\" \/>\n<meta property=\"og:image\" content=\"https:\/\/www.oidossucios.com\/site\/wp-content\/uploads\/2012\/02\/5012.jpg\" \/>\n\t<meta property=\"og:image:width\" content=\"350\" \/>\n\t<meta property=\"og:image:height\" content=\"300\" \/>\n<meta name=\"twitter:card\" content=\"summary_large_image\" \/>\n<meta name=\"twitter:creator\" content=\"@oidossucios\" \/>\n<script type=\"application\/ld+json\" class=\"yoast-schema-graph\">{\"@context\":\"https:\/\/schema.org\",\"@graph\":[{\"@type\":\"WebSite\",\"@id\":\"https:\/\/www.oidossucios.com\/site\/#website\",\"url\":\"https:\/\/www.oidossucios.com\/site\/\",\"name\":\"OidosSucios.Com\",\"description\":\"M\\u00fasica, conciertos, discos\",\"potentialAction\":[{\"@type\":\"SearchAction\",\"target\":\"https:\/\/www.oidossucios.com\/site\/?s={search_term_string}\",\"query-input\":\"required name=search_term_string\"}],\"inLanguage\":\"es\"},{\"@type\":\"ImageObject\",\"@id\":\"https:\/\/www.oidossucios.com\/site\/omar-rodriguez-lopez-asegura-que-at-the-drive-in-no-lanzara-disco-nuevo\/#primaryimage\",\"inLanguage\":\"es\",\"url\":\"https:\/\/www.oidossucios.com\/site\/wp-content\/uploads\/2012\/02\/5012.jpg\",\"width\":350,\"height\":300},{\"@type\":\"WebPage\",\"@id\":\"https:\/\/www.oidossucios.com\/site\/omar-rodriguez-lopez-asegura-que-at-the-drive-in-no-lanzara-disco-nuevo\/#webpage\",\"url\":\"https:\/\/www.oidossucios.com\/site\/omar-rodriguez-lopez-asegura-que-at-the-drive-in-no-lanzara-disco-nuevo\/\",\"name\":\"Omar Rodr\\u00edguez-L\\u00f3pez asegura que At The Drive-In no lanzar\\u00e1 disco nuevo - OidosSucios.Com\",\"isPartOf\":{\"@id\":\"https:\/\/www.oidossucios.com\/site\/#website\"},\"primaryImageOfPage\":{\"@id\":\"https:\/\/www.oidossucios.com\/site\/omar-rodriguez-lopez-asegura-que-at-the-drive-in-no-lanzara-disco-nuevo\/#primaryimage\"},\"datePublished\":\"2012-02-22T20:24:00+00:00\",\"dateModified\":\"2012-02-22T20:24:00+00:00\",\"author\":{\"@id\":\"https:\/\/www.oidossucios.com\/site\/#\/schema\/person\/24559eeb76bf83a63296fb072393a688\"},\"inLanguage\":\"es\",\"potentialAction\":[{\"@type\":\"ReadAction\",\"target\":[\"https:\/\/www.oidossucios.com\/site\/omar-rodriguez-lopez-asegura-que-at-the-drive-in-no-lanzara-disco-nuevo\/\"]}]},{\"@type\":[\"Person\"],\"@id\":\"https:\/\/www.oidossucios.com\/site\/#\/schema\/person\/24559eeb76bf83a63296fb072393a688\",\"name\":\"Oidossucios\",\"image\":{\"@type\":\"ImageObject\",\"@id\":\"https:\/\/www.oidossucios.com\/site\/#personlogo\",\"inLanguage\":\"es\",\"url\":\"https:\/\/secure.gravatar.com\/avatar\/74fcb480f42f1a33e50a0b6e6369a3f907be2e43dc84fa5f76c66e9c22b4a5ab?s=96&d=mm&r=g\",\"caption\":\"Oidossucios\"},\"sameAs\":[\"https:\/\/twitter.com\/oidossucios\"]}]}<\/script>\n<!-- \/ Yoast SEO plugin. -->","jetpack_sharing_enabled":true,"_links":{"self":[{"href":"https:\/\/www.oidossucios.com\/site\/wp-json\/wp\/v2\/posts\/5012","targetHints":{"allow":["GET"]}}],"collection":[{"href":"https:\/\/www.oidossucios.com\/site\/wp-json\/wp\/v2\/posts"}],"about":[{"href":"https:\/\/www.oidossucios.com\/site\/wp-json\/wp\/v2\/types\/post"}],"author":[{"embeddable":true,"href":"https:\/\/www.oidossucios.com\/site\/wp-json\/wp\/v2\/users\/4"}],"replies":[{"embeddable":true,"href":"https:\/\/www.oidossucios.com\/site\/wp-json\/wp\/v2\/comments?post=5012"}],"version-history":[{"count":0,"href":"https:\/\/www.oidossucios.com\/site\/wp-json\/wp\/v2\/posts\/5012\/revisions"}],"wp:featuredmedia":[{"embeddable":true,"href":"https:\/\/www.oidossucios.com\/site\/wp-json\/wp\/v2\/media\/100005012"}],"wp:attachment":[{"href":"https:\/\/www.oidossucios.com\/site\/wp-json\/wp\/v2\/media?parent=5012"}],"wp:term":[{"taxonomy":"category","embeddable":true,"href":"https:\/\/www.oidossucios.com\/site\/wp-json\/wp\/v2\/categories?post=5012"},{"taxonomy":"post_tag","embeddable":true,"href":"https:\/\/www.oidossucios.com\/site\/wp-json\/wp\/v2\/tags?post=5012"}],"curies":[{"name":"wp","href":"https:\/\/api.w.org\/{rel}","templated":true}]}}