{"id":5028,"date":"2012-02-24T20:06:00","date_gmt":"2012-02-24T20:06:00","guid":{"rendered":"https:\/\/www.oidossucios.com\/site\/2012\/02\/24\/lars-ulrich-habla-de-lulu-fue-muy-dificil-para-lou-reed-porque-se-toma-todo-muy-personalmente\/"},"modified":"2012-02-24T20:06:00","modified_gmt":"2012-02-24T20:06:00","slug":"lars-ulrich-habla-de-lulu-fue-muy-dificil-para-lou-reed-porque-se-toma-todo-muy-personalmente","status":"publish","type":"post","link":"https:\/\/www.oidossucios.com\/site\/lars-ulrich-habla-de-lulu-fue-muy-dificil-para-lou-reed-porque-se-toma-todo-muy-personalmente\/","title":{"rendered":"Lars Ulrich habla de &#8220;Lulu&#8221;: &#8220;Fue muy dif\u00edcil para Lou Reed porque se toma todo muy personalmente&#8221;"},"content":{"rendered":"\n<p>El baterista de Metallica habl\u00f3 sobre el criticado disco que su banda lanz\u00f3 junto a Lou Reed. El m\u00fasico asumi\u00f3 las opiniones desfavorables, aunque piensa que eventualmente ser\u00e1 reconocido como un cl\u00e1sico.<\/p>\n<p>&#8220;Fue muy dif\u00edcil para Lou Reed porque se toma todo muy personalmente y creo que estaba muy sorprendido. Le dijimos, &#8220;escucha, hay algunos fans muy, muy ac\u00e9rrimos que tienen todo empaquetado en una cajita especial, y en el minuto en que te sales levemente de eso, entonces les da una hernia&#8221;&#8221;, dijo Lars.<\/p>\n<p>Ulrich aclara que Metallica necesitaba experimentar con este disco para &#8220;sacudir&#8221; su carrera y sobrevivir creativamente. &#8220;Obviamente, es fant\u00e1stico que en 2012 Internet de a todo el mundo la oportunidad de dar su opini\u00f3n, y creo que es un medio incre\u00edble para comunicarse y crear un mundo m\u00e1s cercano. Pero obviamente, como artista, o alguien que crea cosas, tienes que tener mucho cuidado de cu\u00e1nto te metes a investigar qu\u00e9 dice el mundo sobre ti o tu trabajo, porque realmente puede fastidiar tu mente. Siempre he estado en un lugar en el que estoy bastante insensible sobre el tema y por eso no me afecta tanto.&#8221;<\/p>\n<p>Considera que el disco trascender\u00e1 en el tiempo: &#8220;LA Weekly dijo que el verdadero disco del 2011 fue <i>Lulu<\/i>, pero nadie va a aceptarlo hasta 20 a\u00f1os m\u00e1s&#8221; mencion\u00f3 Ulrich. &#8220;En 900 a\u00f1os m\u00e1s la gente podr\u00e1 hablar de <i>Lulu<\/i>cara a cara sin estar escondi\u00e9ndose tras sus m\u00e1scaras&#8221;.<\/p>\n<p>El baterista tambi\u00e9n habl\u00f3 sobre la pel\u00edcula en 3D que est\u00e1 produciendo la banda. &#8220;Es m\u00e1s f\u00e1cil decir que hacer tu propia pel\u00edcula 3D, pero estamos tratando de hacer lo mejor. Nos vamos a asegurar que esto no se convierta en algo tan sobrecogedor que todo nos explote en la cara&#8221;, manifest\u00f3.<\/p>\n<p>Recordemos que Metallica estar\u00e1 en numerosos festivales tocando en su totalidad el <i>Black Album<\/i>&nbsp;con motivo del 20\u00ba aniversario de su lanzamiento. Adem\u00e1s, estar\u00e1n preparando todo para su propio festival, <a href=\"\/noticias\/4950\/metallica-realizara-tocara-en-su-propio-festival\/\">el&nbsp;Orion Music + More<\/a>.&nbsp;<\/p>\n","protected":false},"excerpt":{"rendered":"<p>El baterista de Metallica habl\u00f3 sobre el criticado disco que su banda lanz\u00f3 junto a Lou Reed. El m\u00fasico asumi\u00f3 las opiniones desfavorables, aunque piensa que eventualmente ser\u00e1 reconocido como un cl\u00e1sico.<\/p>\n","protected":false},"author":4,"featured_media":100005028,"comment_status":"open","ping_status":"open","sticky":false,"template":"","format":"standard","meta":{"_jetpack_memberships_contains_paid_content":false,"footnotes":""},"categories":[250],"tags":[],"class_list":["post-5028","post","type-post","status-publish","format-standard","has-post-thumbnail","hentry","category-noticias"],"jetpack_featured_media_url":"https:\/\/www.oidossucios.com\/site\/wp-content\/uploads\/2012\/02\/5028.jpg","yoast_head":"<!-- This site is optimized with the Yoast SEO plugin v14.0.4 - https:\/\/yoast.com\/wordpress\/plugins\/seo\/ -->\n<title>Lars Ulrich habla de &quot;Lulu&quot;: &quot;Fue muy dif\u00edcil para Lou Reed porque se toma todo muy personalmente&quot; - OidosSucios.Com<\/title>\n<meta name=\"description\" content=\"El baterista de Metallica habl\u00f3 sobre el criticado disco que su banda lanz\u00f3 junto a Lou Reed. El m\u00fasico asumi\u00f3 las opiniones desfavorables, aunque piensa que eventualmente ser\u00e1 reconocido como un cl\u00e1sico.\" \/>\n<meta name=\"robots\" content=\"index, follow\" \/>\n<meta name=\"googlebot\" content=\"index, follow, max-snippet:-1, max-image-preview:large, max-video-preview:-1\" \/>\n<meta name=\"bingbot\" content=\"index, follow, max-snippet:-1, max-image-preview:large, max-video-preview:-1\" \/>\n<link rel=\"canonical\" href=\"https:\/\/www.oidossucios.com\/site\/lars-ulrich-habla-de-lulu-fue-muy-dificil-para-lou-reed-porque-se-toma-todo-muy-personalmente\/\" \/>\n<meta property=\"og:locale\" content=\"es_ES\" \/>\n<meta property=\"og:type\" content=\"article\" \/>\n<meta property=\"og:title\" content=\"Lars Ulrich habla de &quot;Lulu&quot;: &quot;Fue muy dif\u00edcil para Lou Reed porque se toma todo muy personalmente&quot; - OidosSucios.Com\" \/>\n<meta property=\"og:description\" content=\"El baterista de Metallica habl\u00f3 sobre el criticado disco que su banda lanz\u00f3 junto a Lou Reed. El m\u00fasico asumi\u00f3 las opiniones desfavorables, aunque piensa que eventualmente ser\u00e1 reconocido como un cl\u00e1sico.\" \/>\n<meta property=\"og:url\" content=\"https:\/\/www.oidossucios.com\/site\/lars-ulrich-habla-de-lulu-fue-muy-dificil-para-lou-reed-porque-se-toma-todo-muy-personalmente\/\" \/>\n<meta property=\"og:site_name\" content=\"OidosSucios.Com\" \/>\n<meta property=\"article:published_time\" content=\"2012-02-24T20:06:00+00:00\" \/>\n<meta property=\"og:image\" content=\"https:\/\/www.oidossucios.com\/site\/wp-content\/uploads\/2012\/02\/5028.jpg\" \/>\n\t<meta property=\"og:image:width\" content=\"350\" \/>\n\t<meta property=\"og:image:height\" content=\"300\" \/>\n<meta name=\"twitter:card\" content=\"summary_large_image\" \/>\n<meta name=\"twitter:creator\" content=\"@oidossucios\" \/>\n<script type=\"application\/ld+json\" class=\"yoast-schema-graph\">{\"@context\":\"https:\/\/schema.org\",\"@graph\":[{\"@type\":\"WebSite\",\"@id\":\"https:\/\/www.oidossucios.com\/site\/#website\",\"url\":\"https:\/\/www.oidossucios.com\/site\/\",\"name\":\"OidosSucios.Com\",\"description\":\"M\\u00fasica, conciertos, discos\",\"potentialAction\":[{\"@type\":\"SearchAction\",\"target\":\"https:\/\/www.oidossucios.com\/site\/?s={search_term_string}\",\"query-input\":\"required name=search_term_string\"}],\"inLanguage\":\"es\"},{\"@type\":\"ImageObject\",\"@id\":\"https:\/\/www.oidossucios.com\/site\/lars-ulrich-habla-de-lulu-fue-muy-dificil-para-lou-reed-porque-se-toma-todo-muy-personalmente\/#primaryimage\",\"inLanguage\":\"es\",\"url\":\"https:\/\/www.oidossucios.com\/site\/wp-content\/uploads\/2012\/02\/5028.jpg\",\"width\":350,\"height\":300},{\"@type\":\"WebPage\",\"@id\":\"https:\/\/www.oidossucios.com\/site\/lars-ulrich-habla-de-lulu-fue-muy-dificil-para-lou-reed-porque-se-toma-todo-muy-personalmente\/#webpage\",\"url\":\"https:\/\/www.oidossucios.com\/site\/lars-ulrich-habla-de-lulu-fue-muy-dificil-para-lou-reed-porque-se-toma-todo-muy-personalmente\/\",\"name\":\"Lars Ulrich habla de \\\"Lulu\\\": \\\"Fue muy dif\\u00edcil para Lou Reed porque se toma todo muy personalmente\\\" - OidosSucios.Com\",\"isPartOf\":{\"@id\":\"https:\/\/www.oidossucios.com\/site\/#website\"},\"primaryImageOfPage\":{\"@id\":\"https:\/\/www.oidossucios.com\/site\/lars-ulrich-habla-de-lulu-fue-muy-dificil-para-lou-reed-porque-se-toma-todo-muy-personalmente\/#primaryimage\"},\"datePublished\":\"2012-02-24T20:06:00+00:00\",\"dateModified\":\"2012-02-24T20:06:00+00:00\",\"author\":{\"@id\":\"https:\/\/www.oidossucios.com\/site\/#\/schema\/person\/24559eeb76bf83a63296fb072393a688\"},\"description\":\"El baterista de Metallica habl\\u00f3 sobre el criticado disco que su banda lanz\\u00f3 junto a Lou Reed. El m\\u00fasico asumi\\u00f3 las opiniones desfavorables, aunque piensa que eventualmente ser\\u00e1 reconocido como un cl\\u00e1sico.\",\"inLanguage\":\"es\",\"potentialAction\":[{\"@type\":\"ReadAction\",\"target\":[\"https:\/\/www.oidossucios.com\/site\/lars-ulrich-habla-de-lulu-fue-muy-dificil-para-lou-reed-porque-se-toma-todo-muy-personalmente\/\"]}]},{\"@type\":[\"Person\"],\"@id\":\"https:\/\/www.oidossucios.com\/site\/#\/schema\/person\/24559eeb76bf83a63296fb072393a688\",\"name\":\"Oidossucios\",\"image\":{\"@type\":\"ImageObject\",\"@id\":\"https:\/\/www.oidossucios.com\/site\/#personlogo\",\"inLanguage\":\"es\",\"url\":\"https:\/\/secure.gravatar.com\/avatar\/74fcb480f42f1a33e50a0b6e6369a3f907be2e43dc84fa5f76c66e9c22b4a5ab?s=96&d=mm&r=g\",\"caption\":\"Oidossucios\"},\"sameAs\":[\"https:\/\/twitter.com\/oidossucios\"]}]}<\/script>\n<!-- \/ Yoast SEO plugin. -->","jetpack_sharing_enabled":true,"_links":{"self":[{"href":"https:\/\/www.oidossucios.com\/site\/wp-json\/wp\/v2\/posts\/5028","targetHints":{"allow":["GET"]}}],"collection":[{"href":"https:\/\/www.oidossucios.com\/site\/wp-json\/wp\/v2\/posts"}],"about":[{"href":"https:\/\/www.oidossucios.com\/site\/wp-json\/wp\/v2\/types\/post"}],"author":[{"embeddable":true,"href":"https:\/\/www.oidossucios.com\/site\/wp-json\/wp\/v2\/users\/4"}],"replies":[{"embeddable":true,"href":"https:\/\/www.oidossucios.com\/site\/wp-json\/wp\/v2\/comments?post=5028"}],"version-history":[{"count":0,"href":"https:\/\/www.oidossucios.com\/site\/wp-json\/wp\/v2\/posts\/5028\/revisions"}],"wp:featuredmedia":[{"embeddable":true,"href":"https:\/\/www.oidossucios.com\/site\/wp-json\/wp\/v2\/media\/100005028"}],"wp:attachment":[{"href":"https:\/\/www.oidossucios.com\/site\/wp-json\/wp\/v2\/media?parent=5028"}],"wp:term":[{"taxonomy":"category","embeddable":true,"href":"https:\/\/www.oidossucios.com\/site\/wp-json\/wp\/v2\/categories?post=5028"},{"taxonomy":"post_tag","embeddable":true,"href":"https:\/\/www.oidossucios.com\/site\/wp-json\/wp\/v2\/tags?post=5028"}],"curies":[{"name":"wp","href":"https:\/\/api.w.org\/{rel}","templated":true}]}}