{"id":5036,"date":"2012-02-27T18:04:00","date_gmt":"2012-02-27T18:04:00","guid":{"rendered":"https:\/\/www.oidossucios.com\/site\/2012\/02\/27\/bono-u2-y-keith-richards-colaboran-en-el-nuevo-album-de-knaan\/"},"modified":"2012-02-27T18:04:00","modified_gmt":"2012-02-27T18:04:00","slug":"bono-u2-y-keith-richards-colaboran-en-el-nuevo-album-de-knaan","status":"publish","type":"post","link":"https:\/\/www.oidossucios.com\/site\/bono-u2-y-keith-richards-colaboran-en-el-nuevo-album-de-knaan\/","title":{"rendered":"Bono (U2) y Keith Richards colaboran en el nuevo \u00e1lbum de K\u00b4Naan"},"content":{"rendered":"\n<p>El rapero somal\u00ed-canadiense K\u00b4Naan, quien se hizo famoso por su colaboraci\u00f3n en el EP, <i>Night Train<\/i>(2010) de Keane, anunci\u00f3 el lanzamiento de su segundo \u00e1lbum, <i>Country, God Or The Girl<\/i> que ver\u00e1 la luz el 1\u00ba de mayo.<\/p>\n<p>En dicho disco contar\u00e1 con importantes colaboraciones como la de Bono (U2), Keith Richards (Rolling Stones), Nelly Furtado y Will.I.Am (The Black Eyed Peas).<\/p>\n<p>Este ser\u00e1 el primer \u00e1lbum de estudio de K\u00b4Naan desde <i>Troubadour<\/i> (2009).<\/p>\n<p>&nbsp;<\/p>\n<p>Fuente: www.warp.la<\/p>\n<p><!--nextpage--><img decoding=\"async\" class=\"aligncenter size-medium wp-image-111115282\" src=\"https:\/\/www.oidossucios.com\/site\/wp-content\/uploads\/2020\/02\/5282.jpg\" alt=\"Bono (U2) y Keith Richards colaboran en el nuevo \u00e1lbum de K\u00b4Naan\"  \/><a href='https:\/\/www.oidossucios.com\/site\/bono-u2-y-keith-richards-colaboran-en-el-nuevo-album-de-knaan\/2\/'\n                        onclick='if (tpsInstance) { tpsInstance.setNext(); return false; }'\n                        rel='next'\n                        style=''\n                        class=''>Ver galer\u00eda<\/a>]]><\/p>\n","protected":false},"excerpt":{"rendered":"<p>El rapero somal\u00ed-canadiense K\u00b4Naan, quien se hizo famoso por su colaboraci\u00f3n en el EP, Night Train(2010) de Keane, anunci\u00f3 el lanzamiento de su segundo \u00e1lbum, Country, God Or The Girl que ver\u00e1 la luz el 1\u00ba de mayo. En dicho disco contar\u00e1 con importantes colaboraciones como la de Bono (U2), Keith Richards (Rolling Stones), Nelly [&hellip;]<\/p>\n","protected":false},"author":4,"featured_media":111115282,"comment_status":"open","ping_status":"open","sticky":false,"template":"","format":"standard","meta":{"_jetpack_memberships_contains_paid_content":false,"footnotes":""},"categories":[142],"tags":[],"class_list":["post-5036","post","type-post","status-publish","format-standard","has-post-thumbnail","hentry","category-buzznews"],"jetpack_featured_media_url":"https:\/\/www.oidossucios.com\/site\/wp-content\/uploads\/2012\/02\/4925-1.jpg","yoast_head":"<!-- This site is optimized with the Yoast SEO plugin v14.0.4 - https:\/\/yoast.com\/wordpress\/plugins\/seo\/ -->\n<title>Bono (U2) y Keith Richards colaboran en el nuevo \u00e1lbum de K\u00b4Naan - OidosSucios.Com<\/title>\n<meta name=\"robots\" content=\"index, follow\" \/>\n<meta name=\"googlebot\" content=\"index, follow, max-snippet:-1, max-image-preview:large, max-video-preview:-1\" \/>\n<meta name=\"bingbot\" content=\"index, follow, max-snippet:-1, max-image-preview:large, max-video-preview:-1\" \/>\n<link rel=\"canonical\" href=\"https:\/\/www.oidossucios.com\/site\/bono-u2-y-keith-richards-colaboran-en-el-nuevo-album-de-knaan\/\" \/>\n<link rel=\"next\" href=\"https:\/\/www.oidossucios.com\/site\/bono-u2-y-keith-richards-colaboran-en-el-nuevo-album-de-knaan\/2\/\" \/>\n<meta property=\"og:locale\" content=\"es_ES\" \/>\n<meta property=\"og:type\" content=\"article\" \/>\n<meta property=\"og:title\" content=\"Bono (U2) y Keith Richards colaboran en el nuevo \u00e1lbum de K\u00b4Naan - OidosSucios.Com\" \/>\n<meta property=\"og:description\" content=\"El rapero somal\u00ed-canadiense K\u00b4Naan, quien se hizo famoso por su colaboraci\u00f3n en el EP, Night Train(2010) de Keane, anunci\u00f3 el lanzamiento de su segundo \u00e1lbum, Country, God Or The Girl que ver\u00e1 la luz el 1\u00ba de mayo. En dicho disco contar\u00e1 con importantes colaboraciones como la de Bono (U2), Keith Richards (Rolling Stones), Nelly [&hellip;]\" \/>\n<meta property=\"og:url\" content=\"https:\/\/www.oidossucios.com\/site\/bono-u2-y-keith-richards-colaboran-en-el-nuevo-album-de-knaan\/\" \/>\n<meta property=\"og:site_name\" content=\"OidosSucios.Com\" \/>\n<meta property=\"article:published_time\" content=\"2012-02-27T18:04:00+00:00\" \/>\n<meta property=\"og:image\" content=\"https:\/\/www.oidossucios.com\/site\/wp-content\/uploads\/2012\/02\/4925-1.jpg\" \/>\n\t<meta property=\"og:image:width\" content=\"350\" \/>\n\t<meta property=\"og:image:height\" content=\"300\" \/>\n<meta name=\"twitter:card\" content=\"summary_large_image\" \/>\n<meta name=\"twitter:creator\" content=\"@oidossucios\" \/>\n<script type=\"application\/ld+json\" class=\"yoast-schema-graph\">{\"@context\":\"https:\/\/schema.org\",\"@graph\":[{\"@type\":\"WebSite\",\"@id\":\"https:\/\/www.oidossucios.com\/site\/#website\",\"url\":\"https:\/\/www.oidossucios.com\/site\/\",\"name\":\"OidosSucios.Com\",\"description\":\"M\\u00fasica, conciertos, discos\",\"potentialAction\":[{\"@type\":\"SearchAction\",\"target\":\"https:\/\/www.oidossucios.com\/site\/?s={search_term_string}\",\"query-input\":\"required name=search_term_string\"}],\"inLanguage\":\"es\"},{\"@type\":\"ImageObject\",\"@id\":\"https:\/\/www.oidossucios.com\/site\/bono-u2-y-keith-richards-colaboran-en-el-nuevo-album-de-knaan\/#primaryimage\",\"inLanguage\":\"es\",\"url\":\"https:\/\/www.oidossucios.com\/site\/wp-content\/uploads\/2012\/02\/4925-1.jpg\",\"width\":350,\"height\":300},{\"@type\":\"WebPage\",\"@id\":\"https:\/\/www.oidossucios.com\/site\/bono-u2-y-keith-richards-colaboran-en-el-nuevo-album-de-knaan\/#webpage\",\"url\":\"https:\/\/www.oidossucios.com\/site\/bono-u2-y-keith-richards-colaboran-en-el-nuevo-album-de-knaan\/\",\"name\":\"Bono (U2) y Keith Richards colaboran en el nuevo \\u00e1lbum de K\\u00b4Naan - OidosSucios.Com\",\"isPartOf\":{\"@id\":\"https:\/\/www.oidossucios.com\/site\/#website\"},\"primaryImageOfPage\":{\"@id\":\"https:\/\/www.oidossucios.com\/site\/bono-u2-y-keith-richards-colaboran-en-el-nuevo-album-de-knaan\/#primaryimage\"},\"datePublished\":\"2012-02-27T18:04:00+00:00\",\"dateModified\":\"2012-02-27T18:04:00+00:00\",\"author\":{\"@id\":\"https:\/\/www.oidossucios.com\/site\/#\/schema\/person\/24559eeb76bf83a63296fb072393a688\"},\"inLanguage\":\"es\",\"potentialAction\":[{\"@type\":\"ReadAction\",\"target\":[\"https:\/\/www.oidossucios.com\/site\/bono-u2-y-keith-richards-colaboran-en-el-nuevo-album-de-knaan\/\"]}]},{\"@type\":[\"Person\"],\"@id\":\"https:\/\/www.oidossucios.com\/site\/#\/schema\/person\/24559eeb76bf83a63296fb072393a688\",\"name\":\"Oidossucios\",\"image\":{\"@type\":\"ImageObject\",\"@id\":\"https:\/\/www.oidossucios.com\/site\/#personlogo\",\"inLanguage\":\"es\",\"url\":\"https:\/\/secure.gravatar.com\/avatar\/74fcb480f42f1a33e50a0b6e6369a3f907be2e43dc84fa5f76c66e9c22b4a5ab?s=96&d=mm&r=g\",\"caption\":\"Oidossucios\"},\"sameAs\":[\"https:\/\/twitter.com\/oidossucios\"]}]}<\/script>\n<!-- \/ Yoast SEO plugin. -->","jetpack_sharing_enabled":true,"_links":{"self":[{"href":"https:\/\/www.oidossucios.com\/site\/wp-json\/wp\/v2\/posts\/5036","targetHints":{"allow":["GET"]}}],"collection":[{"href":"https:\/\/www.oidossucios.com\/site\/wp-json\/wp\/v2\/posts"}],"about":[{"href":"https:\/\/www.oidossucios.com\/site\/wp-json\/wp\/v2\/types\/post"}],"author":[{"embeddable":true,"href":"https:\/\/www.oidossucios.com\/site\/wp-json\/wp\/v2\/users\/4"}],"replies":[{"embeddable":true,"href":"https:\/\/www.oidossucios.com\/site\/wp-json\/wp\/v2\/comments?post=5036"}],"version-history":[{"count":0,"href":"https:\/\/www.oidossucios.com\/site\/wp-json\/wp\/v2\/posts\/5036\/revisions"}],"wp:featuredmedia":[{"embeddable":true,"href":"https:\/\/www.oidossucios.com\/site\/wp-json\/wp\/v2\/media\/111115282"}],"wp:attachment":[{"href":"https:\/\/www.oidossucios.com\/site\/wp-json\/wp\/v2\/media?parent=5036"}],"wp:term":[{"taxonomy":"category","embeddable":true,"href":"https:\/\/www.oidossucios.com\/site\/wp-json\/wp\/v2\/categories?post=5036"},{"taxonomy":"post_tag","embeddable":true,"href":"https:\/\/www.oidossucios.com\/site\/wp-json\/wp\/v2\/tags?post=5036"}],"curies":[{"name":"wp","href":"https:\/\/api.w.org\/{rel}","templated":true}]}}