{"id":5038,"date":"2012-02-28T05:27:00","date_gmt":"2012-02-28T05:27:00","guid":{"rendered":"https:\/\/www.oidossucios.com\/site\/2012\/02\/28\/reeditaran-en-fisico-la-violo-la-mato-la-pico-de-dermis-tatu\/"},"modified":"2012-02-28T05:27:00","modified_gmt":"2012-02-28T05:27:00","slug":"reeditaran-en-fisico-la-violo-la-mato-la-pico-de-dermis-tatu","status":"publish","type":"post","link":"https:\/\/www.oidossucios.com\/site\/reeditaran-en-fisico-la-violo-la-mato-la-pico-de-dermis-tatu\/","title":{"rendered":"Reeditar\u00e1n en f\u00edsico &#8220;La Viol\u00f3, La Mat\u00f3, La Pic\u00f3&#8221; de Dermis Tat\u00fa"},"content":{"rendered":"\n<p>La disquera independiente&nbsp;All Of The Above&nbsp;anunci\u00f3 mediante su p\u00e1gina web que reeditar\u00e1n en f\u00edsico el disco <i>La Viol\u00f3, La Mat\u00f3, La Pic\u00f3<\/i> de Dermis Tat\u00fa.<\/p>\n<p>Recordemos que esta producci\u00f3n fue el \u00fanico disco de Dermis Tat\u00fa, la banda formada por H\u00e9ctor Castillo (bajo), Sebasti\u00e1n Araujo (bater\u00eda) y el m\u00edtico Cayayo Troconis (guitarra y voz), tras la disoluci\u00f3n de Sentimiento Muerto. Este \u00e1lbum es considerado uno de los m\u00e1s influyentes y claves en la historia y desarrollo del Rock en Venezuela.<\/p>\n<p>La reedici\u00f3n del disco se espera para este a\u00f1o.&nbsp;Vale acotar que All Of The Above&nbsp;es la casa disquera de las bandas Americania y La Vida Boheme.<\/p>\n<p>M\u00e1s informaci\u00f3n en&nbsp;<a href=\"http:\/\/www.wearealloftheabove.com\/\">www.wearealloftheabove.com<\/a><\/p>\n","protected":false},"excerpt":{"rendered":"<p>La disquera independiente All Of The Above anunci\u00f3 mediante su p\u00e1gina web que reeditar\u00e1n en f\u00edsico el disco La Viol\u00f3, La Mat\u00f3, La Pic\u00f3 de Dermis Tat\u00fa.<\/p>\n","protected":false},"author":4,"featured_media":100005038,"comment_status":"open","ping_status":"open","sticky":false,"template":"","format":"standard","meta":{"_jetpack_memberships_contains_paid_content":false,"footnotes":""},"categories":[250],"tags":[],"class_list":["post-5038","post","type-post","status-publish","format-standard","has-post-thumbnail","hentry","category-noticias"],"jetpack_featured_media_url":"https:\/\/www.oidossucios.com\/site\/wp-content\/uploads\/2012\/02\/5038.jpg","yoast_head":"<!-- This site is optimized with the Yoast SEO plugin v14.0.4 - https:\/\/yoast.com\/wordpress\/plugins\/seo\/ -->\n<title>Reeditar\u00e1n en f\u00edsico &quot;La Viol\u00f3, La Mat\u00f3, La Pic\u00f3&quot; de Dermis Tat\u00fa - OidosSucios.Com<\/title>\n<meta name=\"description\" content=\"La disquera independiente All Of The Above anunci\u00f3 mediante su p\u00e1gina web que reeditar\u00e1n en f\u00edsico el disco La Viol\u00f3, La Mat\u00f3, La Pic\u00f3 de Dermis Tat\u00fa.\" \/>\n<meta name=\"robots\" content=\"index, follow\" \/>\n<meta name=\"googlebot\" content=\"index, follow, max-snippet:-1, max-image-preview:large, max-video-preview:-1\" \/>\n<meta name=\"bingbot\" content=\"index, follow, max-snippet:-1, max-image-preview:large, max-video-preview:-1\" \/>\n<link rel=\"canonical\" href=\"https:\/\/www.oidossucios.com\/site\/reeditaran-en-fisico-la-violo-la-mato-la-pico-de-dermis-tatu\/\" \/>\n<meta property=\"og:locale\" content=\"es_ES\" \/>\n<meta property=\"og:type\" content=\"article\" \/>\n<meta property=\"og:title\" content=\"Reeditar\u00e1n en f\u00edsico &quot;La Viol\u00f3, La Mat\u00f3, La Pic\u00f3&quot; de Dermis Tat\u00fa - OidosSucios.Com\" \/>\n<meta property=\"og:description\" content=\"La disquera independiente All Of The Above anunci\u00f3 mediante su p\u00e1gina web que reeditar\u00e1n en f\u00edsico el disco La Viol\u00f3, La Mat\u00f3, La Pic\u00f3 de Dermis Tat\u00fa.\" \/>\n<meta property=\"og:url\" content=\"https:\/\/www.oidossucios.com\/site\/reeditaran-en-fisico-la-violo-la-mato-la-pico-de-dermis-tatu\/\" \/>\n<meta property=\"og:site_name\" content=\"OidosSucios.Com\" \/>\n<meta property=\"article:published_time\" content=\"2012-02-28T05:27:00+00:00\" \/>\n<meta property=\"og:image\" content=\"https:\/\/www.oidossucios.com\/site\/wp-content\/uploads\/2012\/02\/5038.jpg\" \/>\n\t<meta property=\"og:image:width\" content=\"350\" \/>\n\t<meta property=\"og:image:height\" content=\"300\" \/>\n<meta name=\"twitter:card\" content=\"summary_large_image\" \/>\n<meta name=\"twitter:creator\" content=\"@oidossucios\" \/>\n<script type=\"application\/ld+json\" class=\"yoast-schema-graph\">{\"@context\":\"https:\/\/schema.org\",\"@graph\":[{\"@type\":\"WebSite\",\"@id\":\"https:\/\/www.oidossucios.com\/site\/#website\",\"url\":\"https:\/\/www.oidossucios.com\/site\/\",\"name\":\"OidosSucios.Com\",\"description\":\"M\\u00fasica, conciertos, discos\",\"potentialAction\":[{\"@type\":\"SearchAction\",\"target\":\"https:\/\/www.oidossucios.com\/site\/?s={search_term_string}\",\"query-input\":\"required name=search_term_string\"}],\"inLanguage\":\"es\"},{\"@type\":\"ImageObject\",\"@id\":\"https:\/\/www.oidossucios.com\/site\/reeditaran-en-fisico-la-violo-la-mato-la-pico-de-dermis-tatu\/#primaryimage\",\"inLanguage\":\"es\",\"url\":\"https:\/\/www.oidossucios.com\/site\/wp-content\/uploads\/2012\/02\/5038.jpg\",\"width\":350,\"height\":300},{\"@type\":\"WebPage\",\"@id\":\"https:\/\/www.oidossucios.com\/site\/reeditaran-en-fisico-la-violo-la-mato-la-pico-de-dermis-tatu\/#webpage\",\"url\":\"https:\/\/www.oidossucios.com\/site\/reeditaran-en-fisico-la-violo-la-mato-la-pico-de-dermis-tatu\/\",\"name\":\"Reeditar\\u00e1n en f\\u00edsico \\\"La Viol\\u00f3, La Mat\\u00f3, La Pic\\u00f3\\\" de Dermis Tat\\u00fa - OidosSucios.Com\",\"isPartOf\":{\"@id\":\"https:\/\/www.oidossucios.com\/site\/#website\"},\"primaryImageOfPage\":{\"@id\":\"https:\/\/www.oidossucios.com\/site\/reeditaran-en-fisico-la-violo-la-mato-la-pico-de-dermis-tatu\/#primaryimage\"},\"datePublished\":\"2012-02-28T05:27:00+00:00\",\"dateModified\":\"2012-02-28T05:27:00+00:00\",\"author\":{\"@id\":\"https:\/\/www.oidossucios.com\/site\/#\/schema\/person\/24559eeb76bf83a63296fb072393a688\"},\"description\":\"La disquera independiente All Of The Above anunci\\u00f3 mediante su p\\u00e1gina web que reeditar\\u00e1n en f\\u00edsico el disco La Viol\\u00f3, La Mat\\u00f3, La Pic\\u00f3 de Dermis Tat\\u00fa.\",\"inLanguage\":\"es\",\"potentialAction\":[{\"@type\":\"ReadAction\",\"target\":[\"https:\/\/www.oidossucios.com\/site\/reeditaran-en-fisico-la-violo-la-mato-la-pico-de-dermis-tatu\/\"]}]},{\"@type\":[\"Person\"],\"@id\":\"https:\/\/www.oidossucios.com\/site\/#\/schema\/person\/24559eeb76bf83a63296fb072393a688\",\"name\":\"Oidossucios\",\"image\":{\"@type\":\"ImageObject\",\"@id\":\"https:\/\/www.oidossucios.com\/site\/#personlogo\",\"inLanguage\":\"es\",\"url\":\"https:\/\/secure.gravatar.com\/avatar\/74fcb480f42f1a33e50a0b6e6369a3f907be2e43dc84fa5f76c66e9c22b4a5ab?s=96&d=mm&r=g\",\"caption\":\"Oidossucios\"},\"sameAs\":[\"https:\/\/twitter.com\/oidossucios\"]}]}<\/script>\n<!-- \/ Yoast SEO plugin. -->","jetpack_sharing_enabled":true,"_links":{"self":[{"href":"https:\/\/www.oidossucios.com\/site\/wp-json\/wp\/v2\/posts\/5038","targetHints":{"allow":["GET"]}}],"collection":[{"href":"https:\/\/www.oidossucios.com\/site\/wp-json\/wp\/v2\/posts"}],"about":[{"href":"https:\/\/www.oidossucios.com\/site\/wp-json\/wp\/v2\/types\/post"}],"author":[{"embeddable":true,"href":"https:\/\/www.oidossucios.com\/site\/wp-json\/wp\/v2\/users\/4"}],"replies":[{"embeddable":true,"href":"https:\/\/www.oidossucios.com\/site\/wp-json\/wp\/v2\/comments?post=5038"}],"version-history":[{"count":0,"href":"https:\/\/www.oidossucios.com\/site\/wp-json\/wp\/v2\/posts\/5038\/revisions"}],"wp:featuredmedia":[{"embeddable":true,"href":"https:\/\/www.oidossucios.com\/site\/wp-json\/wp\/v2\/media\/100005038"}],"wp:attachment":[{"href":"https:\/\/www.oidossucios.com\/site\/wp-json\/wp\/v2\/media?parent=5038"}],"wp:term":[{"taxonomy":"category","embeddable":true,"href":"https:\/\/www.oidossucios.com\/site\/wp-json\/wp\/v2\/categories?post=5038"},{"taxonomy":"post_tag","embeddable":true,"href":"https:\/\/www.oidossucios.com\/site\/wp-json\/wp\/v2\/tags?post=5038"}],"curies":[{"name":"wp","href":"https:\/\/api.w.org\/{rel}","templated":true}]}}