{"id":5079,"date":"2012-03-06T18:24:00","date_gmt":"2012-03-06T18:24:00","guid":{"rendered":"https:\/\/www.oidossucios.com\/site\/2012\/03\/06\/florence-the-machine-lanzara-su-mtv-unplugged\/"},"modified":"2012-03-06T18:24:00","modified_gmt":"2012-03-06T18:24:00","slug":"florence-the-machine-lanzara-su-mtv-unplugged","status":"publish","type":"post","link":"https:\/\/www.oidossucios.com\/site\/florence-the-machine-lanzara-su-mtv-unplugged\/","title":{"rendered":"Florence + The Machine lanzar\u00e1 su &quot;Mtv Unplugged&quot;"},"content":{"rendered":"\n<p>Florence + The Machine ha anunciado que lanzar\u00e1 su \u00e1lbum&nbsp;<i>MTV Unplugged<\/i>, grabado el 16 de diciembre pasado en Nueva York, en formato digital y CD este 9 de abril. <\/p>\n<p>Para dicha sesi\u00f3n, Florence Welch estuvo acompa\u00f1ada por tres miembros de su banda, 10 coristas g\u00f3spel y como invitado especial en una de las canciones a Josh Homme, sin mencionar que entre los espectadores se encontraba Kanye West y el rapero Q-Tip. Adem\u00e1s de canciones propias la cantante incluy\u00f3 dos covers: &#8220;Try A Little Tenderness&#8221;, de Otis Redding, y &#8220;Jackson&#8221;, original de Jerry Leiber y Billy Edd Wheeler pero hecha famosa por Johnny Cash y June Carter.<\/p>\n<p>El tracklist del <i>MTV Unplugged<\/i> es:<\/p>\n<p>Only If For A Night<\/p>\n<p>Drumming Song<\/p>\n<p>Cosmic Love<\/p>\n<p>Breaking Down<\/p>\n<p>Never Let Me Go<\/p>\n<p>Try A Little Tenderness<\/p>\n<p>No Light No Light<\/p>\n<p>Jackson<\/p>\n<p>What The Water Gave Me<\/p>\n<p>Dog Days Are Over<\/p>\n<p>Shake It Out<\/p>\n<p>Fuente: www.warp.la<\/p>\n","protected":false},"excerpt":{"rendered":"<p>Florence + The Machine ha anunciado que lanzar\u00e1 su \u00e1lbum MTV Unplugged, grabado el 16 de diciembre pasado en Nueva York, en formato digital y CD este 9 de abril.<\/p>\n","protected":false},"author":4,"featured_media":100005079,"comment_status":"open","ping_status":"open","sticky":false,"template":"","format":"standard","meta":{"_jetpack_memberships_contains_paid_content":false,"footnotes":""},"categories":[250],"tags":[],"class_list":["post-5079","post","type-post","status-publish","format-standard","has-post-thumbnail","hentry","category-noticias"],"jetpack_featured_media_url":"https:\/\/www.oidossucios.com\/site\/wp-content\/uploads\/2012\/03\/5079.jpg","yoast_head":"<!-- This site is optimized with the Yoast SEO plugin v14.0.4 - https:\/\/yoast.com\/wordpress\/plugins\/seo\/ -->\n<title>Florence + The Machine lanzar\u00e1 su &quot;Mtv Unplugged&quot; - OidosSucios.Com<\/title>\n<meta name=\"description\" content=\"Florence + The Machine ha anunciado que lanzar\u00e1 su \u00e1lbum MTV Unplugged, grabado el 16 de diciembre pasado en Nueva York, en formato digital y CD este 9 de abril.\" \/>\n<meta name=\"robots\" content=\"index, follow\" \/>\n<meta name=\"googlebot\" content=\"index, follow, max-snippet:-1, max-image-preview:large, max-video-preview:-1\" \/>\n<meta name=\"bingbot\" content=\"index, follow, max-snippet:-1, max-image-preview:large, max-video-preview:-1\" \/>\n<link rel=\"canonical\" href=\"https:\/\/www.oidossucios.com\/site\/florence-the-machine-lanzara-su-mtv-unplugged\/\" \/>\n<meta property=\"og:locale\" content=\"es_ES\" \/>\n<meta property=\"og:type\" content=\"article\" \/>\n<meta property=\"og:title\" content=\"Florence + The Machine lanzar\u00e1 su &quot;Mtv Unplugged&quot; - OidosSucios.Com\" \/>\n<meta property=\"og:description\" content=\"Florence + The Machine ha anunciado que lanzar\u00e1 su \u00e1lbum MTV Unplugged, grabado el 16 de diciembre pasado en Nueva York, en formato digital y CD este 9 de abril.\" \/>\n<meta property=\"og:url\" content=\"https:\/\/www.oidossucios.com\/site\/florence-the-machine-lanzara-su-mtv-unplugged\/\" \/>\n<meta property=\"og:site_name\" content=\"OidosSucios.Com\" \/>\n<meta property=\"article:published_time\" content=\"2012-03-06T18:24:00+00:00\" \/>\n<meta property=\"og:image\" content=\"https:\/\/www.oidossucios.com\/site\/wp-content\/uploads\/2012\/03\/5079.jpg\" \/>\n\t<meta property=\"og:image:width\" content=\"350\" \/>\n\t<meta property=\"og:image:height\" content=\"300\" \/>\n<meta name=\"twitter:card\" content=\"summary_large_image\" \/>\n<meta name=\"twitter:creator\" content=\"@oidossucios\" \/>\n<script type=\"application\/ld+json\" class=\"yoast-schema-graph\">{\"@context\":\"https:\/\/schema.org\",\"@graph\":[{\"@type\":\"WebSite\",\"@id\":\"https:\/\/www.oidossucios.com\/site\/#website\",\"url\":\"https:\/\/www.oidossucios.com\/site\/\",\"name\":\"OidosSucios.Com\",\"description\":\"M\\u00fasica, conciertos, discos\",\"potentialAction\":[{\"@type\":\"SearchAction\",\"target\":\"https:\/\/www.oidossucios.com\/site\/?s={search_term_string}\",\"query-input\":\"required name=search_term_string\"}],\"inLanguage\":\"es\"},{\"@type\":\"ImageObject\",\"@id\":\"https:\/\/www.oidossucios.com\/site\/florence-the-machine-lanzara-su-mtv-unplugged\/#primaryimage\",\"inLanguage\":\"es\",\"url\":\"https:\/\/www.oidossucios.com\/site\/wp-content\/uploads\/2012\/03\/5079.jpg\",\"width\":350,\"height\":300},{\"@type\":\"WebPage\",\"@id\":\"https:\/\/www.oidossucios.com\/site\/florence-the-machine-lanzara-su-mtv-unplugged\/#webpage\",\"url\":\"https:\/\/www.oidossucios.com\/site\/florence-the-machine-lanzara-su-mtv-unplugged\/\",\"name\":\"Florence + The Machine lanzar\\u00e1 su &quot;Mtv Unplugged&quot; - OidosSucios.Com\",\"isPartOf\":{\"@id\":\"https:\/\/www.oidossucios.com\/site\/#website\"},\"primaryImageOfPage\":{\"@id\":\"https:\/\/www.oidossucios.com\/site\/florence-the-machine-lanzara-su-mtv-unplugged\/#primaryimage\"},\"datePublished\":\"2012-03-06T18:24:00+00:00\",\"dateModified\":\"2012-03-06T18:24:00+00:00\",\"author\":{\"@id\":\"https:\/\/www.oidossucios.com\/site\/#\/schema\/person\/24559eeb76bf83a63296fb072393a688\"},\"description\":\"Florence + The Machine ha anunciado que lanzar\\u00e1 su \\u00e1lbum MTV Unplugged, grabado el 16 de diciembre pasado en Nueva York, en formato digital y CD este 9 de abril.\",\"inLanguage\":\"es\",\"potentialAction\":[{\"@type\":\"ReadAction\",\"target\":[\"https:\/\/www.oidossucios.com\/site\/florence-the-machine-lanzara-su-mtv-unplugged\/\"]}]},{\"@type\":[\"Person\"],\"@id\":\"https:\/\/www.oidossucios.com\/site\/#\/schema\/person\/24559eeb76bf83a63296fb072393a688\",\"name\":\"Oidossucios\",\"image\":{\"@type\":\"ImageObject\",\"@id\":\"https:\/\/www.oidossucios.com\/site\/#personlogo\",\"inLanguage\":\"es\",\"url\":\"https:\/\/secure.gravatar.com\/avatar\/74fcb480f42f1a33e50a0b6e6369a3f907be2e43dc84fa5f76c66e9c22b4a5ab?s=96&d=mm&r=g\",\"caption\":\"Oidossucios\"},\"sameAs\":[\"https:\/\/twitter.com\/oidossucios\"]}]}<\/script>\n<!-- \/ Yoast SEO plugin. -->","jetpack_sharing_enabled":true,"_links":{"self":[{"href":"https:\/\/www.oidossucios.com\/site\/wp-json\/wp\/v2\/posts\/5079","targetHints":{"allow":["GET"]}}],"collection":[{"href":"https:\/\/www.oidossucios.com\/site\/wp-json\/wp\/v2\/posts"}],"about":[{"href":"https:\/\/www.oidossucios.com\/site\/wp-json\/wp\/v2\/types\/post"}],"author":[{"embeddable":true,"href":"https:\/\/www.oidossucios.com\/site\/wp-json\/wp\/v2\/users\/4"}],"replies":[{"embeddable":true,"href":"https:\/\/www.oidossucios.com\/site\/wp-json\/wp\/v2\/comments?post=5079"}],"version-history":[{"count":0,"href":"https:\/\/www.oidossucios.com\/site\/wp-json\/wp\/v2\/posts\/5079\/revisions"}],"wp:featuredmedia":[{"embeddable":true,"href":"https:\/\/www.oidossucios.com\/site\/wp-json\/wp\/v2\/media\/100005079"}],"wp:attachment":[{"href":"https:\/\/www.oidossucios.com\/site\/wp-json\/wp\/v2\/media?parent=5079"}],"wp:term":[{"taxonomy":"category","embeddable":true,"href":"https:\/\/www.oidossucios.com\/site\/wp-json\/wp\/v2\/categories?post=5079"},{"taxonomy":"post_tag","embeddable":true,"href":"https:\/\/www.oidossucios.com\/site\/wp-json\/wp\/v2\/tags?post=5079"}],"curies":[{"name":"wp","href":"https:\/\/api.w.org\/{rel}","templated":true}]}}