{"id":5094,"date":"2012-03-08T19:57:00","date_gmt":"2012-03-08T19:57:00","guid":{"rendered":"https:\/\/www.oidossucios.com\/site\/2012\/03\/08\/the-osbournes-regresan-a-la-tv-como-dibujos-animados\/"},"modified":"2012-03-08T19:57:00","modified_gmt":"2012-03-08T19:57:00","slug":"the-osbournes-regresan-a-la-tv-como-dibujos-animados","status":"publish","type":"post","link":"https:\/\/www.oidossucios.com\/site\/the-osbournes-regresan-a-la-tv-como-dibujos-animados\/","title":{"rendered":"The Osbournes regresan a la TV, como dibujos animados"},"content":{"rendered":"<p>Por <\/p>\n<p class=\"MsoNormal\">La familia del m\u00edtico rockero Ozzy&nbsp;Osbourne, quienes rompieron el formato usual de la TV con su reality show <i>The Osbournes<\/i>, regresar\u00e1n a la televisi\u00f3n, ahora en forma de dibujos animados.&nbsp;<\/p>\n<p>El proyecto estar\u00e1 a cargo del estudio canadiense&nbsp;Cuppa Coffee Studios, responsables de series como&nbsp;<i>Celebrity Death Match<\/i>&nbsp;y&nbsp;<i>Ugly Americans<\/i>, ambas transmitidas por Mtv Latinoam\u00e9rica. El show ser\u00e1 hecho con la t\u00e9cnica stop-motion y llevar\u00e1 por t\u00edtulo&nbsp;<i>The F\u00b4n Osbournes<\/i>.&nbsp;<\/p>\n<p>Jack &nbsp;y&nbsp;Sharon Osbourne&nbsp;participar\u00e1n como productores del proyecto al lado de&nbsp;Adam Shaheen, fundador de&nbsp;Cuppa Coffee Studios. Seg\u00fan declaraciones de Shaheen: &#8220;El programa combina situaciones absurdas y animadas que s\u00f3lo la familia&nbsp;Osbourne&nbsp;podr\u00eda enfrentar&#8221;.&nbsp;<\/p>\n<p>Adem\u00e1s, ser\u00e1 la propia familia; Ozzy, Sharon, Jack y Kelly, quienes presten sus voces para la serie.&nbsp;<\/p>\n<p>Se presume que la primera temporada tenga una duraci\u00f3n de 20 episodios.<br \/> <!--[if !supportLineBreakNewLine]--><br \/> <!--[endif]--><o:p><\/o:p><\/p>\n","protected":false},"excerpt":{"rendered":"<p>La familia del m\u00edtico rockero Ozzy Osbourne, quienes rompieron el formato usual de la TV con su reality show The Osbournes, regresar\u00e1n a la televisi\u00f3n, ahora en forma de dibujos animados. <\/p>\n","protected":false},"author":4,"featured_media":100005094,"comment_status":"open","ping_status":"open","sticky":false,"template":"","format":"standard","meta":{"_jetpack_memberships_contains_paid_content":false,"footnotes":""},"categories":[685],"tags":[],"class_list":["post-5094","post","type-post","status-publish","format-standard","has-post-thumbnail","hentry","category-ultima"],"jetpack_featured_media_url":"https:\/\/www.oidossucios.com\/site\/wp-content\/uploads\/2012\/03\/5094.jpg","yoast_head":"<!-- This site is optimized with the Yoast SEO plugin v14.0.4 - https:\/\/yoast.com\/wordpress\/plugins\/seo\/ -->\n<title>The Osbournes regresan a la TV, como dibujos animados - OidosSucios.Com<\/title>\n<meta name=\"description\" content=\"La familia del m\u00edtico rockero Ozzy Osbourne, quienes rompieron el formato usual de la TV con su reality show The Osbournes, regresar\u00e1n a la televisi\u00f3n, ahora en forma de dibujos animados.\" \/>\n<meta name=\"robots\" content=\"index, follow\" \/>\n<meta name=\"googlebot\" content=\"index, follow, max-snippet:-1, max-image-preview:large, max-video-preview:-1\" \/>\n<meta name=\"bingbot\" content=\"index, follow, max-snippet:-1, max-image-preview:large, max-video-preview:-1\" \/>\n<link rel=\"canonical\" href=\"https:\/\/www.oidossucios.com\/site\/the-osbournes-regresan-a-la-tv-como-dibujos-animados\/\" \/>\n<meta property=\"og:locale\" content=\"es_ES\" \/>\n<meta property=\"og:type\" content=\"article\" \/>\n<meta property=\"og:title\" content=\"The Osbournes regresan a la TV, como dibujos animados - OidosSucios.Com\" \/>\n<meta property=\"og:description\" content=\"La familia del m\u00edtico rockero Ozzy Osbourne, quienes rompieron el formato usual de la TV con su reality show The Osbournes, regresar\u00e1n a la televisi\u00f3n, ahora en forma de dibujos animados.\" \/>\n<meta property=\"og:url\" content=\"https:\/\/www.oidossucios.com\/site\/the-osbournes-regresan-a-la-tv-como-dibujos-animados\/\" \/>\n<meta property=\"og:site_name\" content=\"OidosSucios.Com\" \/>\n<meta property=\"article:published_time\" content=\"2012-03-08T19:57:00+00:00\" \/>\n<meta property=\"og:image\" content=\"https:\/\/www.oidossucios.com\/site\/wp-content\/uploads\/2012\/03\/5094.jpg\" \/>\n\t<meta property=\"og:image:width\" content=\"350\" \/>\n\t<meta property=\"og:image:height\" content=\"300\" \/>\n<meta name=\"twitter:card\" content=\"summary_large_image\" \/>\n<meta name=\"twitter:creator\" content=\"@oidossucios\" \/>\n<script type=\"application\/ld+json\" class=\"yoast-schema-graph\">{\"@context\":\"https:\/\/schema.org\",\"@graph\":[{\"@type\":\"WebSite\",\"@id\":\"https:\/\/www.oidossucios.com\/site\/#website\",\"url\":\"https:\/\/www.oidossucios.com\/site\/\",\"name\":\"OidosSucios.Com\",\"description\":\"M\\u00fasica, conciertos, discos\",\"potentialAction\":[{\"@type\":\"SearchAction\",\"target\":\"https:\/\/www.oidossucios.com\/site\/?s={search_term_string}\",\"query-input\":\"required name=search_term_string\"}],\"inLanguage\":\"es\"},{\"@type\":\"ImageObject\",\"@id\":\"https:\/\/www.oidossucios.com\/site\/the-osbournes-regresan-a-la-tv-como-dibujos-animados\/#primaryimage\",\"inLanguage\":\"es\",\"url\":\"https:\/\/www.oidossucios.com\/site\/wp-content\/uploads\/2012\/03\/5094.jpg\",\"width\":350,\"height\":300},{\"@type\":\"WebPage\",\"@id\":\"https:\/\/www.oidossucios.com\/site\/the-osbournes-regresan-a-la-tv-como-dibujos-animados\/#webpage\",\"url\":\"https:\/\/www.oidossucios.com\/site\/the-osbournes-regresan-a-la-tv-como-dibujos-animados\/\",\"name\":\"The Osbournes regresan a la TV, como dibujos animados - OidosSucios.Com\",\"isPartOf\":{\"@id\":\"https:\/\/www.oidossucios.com\/site\/#website\"},\"primaryImageOfPage\":{\"@id\":\"https:\/\/www.oidossucios.com\/site\/the-osbournes-regresan-a-la-tv-como-dibujos-animados\/#primaryimage\"},\"datePublished\":\"2012-03-08T19:57:00+00:00\",\"dateModified\":\"2012-03-08T19:57:00+00:00\",\"author\":{\"@id\":\"https:\/\/www.oidossucios.com\/site\/#\/schema\/person\/24559eeb76bf83a63296fb072393a688\"},\"description\":\"La familia del m\\u00edtico rockero Ozzy Osbourne, quienes rompieron el formato usual de la TV con su reality show The Osbournes, regresar\\u00e1n a la televisi\\u00f3n, ahora en forma de dibujos animados.\",\"inLanguage\":\"es\",\"potentialAction\":[{\"@type\":\"ReadAction\",\"target\":[\"https:\/\/www.oidossucios.com\/site\/the-osbournes-regresan-a-la-tv-como-dibujos-animados\/\"]}]},{\"@type\":[\"Person\"],\"@id\":\"https:\/\/www.oidossucios.com\/site\/#\/schema\/person\/24559eeb76bf83a63296fb072393a688\",\"name\":\"Oidossucios\",\"image\":{\"@type\":\"ImageObject\",\"@id\":\"https:\/\/www.oidossucios.com\/site\/#personlogo\",\"inLanguage\":\"es\",\"url\":\"https:\/\/secure.gravatar.com\/avatar\/74fcb480f42f1a33e50a0b6e6369a3f907be2e43dc84fa5f76c66e9c22b4a5ab?s=96&d=mm&r=g\",\"caption\":\"Oidossucios\"},\"sameAs\":[\"https:\/\/twitter.com\/oidossucios\"]}]}<\/script>\n<!-- \/ Yoast SEO plugin. -->","jetpack_sharing_enabled":true,"_links":{"self":[{"href":"https:\/\/www.oidossucios.com\/site\/wp-json\/wp\/v2\/posts\/5094","targetHints":{"allow":["GET"]}}],"collection":[{"href":"https:\/\/www.oidossucios.com\/site\/wp-json\/wp\/v2\/posts"}],"about":[{"href":"https:\/\/www.oidossucios.com\/site\/wp-json\/wp\/v2\/types\/post"}],"author":[{"embeddable":true,"href":"https:\/\/www.oidossucios.com\/site\/wp-json\/wp\/v2\/users\/4"}],"replies":[{"embeddable":true,"href":"https:\/\/www.oidossucios.com\/site\/wp-json\/wp\/v2\/comments?post=5094"}],"version-history":[{"count":0,"href":"https:\/\/www.oidossucios.com\/site\/wp-json\/wp\/v2\/posts\/5094\/revisions"}],"wp:featuredmedia":[{"embeddable":true,"href":"https:\/\/www.oidossucios.com\/site\/wp-json\/wp\/v2\/media\/100005094"}],"wp:attachment":[{"href":"https:\/\/www.oidossucios.com\/site\/wp-json\/wp\/v2\/media?parent=5094"}],"wp:term":[{"taxonomy":"category","embeddable":true,"href":"https:\/\/www.oidossucios.com\/site\/wp-json\/wp\/v2\/categories?post=5094"},{"taxonomy":"post_tag","embeddable":true,"href":"https:\/\/www.oidossucios.com\/site\/wp-json\/wp\/v2\/tags?post=5094"}],"curies":[{"name":"wp","href":"https:\/\/api.w.org\/{rel}","templated":true}]}}