{"id":5153,"date":"2012-03-20T22:13:00","date_gmt":"2012-03-20T22:13:00","guid":{"rendered":"https:\/\/www.oidossucios.com\/site\/2012\/03\/20\/marilyn-manson-y-johnny-depp-graban-un-tema-juntos\/"},"modified":"2012-03-20T22:13:00","modified_gmt":"2012-03-20T22:13:00","slug":"marilyn-manson-y-johnny-depp-graban-un-tema-juntos","status":"publish","type":"post","link":"https:\/\/www.oidossucios.com\/site\/marilyn-manson-y-johnny-depp-graban-un-tema-juntos\/","title":{"rendered":"Marilyn Manson y Johnny Depp graban un tema juntos"},"content":{"rendered":"<p>Por <\/p>\n<p>Marilyn Manson ha estado trabajando los \u00faltimos a\u00f1os en su octavo disco de estudio,&nbsp;<i>Born Villain<\/i>, del que ya adelant\u00f3 la canci\u00f3n&nbsp;&#8220;No Reflection&#8221;. Pero ahora se confirm\u00f3 que el \u00e1lbum tendr\u00e1 un llamativo bonus-track: Johnny Depp y Marilyn Manson se unieron para hacer un cover de la exitosa canci\u00f3n de Carly Simon, &#8220;You\u00b4re So Vain&#8221;.<\/p>\n<p>En la canci\u00f3n, el actor tocar\u00e1 la bater\u00eda y la primera guitarra, mientras que Manson se encargar\u00e1 de poner la voz.<\/p>\n<p>Depp y el cantante son amigos desde que Manson conoci\u00f3 al actor en el set de la serie <i>21 Jump Street<\/i>, donde el m\u00fasico apareci\u00f3 como extra.<\/p>\n<p>Seg\u00fan la web de &nbsp;<a target=\"_blank\" href=\"http:\/\/www.nme.com\/news\/marilyn-manson\/62736\" rel=\"noopener noreferrer\">NME<\/a>, Manson explic\u00f3 a MTV News que decidieron hacer &#8220;un cover de una canci\u00f3n que a ambos le pareciera ir\u00f3nica&#8221;.<\/p>\n<p>&#8220;\u00c9l toca la bater\u00eda y la primera guitarra, mientras que yo toco la guitarra y canto. Ser\u00e1 un bonus track de mi nuevo \u00e1lbum y en el video probablemente apareceremos mir\u00e1ndonos al espejo y en el reflejo aparecer\u00e1 el otro&#8221;, coment\u00f3.<\/p>\n<p><i>Born Villain<\/i> ser\u00e1 lanzado el 1 de Mayo.&nbsp;<\/p>\n<p><!--nextpage--><img decoding=\"async\" class=\"aligncenter size-medium wp-image-111115354\" src=\"https:\/\/www.oidossucios.com\/site\/wp-content\/uploads\/2020\/02\/5354.jpg\" alt=\"Marilyn Manson y Johnny Depp graban un tema juntos\"  \/><a href='https:\/\/www.oidossucios.com\/site\/marilyn-manson-y-johnny-depp-graban-un-tema-juntos\/2\/'\n                        onclick='if (tpsInstance) { tpsInstance.setNext(); return false; }'\n                        rel='next'\n                        style=''\n                        class=''>Ver galer\u00eda<\/a>]]><\/p>\n","protected":false},"excerpt":{"rendered":"<p>Johnny Depp y Marilyn Manson se unieron para hacer un cover de la exitosa canci\u00f3n de Carly Simon, &quot;You\u00b4re So Vain&quot;.<\/p>\n","protected":false},"author":4,"featured_media":100005153,"comment_status":"open","ping_status":"open","sticky":false,"template":"","format":"standard","meta":{"_jetpack_memberships_contains_paid_content":false,"footnotes":""},"categories":[685],"tags":[],"class_list":["post-5153","post","type-post","status-publish","format-standard","has-post-thumbnail","hentry","category-ultima"],"jetpack_featured_media_url":"https:\/\/www.oidossucios.com\/site\/wp-content\/uploads\/2012\/03\/5153.jpg","yoast_head":"<!-- This site is optimized with the Yoast SEO plugin v14.0.4 - https:\/\/yoast.com\/wordpress\/plugins\/seo\/ -->\n<title>Marilyn Manson y Johnny Depp graban un tema juntos - OidosSucios.Com<\/title>\n<meta name=\"description\" content=\"Johnny Depp y Marilyn Manson se unieron para hacer un cover de la exitosa canci\u00f3n de Carly Simon, &quot;You\u00b4re So Vain&quot;.\" \/>\n<meta name=\"robots\" content=\"index, follow\" \/>\n<meta name=\"googlebot\" content=\"index, follow, max-snippet:-1, max-image-preview:large, max-video-preview:-1\" \/>\n<meta name=\"bingbot\" content=\"index, follow, max-snippet:-1, max-image-preview:large, max-video-preview:-1\" \/>\n<link rel=\"canonical\" href=\"https:\/\/www.oidossucios.com\/site\/marilyn-manson-y-johnny-depp-graban-un-tema-juntos\/\" \/>\n<link rel=\"next\" href=\"https:\/\/www.oidossucios.com\/site\/marilyn-manson-y-johnny-depp-graban-un-tema-juntos\/2\/\" \/>\n<meta property=\"og:locale\" content=\"es_ES\" \/>\n<meta property=\"og:type\" content=\"article\" \/>\n<meta property=\"og:title\" content=\"Marilyn Manson y Johnny Depp graban un tema juntos - OidosSucios.Com\" \/>\n<meta property=\"og:description\" content=\"Johnny Depp y Marilyn Manson se unieron para hacer un cover de la exitosa canci\u00f3n de Carly Simon, &quot;You\u00b4re So Vain&quot;.\" \/>\n<meta property=\"og:url\" content=\"https:\/\/www.oidossucios.com\/site\/marilyn-manson-y-johnny-depp-graban-un-tema-juntos\/\" \/>\n<meta property=\"og:site_name\" content=\"OidosSucios.Com\" \/>\n<meta property=\"article:published_time\" content=\"2012-03-20T22:13:00+00:00\" \/>\n<meta property=\"og:image\" content=\"https:\/\/www.oidossucios.com\/site\/wp-content\/uploads\/2012\/03\/5153.jpg\" \/>\n\t<meta property=\"og:image:width\" content=\"350\" \/>\n\t<meta property=\"og:image:height\" content=\"300\" \/>\n<meta name=\"twitter:card\" content=\"summary_large_image\" \/>\n<meta name=\"twitter:creator\" content=\"@oidossucios\" \/>\n<script type=\"application\/ld+json\" class=\"yoast-schema-graph\">{\"@context\":\"https:\/\/schema.org\",\"@graph\":[{\"@type\":\"WebSite\",\"@id\":\"https:\/\/www.oidossucios.com\/site\/#website\",\"url\":\"https:\/\/www.oidossucios.com\/site\/\",\"name\":\"OidosSucios.Com\",\"description\":\"M\\u00fasica, conciertos, discos\",\"potentialAction\":[{\"@type\":\"SearchAction\",\"target\":\"https:\/\/www.oidossucios.com\/site\/?s={search_term_string}\",\"query-input\":\"required name=search_term_string\"}],\"inLanguage\":\"es\"},{\"@type\":\"ImageObject\",\"@id\":\"https:\/\/www.oidossucios.com\/site\/marilyn-manson-y-johnny-depp-graban-un-tema-juntos\/#primaryimage\",\"inLanguage\":\"es\",\"url\":\"https:\/\/www.oidossucios.com\/site\/wp-content\/uploads\/2012\/03\/5153.jpg\",\"width\":350,\"height\":300},{\"@type\":\"WebPage\",\"@id\":\"https:\/\/www.oidossucios.com\/site\/marilyn-manson-y-johnny-depp-graban-un-tema-juntos\/#webpage\",\"url\":\"https:\/\/www.oidossucios.com\/site\/marilyn-manson-y-johnny-depp-graban-un-tema-juntos\/\",\"name\":\"Marilyn Manson y Johnny Depp graban un tema juntos - OidosSucios.Com\",\"isPartOf\":{\"@id\":\"https:\/\/www.oidossucios.com\/site\/#website\"},\"primaryImageOfPage\":{\"@id\":\"https:\/\/www.oidossucios.com\/site\/marilyn-manson-y-johnny-depp-graban-un-tema-juntos\/#primaryimage\"},\"datePublished\":\"2012-03-20T22:13:00+00:00\",\"dateModified\":\"2012-03-20T22:13:00+00:00\",\"author\":{\"@id\":\"https:\/\/www.oidossucios.com\/site\/#\/schema\/person\/24559eeb76bf83a63296fb072393a688\"},\"description\":\"Johnny Depp y Marilyn Manson se unieron para hacer un cover de la exitosa canci\\u00f3n de Carly Simon, &quot;You\\u00b4re So Vain&quot;.\",\"inLanguage\":\"es\",\"potentialAction\":[{\"@type\":\"ReadAction\",\"target\":[\"https:\/\/www.oidossucios.com\/site\/marilyn-manson-y-johnny-depp-graban-un-tema-juntos\/\"]}]},{\"@type\":[\"Person\"],\"@id\":\"https:\/\/www.oidossucios.com\/site\/#\/schema\/person\/24559eeb76bf83a63296fb072393a688\",\"name\":\"Oidossucios\",\"image\":{\"@type\":\"ImageObject\",\"@id\":\"https:\/\/www.oidossucios.com\/site\/#personlogo\",\"inLanguage\":\"es\",\"url\":\"https:\/\/secure.gravatar.com\/avatar\/74fcb480f42f1a33e50a0b6e6369a3f907be2e43dc84fa5f76c66e9c22b4a5ab?s=96&d=mm&r=g\",\"caption\":\"Oidossucios\"},\"sameAs\":[\"https:\/\/twitter.com\/oidossucios\"]}]}<\/script>\n<!-- \/ Yoast SEO plugin. -->","jetpack_sharing_enabled":true,"_links":{"self":[{"href":"https:\/\/www.oidossucios.com\/site\/wp-json\/wp\/v2\/posts\/5153","targetHints":{"allow":["GET"]}}],"collection":[{"href":"https:\/\/www.oidossucios.com\/site\/wp-json\/wp\/v2\/posts"}],"about":[{"href":"https:\/\/www.oidossucios.com\/site\/wp-json\/wp\/v2\/types\/post"}],"author":[{"embeddable":true,"href":"https:\/\/www.oidossucios.com\/site\/wp-json\/wp\/v2\/users\/4"}],"replies":[{"embeddable":true,"href":"https:\/\/www.oidossucios.com\/site\/wp-json\/wp\/v2\/comments?post=5153"}],"version-history":[{"count":0,"href":"https:\/\/www.oidossucios.com\/site\/wp-json\/wp\/v2\/posts\/5153\/revisions"}],"wp:featuredmedia":[{"embeddable":true,"href":"https:\/\/www.oidossucios.com\/site\/wp-json\/wp\/v2\/media\/100005153"}],"wp:attachment":[{"href":"https:\/\/www.oidossucios.com\/site\/wp-json\/wp\/v2\/media?parent=5153"}],"wp:term":[{"taxonomy":"category","embeddable":true,"href":"https:\/\/www.oidossucios.com\/site\/wp-json\/wp\/v2\/categories?post=5153"},{"taxonomy":"post_tag","embeddable":true,"href":"https:\/\/www.oidossucios.com\/site\/wp-json\/wp\/v2\/tags?post=5153"}],"curies":[{"name":"wp","href":"https:\/\/api.w.org\/{rel}","templated":true}]}}