{"id":518,"date":"2002-01-18T16:01:00","date_gmt":"2002-01-18T16:01:00","guid":{"rendered":"https:\/\/www.oidossucios.com\/site\/2002\/01\/18\/papa-roach-no-doubt-y-alanis-morissette-en-el-pop-festival-2002\/"},"modified":"2002-01-18T16:01:00","modified_gmt":"2002-01-18T16:01:00","slug":"papa-roach-no-doubt-y-alanis-morissette-en-el-pop-festival-2002","status":"publish","type":"post","link":"https:\/\/www.oidossucios.com\/site\/papa-roach-no-doubt-y-alanis-morissette-en-el-pop-festival-2002\/","title":{"rendered":"Papa Roach, No Doubt y Alanis Morissette en el Pop Festival 2002"},"content":{"rendered":"<p>Parte de la inc\u00f3gnita fue develada esta ma\u00f1ana. Luego de varias semanas de rumores, Evenpro, los organizadores de la segunda edici\u00f3n del Caracas Pop Festival, dieron una rueda de prensa donde develaron parte del cartel que se estar\u00e1 presentando durante el 14 y 17 de Marzo en &#8216;El Valle del Pop&#8217;, un sitio creado para este evento que estar\u00e1 ubicado en la poblaci\u00f3n de Guarenas, a 30 minutos de la capital venezolana.<\/p>\n<p>Alanis Morissette fue la gran sorpresa de la cita, dado que la presentaci\u00f3n de los otros artistas era un secreto a voces. La canadiense estar\u00e1 por segunda vez en Venezuela haciendo el primer concierto de la gira mundial de la presentaci\u00f3n de &#8216;Under Rug Swept&#8221;, su nuevo disco que saldr\u00e1 a la venta el pr\u00f3ximo 25 de Febrero. No Doubt tambi\u00e9n estar\u00e1 presentando su m\u00e1s reciente producci\u00f3n &#8216;Rock Steady&#8217;.<\/p>\n<p>La \u00fanica noche en la cual aun no ha sido definido el cartel es en la del 16 de Marzo, en la que se rumora que podr\u00edan estar Britney Spears, The Cranberries o Westlife. De resto, los d\u00edas de las bandas internacionales quedan como sigue a continuaci\u00f3n, pudiendo rotarse las bandas nacionales dependiendo de los organizadores:<\/p>\n<p><b>Jueves 14:<\/b> Korn, Papa Roach, Fauna Crepuscular y Caramelos de Cianuro<br \/><b>Viernes 15:<\/b> Alanis Morissette, No Doubt y Amigos Invisibles<br \/><b>S\u00e1bado 16:<\/b> No hay informaci\u00f3n oficial<br \/><b>Domingo 17:<\/b> Roger Waters, Artista Internacional por definir y P\u00edxel<\/p>\n<p>La preventa de entradas comenzar\u00e1 el pr\u00f3ximo 22 de Enero a 25.000 Bs. la general y 55.000 Bs. la VIP en el Video Color Yamin de Altamira, Recordland del Sambil, Las Mercedes y CCCT y a trav\u00e9s de www.evenpro.com. El aforo del sitio son 8 mil personas en la zona VIP y 26 mil en la zona general.<\/p>\n<p>Durante los 4 d\u00edas que durar\u00e1 el evento, las puertas del recinto se abrir\u00e1n a la 1pm para dar comienzo a las presentaciones a las 6pm. Los artistas internacionales se estar\u00e1n hospedando en el Hotel Melia Caracas. Durante los pr\u00f3ximos 20 d\u00edas, quedara definido totalmente el cartel.<\/p>\n","protected":false},"excerpt":{"rendered":"<p>En una rueda de prensa celebrada el d\u00eda de hoy, los organizadores de la segunda edici\u00f3n del Caracas Pop Festival confirmaron parte del cartel que acompa\u00f1ar\u00e1 a Roger Waters y Korn durante 4 noches en el mes de Marzo.<\/p>\n","protected":false},"author":4,"featured_media":0,"comment_status":"open","ping_status":"open","sticky":false,"template":"","format":"standard","meta":{"_jetpack_memberships_contains_paid_content":false,"footnotes":""},"categories":[250],"tags":[],"class_list":["post-518","post","type-post","status-publish","format-standard","hentry","category-noticias"],"jetpack_featured_media_url":"","yoast_head":"<!-- This site is optimized with the Yoast SEO plugin v14.0.4 - https:\/\/yoast.com\/wordpress\/plugins\/seo\/ -->\n<title>Papa Roach, No Doubt y Alanis Morissette en el Pop Festival 2002 - OidosSucios.Com<\/title>\n<meta name=\"description\" content=\"La tercera edici\u00f3n del ciclo de los Viernes del Ghetto que comenzar\u00eda dentro de dos semanas ha sido cancelada. Candy 66, Subsonus y S\u00f3nica (en la foto), entre otros, se iban a presentar en esta serie de conciertos.\" \/>\n<meta name=\"robots\" content=\"index, follow\" \/>\n<meta name=\"googlebot\" content=\"index, follow, max-snippet:-1, max-image-preview:large, max-video-preview:-1\" \/>\n<meta name=\"bingbot\" content=\"index, follow, max-snippet:-1, max-image-preview:large, max-video-preview:-1\" \/>\n<link rel=\"canonical\" href=\"https:\/\/www.oidossucios.com\/site\/papa-roach-no-doubt-y-alanis-morissette-en-el-pop-festival-2002\/\" \/>\n<meta property=\"og:locale\" content=\"es_ES\" \/>\n<meta property=\"og:type\" content=\"article\" \/>\n<meta property=\"og:title\" content=\"Papa Roach, No Doubt y Alanis Morissette en el Pop Festival 2002 - OidosSucios.Com\" \/>\n<meta property=\"og:description\" content=\"La tercera edici\u00f3n del ciclo de los Viernes del Ghetto que comenzar\u00eda dentro de dos semanas ha sido cancelada. Candy 66, Subsonus y S\u00f3nica (en la foto), entre otros, se iban a presentar en esta serie de conciertos.\" \/>\n<meta property=\"og:url\" content=\"https:\/\/www.oidossucios.com\/site\/papa-roach-no-doubt-y-alanis-morissette-en-el-pop-festival-2002\/\" \/>\n<meta property=\"og:site_name\" content=\"OidosSucios.Com\" \/>\n<meta property=\"article:published_time\" content=\"2002-01-18T16:01:00+00:00\" \/>\n<meta name=\"twitter:card\" content=\"summary_large_image\" \/>\n<meta name=\"twitter:creator\" content=\"@oidossucios\" \/>\n<script type=\"application\/ld+json\" class=\"yoast-schema-graph\">{\"@context\":\"https:\/\/schema.org\",\"@graph\":[{\"@type\":\"WebSite\",\"@id\":\"https:\/\/www.oidossucios.com\/site\/#website\",\"url\":\"https:\/\/www.oidossucios.com\/site\/\",\"name\":\"OidosSucios.Com\",\"description\":\"M\\u00fasica, conciertos, discos\",\"potentialAction\":[{\"@type\":\"SearchAction\",\"target\":\"https:\/\/www.oidossucios.com\/site\/?s={search_term_string}\",\"query-input\":\"required name=search_term_string\"}],\"inLanguage\":\"es\"},{\"@type\":\"WebPage\",\"@id\":\"https:\/\/www.oidossucios.com\/site\/papa-roach-no-doubt-y-alanis-morissette-en-el-pop-festival-2002\/#webpage\",\"url\":\"https:\/\/www.oidossucios.com\/site\/papa-roach-no-doubt-y-alanis-morissette-en-el-pop-festival-2002\/\",\"name\":\"Papa Roach, No Doubt y Alanis Morissette en el Pop Festival 2002 - OidosSucios.Com\",\"isPartOf\":{\"@id\":\"https:\/\/www.oidossucios.com\/site\/#website\"},\"datePublished\":\"2002-01-18T16:01:00+00:00\",\"dateModified\":\"2002-01-18T16:01:00+00:00\",\"author\":{\"@id\":\"https:\/\/www.oidossucios.com\/site\/#\/schema\/person\/24559eeb76bf83a63296fb072393a688\"},\"description\":\"La tercera edici\\u00f3n del ciclo de los Viernes del Ghetto que comenzar\\u00eda dentro de dos semanas ha sido cancelada. Candy 66, Subsonus y S\\u00f3nica (en la foto), entre otros, se iban a presentar en esta serie de conciertos.\",\"inLanguage\":\"es\",\"potentialAction\":[{\"@type\":\"ReadAction\",\"target\":[\"https:\/\/www.oidossucios.com\/site\/papa-roach-no-doubt-y-alanis-morissette-en-el-pop-festival-2002\/\"]}]},{\"@type\":[\"Person\"],\"@id\":\"https:\/\/www.oidossucios.com\/site\/#\/schema\/person\/24559eeb76bf83a63296fb072393a688\",\"name\":\"Oidossucios\",\"image\":{\"@type\":\"ImageObject\",\"@id\":\"https:\/\/www.oidossucios.com\/site\/#personlogo\",\"inLanguage\":\"es\",\"url\":\"https:\/\/secure.gravatar.com\/avatar\/74fcb480f42f1a33e50a0b6e6369a3f907be2e43dc84fa5f76c66e9c22b4a5ab?s=96&d=mm&r=g\",\"caption\":\"Oidossucios\"},\"sameAs\":[\"https:\/\/twitter.com\/oidossucios\"]}]}<\/script>\n<!-- \/ Yoast SEO plugin. -->","jetpack_sharing_enabled":true,"_links":{"self":[{"href":"https:\/\/www.oidossucios.com\/site\/wp-json\/wp\/v2\/posts\/518","targetHints":{"allow":["GET"]}}],"collection":[{"href":"https:\/\/www.oidossucios.com\/site\/wp-json\/wp\/v2\/posts"}],"about":[{"href":"https:\/\/www.oidossucios.com\/site\/wp-json\/wp\/v2\/types\/post"}],"author":[{"embeddable":true,"href":"https:\/\/www.oidossucios.com\/site\/wp-json\/wp\/v2\/users\/4"}],"replies":[{"embeddable":true,"href":"https:\/\/www.oidossucios.com\/site\/wp-json\/wp\/v2\/comments?post=518"}],"version-history":[{"count":0,"href":"https:\/\/www.oidossucios.com\/site\/wp-json\/wp\/v2\/posts\/518\/revisions"}],"wp:attachment":[{"href":"https:\/\/www.oidossucios.com\/site\/wp-json\/wp\/v2\/media?parent=518"}],"wp:term":[{"taxonomy":"category","embeddable":true,"href":"https:\/\/www.oidossucios.com\/site\/wp-json\/wp\/v2\/categories?post=518"},{"taxonomy":"post_tag","embeddable":true,"href":"https:\/\/www.oidossucios.com\/site\/wp-json\/wp\/v2\/tags?post=518"}],"curies":[{"name":"wp","href":"https:\/\/api.w.org\/{rel}","templated":true}]}}