{"id":5216,"date":"2012-04-04T19:15:00","date_gmt":"2012-04-04T19:15:00","guid":{"rendered":"https:\/\/www.oidossucios.com\/site\/2012\/04\/04\/los-hijos-de-los-beatles-haran-una-banda-juntos\/"},"modified":"2012-04-04T19:15:00","modified_gmt":"2012-04-04T19:15:00","slug":"los-hijos-de-los-beatles-haran-una-banda-juntos","status":"publish","type":"post","link":"https:\/\/www.oidossucios.com\/site\/los-hijos-de-los-beatles-haran-una-banda-juntos\/","title":{"rendered":"\u00bfLos hijos de los Beatles har\u00e1n una banda juntos?"},"content":{"rendered":"<p>Por <\/p>\n<p>James McCartney&nbsp;(34 a\u00f1os),&nbsp;hijo de&nbsp;Paul McCartney, quiere formar una banda con el resto de los hijos de&nbsp;los Beatles:&nbsp;Sean Lennon,&nbsp;Dhani Harrison y Zak Starkey (hijo de Ringo Starr).<\/p>\n<p>&#8220;No creo que Zak quiera hacerlo. Quiz\u00e1 Jason (Starkey, hermano peque\u00f1o de Zak) s\u00ed estar\u00eda dispuesto.&nbsp;A Sean creo que le apetece, a Dhani tambi\u00e9n, y yo estar\u00eda encantado&#8221;, afirmo&nbsp;el peque\u00f1o McCartney&nbsp;a la&nbsp;<a target=\"_blank\" href=\"http:\/\/www.bbc.co.uk\/news\/entertainment-arts-17547939\" rel=\"noopener noreferrer\">BBC&nbsp;en una reciente entrevista.<\/a>&nbsp;<\/p>\n<p>&#8220;\u00bfCrees que esta reuni\u00f3n es posible?&#8221;,&nbsp;le preguntaron a&nbsp;James.&nbsp;&#8220;S\u00ed, eso espero.&nbsp;Naturalmente. No s\u00e9, tendremos que esperar y ver. Si Dios y la naturaleza quieren&#8221;, respondi\u00f3.<\/p>\n<p>La noticia caus\u00f3 tanto furor &nbsp;en internet y redes sociales que James tuvo que mermar un poco sus afirmaciones&nbsp;a trav\u00e9s de su Facebook: &#8220;Hola a todo el mundo. Parece que mi entrevista con la&nbsp;BBC&nbsp;ha causado demasiado revuelo.&nbsp;Simplemente estaba pensando en voz alta sobre c\u00f3mo ser\u00eda tocar con mis amigos de la familia Beatles, nada m\u00e1s. Mi banda y yo vamos a estar de gira por Inglaterra y Estados Unidos la mayor parte del a\u00f1o, y los conciertos van a ser fant\u00e1sticos. Gracias a todos&#8221;. <\/p>\n<p>Habr\u00e1 que esperar para saber qu\u00e9 suceder\u00e1, por lo pronto, te hacemos un update de lo que est\u00e1n haciendo los hijos Beatles:<\/p>\n<p>&#8211;<b>James McCartney<\/b>&nbsp;ha participado en dos discos de su padre (<i>Flaming Pie<\/i>&nbsp;y&nbsp;<i>Riving Rain<\/i>) y ha lanzado un recopilatorio de sus propias canciones,&nbsp;<i>The Complete Ep Collection 2011<\/i>.<\/p>\n<p>&#8211;<b>Zak Starkey<\/b>&nbsp;es bater\u00eda como su padre, Ringo Starr, y lleva tocando con The Who desde 1996. Starkey tambi\u00e9n ha colaborado con otros m\u00fasicos, como Johnny Marr y tambi\u00e9n con Oasis y Paul Weller.&nbsp;Jason, el hijo menos conocido de Ringo tambi\u00e9n es baterista y toca en bandas m\u00e1s peque\u00f1as.<\/p>\n<p>&#8211;<b>Sean Lennon<\/b>,&nbsp;el \u00fanico hijo del cantante de The Beatles y Yoko Ono, es el m\u00e1s conocido de todos. Comenz\u00f3 con su carrera en solitario en 1998 con el \u00e1lbum,&nbsp;<i>Into The Sun<\/i>. Adem\u00e1s de sus tres discos en solitario, tambi\u00e9n colabora con&nbsp;Albert Hammond Jr., Rufus Wainwright&nbsp;y los proyectos de su madre, entre otros.<\/p>\n<p>&#8211;<b>Dhani Harrison<\/b>, debut\u00f3 como m\u00fasico profesional en 2002. El joven guitarrista ha recibido buenas cr\u00edticas a trav\u00e9s de su banda,thenewno2,&nbsp;y adem\u00e1s sac\u00f3 un disco,&nbsp;Fistful of mercy, con Ben Harper y Joseph Arthur.<\/p>\n","protected":false},"excerpt":{"rendered":"<p>El hijo de Paul, James McCartney, afirm\u00f3 en una entrevista a la BBC que el proyecto de juntar a la nueva generaci\u00f3n de los Betales se podr\u00eda hacer realidad.<\/p>\n","protected":false},"author":4,"featured_media":100005216,"comment_status":"open","ping_status":"open","sticky":false,"template":"","format":"standard","meta":{"_jetpack_memberships_contains_paid_content":false,"footnotes":""},"categories":[685],"tags":[],"class_list":["post-5216","post","type-post","status-publish","format-standard","has-post-thumbnail","hentry","category-ultima"],"jetpack_featured_media_url":"https:\/\/www.oidossucios.com\/site\/wp-content\/uploads\/2012\/04\/5216.jpg","yoast_head":"<!-- This site is optimized with the Yoast SEO plugin v14.0.4 - https:\/\/yoast.com\/wordpress\/plugins\/seo\/ -->\n<title>\u00bfLos hijos de los Beatles har\u00e1n una banda juntos? - OidosSucios.Com<\/title>\n<meta name=\"description\" content=\"El hijo de Paul, James McCartney, afirm\u00f3 en una entrevista a la BBC que el proyecto de juntar a la nueva generaci\u00f3n de los Betales se podr\u00eda hacer realidad.\" \/>\n<meta name=\"robots\" content=\"index, follow\" \/>\n<meta name=\"googlebot\" content=\"index, follow, max-snippet:-1, max-image-preview:large, max-video-preview:-1\" \/>\n<meta name=\"bingbot\" content=\"index, follow, max-snippet:-1, max-image-preview:large, max-video-preview:-1\" \/>\n<link rel=\"canonical\" href=\"https:\/\/www.oidossucios.com\/site\/los-hijos-de-los-beatles-haran-una-banda-juntos\/\" \/>\n<meta property=\"og:locale\" content=\"es_ES\" \/>\n<meta property=\"og:type\" content=\"article\" \/>\n<meta property=\"og:title\" content=\"\u00bfLos hijos de los Beatles har\u00e1n una banda juntos? - OidosSucios.Com\" \/>\n<meta property=\"og:description\" content=\"El hijo de Paul, James McCartney, afirm\u00f3 en una entrevista a la BBC que el proyecto de juntar a la nueva generaci\u00f3n de los Betales se podr\u00eda hacer realidad.\" \/>\n<meta property=\"og:url\" content=\"https:\/\/www.oidossucios.com\/site\/los-hijos-de-los-beatles-haran-una-banda-juntos\/\" \/>\n<meta property=\"og:site_name\" content=\"OidosSucios.Com\" \/>\n<meta property=\"article:published_time\" content=\"2012-04-04T19:15:00+00:00\" \/>\n<meta property=\"og:image\" content=\"https:\/\/www.oidossucios.com\/site\/wp-content\/uploads\/2012\/04\/5216.jpg\" \/>\n\t<meta property=\"og:image:width\" content=\"350\" \/>\n\t<meta property=\"og:image:height\" content=\"300\" \/>\n<meta name=\"twitter:card\" content=\"summary_large_image\" \/>\n<meta name=\"twitter:creator\" content=\"@oidossucios\" \/>\n<script type=\"application\/ld+json\" class=\"yoast-schema-graph\">{\"@context\":\"https:\/\/schema.org\",\"@graph\":[{\"@type\":\"WebSite\",\"@id\":\"https:\/\/www.oidossucios.com\/site\/#website\",\"url\":\"https:\/\/www.oidossucios.com\/site\/\",\"name\":\"OidosSucios.Com\",\"description\":\"M\\u00fasica, conciertos, discos\",\"potentialAction\":[{\"@type\":\"SearchAction\",\"target\":\"https:\/\/www.oidossucios.com\/site\/?s={search_term_string}\",\"query-input\":\"required name=search_term_string\"}],\"inLanguage\":\"es\"},{\"@type\":\"ImageObject\",\"@id\":\"https:\/\/www.oidossucios.com\/site\/los-hijos-de-los-beatles-haran-una-banda-juntos\/#primaryimage\",\"inLanguage\":\"es\",\"url\":\"https:\/\/www.oidossucios.com\/site\/wp-content\/uploads\/2012\/04\/5216.jpg\",\"width\":350,\"height\":300},{\"@type\":\"WebPage\",\"@id\":\"https:\/\/www.oidossucios.com\/site\/los-hijos-de-los-beatles-haran-una-banda-juntos\/#webpage\",\"url\":\"https:\/\/www.oidossucios.com\/site\/los-hijos-de-los-beatles-haran-una-banda-juntos\/\",\"name\":\"\\u00bfLos hijos de los Beatles har\\u00e1n una banda juntos? - OidosSucios.Com\",\"isPartOf\":{\"@id\":\"https:\/\/www.oidossucios.com\/site\/#website\"},\"primaryImageOfPage\":{\"@id\":\"https:\/\/www.oidossucios.com\/site\/los-hijos-de-los-beatles-haran-una-banda-juntos\/#primaryimage\"},\"datePublished\":\"2012-04-04T19:15:00+00:00\",\"dateModified\":\"2012-04-04T19:15:00+00:00\",\"author\":{\"@id\":\"https:\/\/www.oidossucios.com\/site\/#\/schema\/person\/24559eeb76bf83a63296fb072393a688\"},\"description\":\"El hijo de Paul, James McCartney, afirm\\u00f3 en una entrevista a la BBC que el proyecto de juntar a la nueva generaci\\u00f3n de los Betales se podr\\u00eda hacer realidad.\",\"inLanguage\":\"es\",\"potentialAction\":[{\"@type\":\"ReadAction\",\"target\":[\"https:\/\/www.oidossucios.com\/site\/los-hijos-de-los-beatles-haran-una-banda-juntos\/\"]}]},{\"@type\":[\"Person\"],\"@id\":\"https:\/\/www.oidossucios.com\/site\/#\/schema\/person\/24559eeb76bf83a63296fb072393a688\",\"name\":\"Oidossucios\",\"image\":{\"@type\":\"ImageObject\",\"@id\":\"https:\/\/www.oidossucios.com\/site\/#personlogo\",\"inLanguage\":\"es\",\"url\":\"https:\/\/secure.gravatar.com\/avatar\/74fcb480f42f1a33e50a0b6e6369a3f907be2e43dc84fa5f76c66e9c22b4a5ab?s=96&d=mm&r=g\",\"caption\":\"Oidossucios\"},\"sameAs\":[\"https:\/\/twitter.com\/oidossucios\"]}]}<\/script>\n<!-- \/ Yoast SEO plugin. -->","jetpack_sharing_enabled":true,"_links":{"self":[{"href":"https:\/\/www.oidossucios.com\/site\/wp-json\/wp\/v2\/posts\/5216","targetHints":{"allow":["GET"]}}],"collection":[{"href":"https:\/\/www.oidossucios.com\/site\/wp-json\/wp\/v2\/posts"}],"about":[{"href":"https:\/\/www.oidossucios.com\/site\/wp-json\/wp\/v2\/types\/post"}],"author":[{"embeddable":true,"href":"https:\/\/www.oidossucios.com\/site\/wp-json\/wp\/v2\/users\/4"}],"replies":[{"embeddable":true,"href":"https:\/\/www.oidossucios.com\/site\/wp-json\/wp\/v2\/comments?post=5216"}],"version-history":[{"count":0,"href":"https:\/\/www.oidossucios.com\/site\/wp-json\/wp\/v2\/posts\/5216\/revisions"}],"wp:featuredmedia":[{"embeddable":true,"href":"https:\/\/www.oidossucios.com\/site\/wp-json\/wp\/v2\/media\/100005216"}],"wp:attachment":[{"href":"https:\/\/www.oidossucios.com\/site\/wp-json\/wp\/v2\/media?parent=5216"}],"wp:term":[{"taxonomy":"category","embeddable":true,"href":"https:\/\/www.oidossucios.com\/site\/wp-json\/wp\/v2\/categories?post=5216"},{"taxonomy":"post_tag","embeddable":true,"href":"https:\/\/www.oidossucios.com\/site\/wp-json\/wp\/v2\/tags?post=5216"}],"curies":[{"name":"wp","href":"https:\/\/api.w.org\/{rel}","templated":true}]}}