{"id":5241,"date":"2012-04-11T18:22:00","date_gmt":"2012-04-11T18:22:00","guid":{"rendered":"https:\/\/www.oidossucios.com\/site\/2012\/04\/11\/steven-wilson-no-me-considero-un-buen-cantante\/"},"modified":"2020-05-07T09:01:46","modified_gmt":"2020-05-07T13:01:46","slug":"steven-wilson-no-me-considero-un-buen-cantante","status":"publish","type":"post","link":"https:\/\/www.oidossucios.com\/site\/steven-wilson-no-me-considero-un-buen-cantante\/","title":{"rendered":"Steven Wilson: &#8220;No me considero un buen cantante&#8221;"},"content":{"rendered":"<p>Por <\/p>\n<p><b>Por: William Padr\u00f3n\/ <\/b><a href=\"http:\/\/twitter.com\/#!\/williampadron\"><b>@williampadron<\/b><\/p>\n<p><\/a>A Steven Wilson no le interesan las poses. Detr\u00e1s del curr\u00edculum del multi-instrumentista de&nbsp; 44 a\u00f1os de edad hay una personalidad tranquila y conversadora, hasta reflexiva seg\u00fan lo que decida responder. El l\u00edder de Porcupine Tree ha construido un \u00e9xito dentro del mundo en sus m\u00e1s de 25 a\u00f1os de carrera. Sus colaboraciones junto a Blackfield, No-Man, Incredible Expanding Mindfuck, Bass Communion, Opeth, Continuum, Storm Corrosion, entre otros, le han dado una apertura&nbsp; art\u00edstica de la que dos generaciones se han visto influenciadas.<\/p>\n<p>El pr\u00f3ximo domingo 15 de Abril visitar\u00e1 por primera vez Venezuela en el Centro de Convenciones del Hotel Eurobuilding en Caracas, en el marco de su gira <i>Grace For Drowning<\/i>. Y tambi\u00e9n es su primera vez en Sudam\u00e9rica, as\u00ed que promete un concierto lleno de visuales y la garant\u00eda de dejarse llevar por la energ\u00eda del p\u00fablico.<\/p>\n<p>Es el propio Steven quien responde la llamada telef\u00f3nica, sin poses, ni la parafernalia promocional que rodea a un artista internacional. Confiesa estarla esperando desde su estudio mientras escribe parte de lo que ser\u00e1 su tercer disco solista. Revela que esta vez ha trabajado acompa\u00f1ado de sus m\u00fasicos, algo que no hab\u00eda experimentado en sus anteriores entregas.<\/p>\n<p><b>\u00bfEse proceso de escribir m\u00fasica depende del ambiente en que se encuentre?<br \/><\/b>Depende de muchos factores,&nbsp; el estudio, quienes te acompa\u00f1en, pero m\u00e1s que nada del momento. No soy el mismo que compon\u00eda hace 20 a\u00f1os, mi proceso va cambiando. La mayor\u00eda de las ideas vienen de&nbsp; diversidad de estilos y c\u00f3mo los voy procesando. No s\u00e9 si de alguna manera desilusiono a la gente que convive distintos ambientes.<\/p>\n<p><b>Supongo que el haber vivido entre Tel Aviv y Londres le hizo tener esos cambios en el proceso compositivo, son diferentes pa\u00edses y entornos.<br \/><\/b>La verdad s\u00ed tiene sentido, no podr\u00eda explicarlo de esa manera, pero es innegable que sucede. Si supieras que en Tel Aviv me sent\u00eda m\u00e1s seguro componiendo.<\/p>\n<p><b>Ha tenido vinculaci\u00f3n con bandas de Metal como Opeth&nbsp; \u00bfLe gusta el Metal?<br \/><\/b>La verdad no me gusta, no es mi tipo de m\u00fasica. Mikael \u00c5kerfeldt de Opeth, sin embargo, es uno de mis mejores amigos&nbsp;desde hace 10 a\u00f1os.<\/p>\n<p><b>Tambi\u00e9n ha trabajado con Jordan Rudess, tecladista de Dream Theater \u00bfSe identifica con el sonido de la banda?<br \/><\/b>Jordan estuvo en mi disco. No me gusta lo t\u00e9cnico que es Dream Theater, adem\u00e1s de que su sonido es muy americano. Admiro mucho a Jordan y amo su manera de tocar el teclado, sobre todo en mi disco.<\/p>\n<p><b>Con el tiempo la m\u00fasica progresiva se ha vuelto m\u00e1s exigente para las nuevas generaciones \u00bfQu\u00e9 consejo le dar\u00eda a los m\u00fasicos de ahora?<br \/><\/b>Escuchar. La mayor\u00eda de los j\u00f3venes no escuchan diferente tipos de m\u00fasica. Por ejemplo, se concentran en la t\u00e9cnica que olvidan guiarse por el coraz\u00f3n y la magia de la m\u00fasica. Mi consejo siempre ser\u00e1 escuchar toda clase de m\u00fasica, toda la que puedas digerir y no ponerte l\u00edmites&nbsp;o generar un m\u00e9todo. Es lo que ha funcionado para mi\u0085 me gusta aprender de todo.<\/p>\n<p><b>\u00bfEs m\u00e1s dif\u00edcil hacer temas simples y minimalistas que los que est\u00e1n cargados de ideas y arreglos?<br \/><\/b>Para mi lo mas importante es la melod\u00eda, incluso los arreglos vocales, sacar lo fuerte que hay all\u00ed, puede que te sorprenda, pero no busco lo complejo para satisfacerme. Lo que realmente me gusta es la personalidad, lo que llegue al coraz\u00f3n.<\/p>\n<p><b>\u00bfC\u00f3mo pondr\u00eda un ejemplo de bandas con coraz\u00f3n y tecnicismo en lo que a progresivo se refiere?<br \/><\/b>Pink Floyd es m\u00fasica del coraz\u00f3n, en cambio Emerson Lake and Palmer no lo es. Es por eso que Pink Floyd siempre ser\u00e1 una banda atemporal para m\u00ed. No quiere decir que yo lo tenga, insisto, me preocupa m\u00e1s la melod\u00eda a pesar de que est\u00e9 en ese mundo de lo progresivo. El sentimiento y el \u00e1nimo es todo para m\u00ed, es por eso que realmente no entiendo a Dream Theater.<\/p>\n<p><b>Lo que nos lleva a pensar la importancia que tiene para usted las armon\u00edas de cada tema\u0085<br \/><\/b>Me encanta. No me considero un buen cantante, s\u00f3lo trato de aproximarme a un sonido que me enganche y me haga feliz. Lo que m\u00e1s intento es tener una suerte de tono \u00fanico que la gente pueda identificar que soy yo. Al menos me siento orgulloso de lo que he logrado.<\/p>\n<p><b>\u00bfCu\u00e1l es su posici\u00f3n sobre la manera en que se lleva el negocio de la m\u00fasica gracias a la tecnolog\u00eda?<br \/><\/b>Es muy dif\u00edcil de responder eso porque creo que es muy complejo. Si no fuese por las descargas no me conocieran en Sudam\u00e9rica porque mis discos no han sido lanzados en Venezuela por ejemplo. Eso me alegra. La otra parte es la forma en que la consiguen, me refiero a la calidad, no les importa que un mp3 llegue a sus o\u00eddos y suene mal, destruya el arte que uno crea y la magia. No hay nada f\u00edsico, no hay portada, se pierde toda la presentaci\u00f3n detr\u00e1s del \u00e1lbum cuando descargas m\u00fasica. El hecho de que descarguen la canci\u00f3n m\u00e1s exitosa o el sencillo, deja a un lado toda la historia y concepto de un \u00e1lbum de 40 o 50 minutos. Estoy seguro que disfrutan la m\u00fasica, pero no del todo. Es lo m\u00e1s corto que puedo responder. Al final del d\u00eda me siento feliz de que mi m\u00fasica pueda llegar a todos lados.<\/p>\n<p><b>\u00bfYa le advirtieron que el p\u00fablico de Sudam\u00e9rica es bastante en\u00e9rgico y loco?<br \/><\/b>Obvio. Me dijeron sobre M\u00e9xico espec\u00edficamente, son muy apasionados. He estado viendo algunos videos de la reacci\u00f3n de los mexicanos en conciertos.<\/p>\n<p><b>Puede que consiga diferentes clases de audiencia en Venezuela por su versatilidad.<br \/><\/b>Esa parece ser la tendencia.<\/p>\n<p>&nbsp;<\/p>\n","protected":false},"excerpt":{"rendered":"<p>El l\u00edder de Porcupine Tree visitar\u00e1 Venezuela el pr\u00f3ximo 15 de abril y conversa con OidosSucios.com antes de su llegada.<\/p>\n","protected":false},"author":5,"featured_media":100005241,"comment_status":"open","ping_status":"open","sticky":false,"template":"","format":"standard","meta":{"_jetpack_memberships_contains_paid_content":false,"footnotes":""},"categories":[230],"tags":[],"class_list":["post-5241","post","type-post","status-publish","format-standard","has-post-thumbnail","hentry","category-entrevistas"],"jetpack_featured_media_url":"https:\/\/www.oidossucios.com\/site\/wp-content\/uploads\/2012\/04\/5241.jpg","yoast_head":"<!-- This site is optimized with the Yoast SEO plugin v14.0.4 - https:\/\/yoast.com\/wordpress\/plugins\/seo\/ -->\n<title>Steven Wilson: &quot;No me considero un buen cantante&quot; - OidosSucios.Com<\/title>\n<meta name=\"description\" content=\"El l\u00edder de Porcupine Tree visitar\u00e1 Venezuela el pr\u00f3ximo 15 de abril y conversa con OidosSucios.com antes de su llegada.\" \/>\n<meta name=\"robots\" content=\"index, follow\" \/>\n<meta name=\"googlebot\" content=\"index, follow, max-snippet:-1, max-image-preview:large, max-video-preview:-1\" \/>\n<meta name=\"bingbot\" content=\"index, follow, max-snippet:-1, max-image-preview:large, max-video-preview:-1\" \/>\n<link rel=\"canonical\" href=\"https:\/\/www.oidossucios.com\/site\/steven-wilson-no-me-considero-un-buen-cantante\/\" \/>\n<meta property=\"og:locale\" content=\"es_ES\" \/>\n<meta property=\"og:type\" content=\"article\" \/>\n<meta property=\"og:title\" content=\"Steven Wilson: &quot;No me considero un buen cantante&quot; - OidosSucios.Com\" \/>\n<meta property=\"og:description\" content=\"El l\u00edder de Porcupine Tree visitar\u00e1 Venezuela el pr\u00f3ximo 15 de abril y conversa con OidosSucios.com antes de su llegada.\" \/>\n<meta property=\"og:url\" content=\"https:\/\/www.oidossucios.com\/site\/steven-wilson-no-me-considero-un-buen-cantante\/\" \/>\n<meta property=\"og:site_name\" content=\"OidosSucios.Com\" \/>\n<meta property=\"article:published_time\" content=\"2012-04-11T18:22:00+00:00\" \/>\n<meta property=\"article:modified_time\" content=\"2020-05-07T13:01:46+00:00\" \/>\n<meta property=\"og:image\" content=\"https:\/\/www.oidossucios.com\/site\/wp-content\/uploads\/2012\/04\/5241.jpg\" \/>\n\t<meta property=\"og:image:width\" content=\"350\" \/>\n\t<meta property=\"og:image:height\" content=\"300\" \/>\n<meta name=\"twitter:card\" content=\"summary_large_image\" \/>\n<script type=\"application\/ld+json\" class=\"yoast-schema-graph\">{\"@context\":\"https:\/\/schema.org\",\"@graph\":[{\"@type\":\"WebSite\",\"@id\":\"https:\/\/www.oidossucios.com\/site\/#website\",\"url\":\"https:\/\/www.oidossucios.com\/site\/\",\"name\":\"OidosSucios.Com\",\"description\":\"M\\u00fasica, conciertos, discos\",\"potentialAction\":[{\"@type\":\"SearchAction\",\"target\":\"https:\/\/www.oidossucios.com\/site\/?s={search_term_string}\",\"query-input\":\"required name=search_term_string\"}],\"inLanguage\":\"es\"},{\"@type\":\"ImageObject\",\"@id\":\"https:\/\/www.oidossucios.com\/site\/steven-wilson-no-me-considero-un-buen-cantante\/#primaryimage\",\"inLanguage\":\"es\",\"url\":\"https:\/\/www.oidossucios.com\/site\/wp-content\/uploads\/2012\/04\/5241.jpg\",\"width\":350,\"height\":300},{\"@type\":\"WebPage\",\"@id\":\"https:\/\/www.oidossucios.com\/site\/steven-wilson-no-me-considero-un-buen-cantante\/#webpage\",\"url\":\"https:\/\/www.oidossucios.com\/site\/steven-wilson-no-me-considero-un-buen-cantante\/\",\"name\":\"Steven Wilson: \\\"No me considero un buen cantante\\\" - OidosSucios.Com\",\"isPartOf\":{\"@id\":\"https:\/\/www.oidossucios.com\/site\/#website\"},\"primaryImageOfPage\":{\"@id\":\"https:\/\/www.oidossucios.com\/site\/steven-wilson-no-me-considero-un-buen-cantante\/#primaryimage\"},\"datePublished\":\"2012-04-11T18:22:00+00:00\",\"dateModified\":\"2020-05-07T13:01:46+00:00\",\"author\":{\"@id\":\"https:\/\/www.oidossucios.com\/site\/#\/schema\/person\/86003dbc27b5bafcdc8f74fb19ba003d\"},\"description\":\"El l\\u00edder de Porcupine Tree visitar\\u00e1 Venezuela el pr\\u00f3ximo 15 de abril y conversa con OidosSucios.com antes de su llegada.\",\"inLanguage\":\"es\",\"potentialAction\":[{\"@type\":\"ReadAction\",\"target\":[\"https:\/\/www.oidossucios.com\/site\/steven-wilson-no-me-considero-un-buen-cantante\/\"]}]},{\"@type\":[\"Person\"],\"@id\":\"https:\/\/www.oidossucios.com\/site\/#\/schema\/person\/86003dbc27b5bafcdc8f74fb19ba003d\",\"name\":\"William Padr\\u00f3n\",\"image\":{\"@type\":\"ImageObject\",\"@id\":\"https:\/\/www.oidossucios.com\/site\/#personlogo\",\"inLanguage\":\"es\",\"url\":\"https:\/\/secure.gravatar.com\/avatar\/003975d8c3db4635ecc3a4ea5c2b8b6ad4aaecb6725be29a5dec3a5a2fd215eb?s=96&d=mm&r=g\",\"caption\":\"William Padr\\u00f3n\"}}]}<\/script>\n<!-- \/ Yoast SEO plugin. -->","jetpack_sharing_enabled":true,"_links":{"self":[{"href":"https:\/\/www.oidossucios.com\/site\/wp-json\/wp\/v2\/posts\/5241","targetHints":{"allow":["GET"]}}],"collection":[{"href":"https:\/\/www.oidossucios.com\/site\/wp-json\/wp\/v2\/posts"}],"about":[{"href":"https:\/\/www.oidossucios.com\/site\/wp-json\/wp\/v2\/types\/post"}],"author":[{"embeddable":true,"href":"https:\/\/www.oidossucios.com\/site\/wp-json\/wp\/v2\/users\/5"}],"replies":[{"embeddable":true,"href":"https:\/\/www.oidossucios.com\/site\/wp-json\/wp\/v2\/comments?post=5241"}],"version-history":[{"count":1,"href":"https:\/\/www.oidossucios.com\/site\/wp-json\/wp\/v2\/posts\/5241\/revisions"}],"predecessor-version":[{"id":111116740,"href":"https:\/\/www.oidossucios.com\/site\/wp-json\/wp\/v2\/posts\/5241\/revisions\/111116740"}],"wp:featuredmedia":[{"embeddable":true,"href":"https:\/\/www.oidossucios.com\/site\/wp-json\/wp\/v2\/media\/100005241"}],"wp:attachment":[{"href":"https:\/\/www.oidossucios.com\/site\/wp-json\/wp\/v2\/media?parent=5241"}],"wp:term":[{"taxonomy":"category","embeddable":true,"href":"https:\/\/www.oidossucios.com\/site\/wp-json\/wp\/v2\/categories?post=5241"},{"taxonomy":"post_tag","embeddable":true,"href":"https:\/\/www.oidossucios.com\/site\/wp-json\/wp\/v2\/tags?post=5241"}],"curies":[{"name":"wp","href":"https:\/\/api.w.org\/{rel}","templated":true}]}}