{"id":531,"date":"2002-02-07T17:53:00","date_gmt":"2002-02-07T17:53:00","guid":{"rendered":"https:\/\/www.oidossucios.com\/site\/2002\/02\/07\/llegan-los-calzones-a-caracas\/"},"modified":"2002-02-07T17:53:00","modified_gmt":"2002-02-07T17:53:00","slug":"llegan-los-calzones-a-caracas","status":"publish","type":"post","link":"https:\/\/www.oidossucios.com\/site\/llegan-los-calzones-a-caracas\/","title":{"rendered":"Llegan Los Calzones a Caracas"},"content":{"rendered":"<p>Los Calzones Rotos, unos de los pioneros del ska en Latinoam\u00e9rica y quiz\u00e1s la banda que realiza m\u00e1s presentaciones al a\u00f1o en Argentina, se encuentran en estos momentos en la fase inicial de una gira que los llevar\u00e1 a presentar su m\u00e1s reciente trabajo discogr\u00e1fico &#8220;Pl\u00e1stico&#8221;, en var\u00edas ciudades de Centro y Norteam\u00e9rica.<\/p>\n<p>Al mediod\u00eda de hoy, arribar\u00e1 a Venezuela Marcelo Del Grosso &#8220;Ping\u00fcino&#8221;, vocalista de la banda, en una visita mete\u00f3rica de 24 horas en las que negociar\u00e1 con Warner Music, su sello disquero, la salida de &#8220;Pl\u00e1stico&#8221; en nuestro pa\u00eds. Adem\u00e1s, estar\u00e1 dando entrevistas a diversos medios de comunicaci\u00f3n.<\/p>\n<p>La gira completa de Los Calzones Rotos queda como sigue:<\/p>\n<p>04\/02\/2002 Lima &#8211; Per\u00fa<br \/>05\/02\/2002 Bogot\u00e1 &#8211; Colombia <br \/>06\/02\/2002 Bogot\u00e1 &#8211; Colombia <br \/>07\/02\/2002 Caracas &#8211; Venezuela<br \/>08\/02\/2002 San Jos\u00e9 de Costa Rica &#8211; Costa Rica <br \/>09\/02\/2002 M\u00e9xico DF &#8211; M\u00e9xico<br \/>10\/02\/2002 M\u00e9xico DF &#8211; M\u00e9xico<br \/>11\/02\/2002 M\u00e9xico DF &#8211; M\u00e9xico<br \/>12\/02\/2002 M\u00e9xico DF &#8211; M\u00e9xico<br \/>13\/02\/2002 Miami &#8211; USA<br \/>14\/02\/2002 Miami &#8211; USA<br \/>15\/02\/2002 San Juan &#8211; Puerto Rico<br \/>16\/02\/2002 San Juan &#8211; Puerto Rico<br \/>17\/02\/2002 San Juan &#8211; Puerto Rico<br \/>18\/02\/2002 San Juan &#8211; Puerto Rico<br \/>19\/02\/2002 Los Angeles &#8211; USA<br \/>20\/02\/2002 Los Angeles &#8211; USA<br \/>21\/02\/2002 Los Angeles &#8211; USA<br \/>22\/02\/2002 Los Angeles &#8211; USA<br \/>23\/02\/2002 Los Angeles &#8211; USA<br \/>24\/02\/2002 Quito &#8211; Ecuador<\/p>\n","protected":false},"excerpt":{"rendered":"<p>Hoy arriba al pa\u00eds Marcelo Del Grosso, vocalista de la banda argentina Los Calzones Rotos, quien har\u00e1 una escala en la gira que los llevar\u00e1 a Centro y Norteam\u00e9rica para negociar la salida de su ultimo disco en Venezuela.<\/p>\n","protected":false},"author":4,"featured_media":0,"comment_status":"open","ping_status":"open","sticky":false,"template":"","format":"standard","meta":{"_jetpack_memberships_contains_paid_content":false,"footnotes":""},"categories":[250],"tags":[],"class_list":["post-531","post","type-post","status-publish","format-standard","hentry","category-noticias"],"jetpack_featured_media_url":"","yoast_head":"<!-- This site is optimized with the Yoast SEO plugin v14.0.4 - https:\/\/yoast.com\/wordpress\/plugins\/seo\/ -->\n<title>Llegan Los Calzones a Caracas - OidosSucios.Com<\/title>\n<meta name=\"description\" content=\"La agrupaci\u00f3n chilena, inmersa en el momento m\u00e1s exitoso de su carrera, estar\u00e1 present\u00e1ndose en Venezuela en la segunda edici\u00f3n del Caracas Pop Festival.\" \/>\n<meta name=\"robots\" content=\"index, follow\" \/>\n<meta name=\"googlebot\" content=\"index, follow, max-snippet:-1, max-image-preview:large, max-video-preview:-1\" \/>\n<meta name=\"bingbot\" content=\"index, follow, max-snippet:-1, max-image-preview:large, max-video-preview:-1\" \/>\n<link rel=\"canonical\" href=\"https:\/\/www.oidossucios.com\/site\/llegan-los-calzones-a-caracas\/\" \/>\n<meta property=\"og:locale\" content=\"es_ES\" \/>\n<meta property=\"og:type\" content=\"article\" \/>\n<meta property=\"og:title\" content=\"Llegan Los Calzones a Caracas - OidosSucios.Com\" \/>\n<meta property=\"og:description\" content=\"La agrupaci\u00f3n chilena, inmersa en el momento m\u00e1s exitoso de su carrera, estar\u00e1 present\u00e1ndose en Venezuela en la segunda edici\u00f3n del Caracas Pop Festival.\" \/>\n<meta property=\"og:url\" content=\"https:\/\/www.oidossucios.com\/site\/llegan-los-calzones-a-caracas\/\" \/>\n<meta property=\"og:site_name\" content=\"OidosSucios.Com\" \/>\n<meta property=\"article:published_time\" content=\"2002-02-07T17:53:00+00:00\" \/>\n<meta name=\"twitter:card\" content=\"summary_large_image\" \/>\n<meta name=\"twitter:creator\" content=\"@oidossucios\" \/>\n<script type=\"application\/ld+json\" class=\"yoast-schema-graph\">{\"@context\":\"https:\/\/schema.org\",\"@graph\":[{\"@type\":\"WebSite\",\"@id\":\"https:\/\/www.oidossucios.com\/site\/#website\",\"url\":\"https:\/\/www.oidossucios.com\/site\/\",\"name\":\"OidosSucios.Com\",\"description\":\"M\\u00fasica, conciertos, discos\",\"potentialAction\":[{\"@type\":\"SearchAction\",\"target\":\"https:\/\/www.oidossucios.com\/site\/?s={search_term_string}\",\"query-input\":\"required name=search_term_string\"}],\"inLanguage\":\"es\"},{\"@type\":\"WebPage\",\"@id\":\"https:\/\/www.oidossucios.com\/site\/llegan-los-calzones-a-caracas\/#webpage\",\"url\":\"https:\/\/www.oidossucios.com\/site\/llegan-los-calzones-a-caracas\/\",\"name\":\"Llegan Los Calzones a Caracas - OidosSucios.Com\",\"isPartOf\":{\"@id\":\"https:\/\/www.oidossucios.com\/site\/#website\"},\"datePublished\":\"2002-02-07T17:53:00+00:00\",\"dateModified\":\"2002-02-07T17:53:00+00:00\",\"author\":{\"@id\":\"https:\/\/www.oidossucios.com\/site\/#\/schema\/person\/24559eeb76bf83a63296fb072393a688\"},\"description\":\"La agrupaci\\u00f3n chilena, inmersa en el momento m\\u00e1s exitoso de su carrera, estar\\u00e1 present\\u00e1ndose en Venezuela en la segunda edici\\u00f3n del Caracas Pop Festival.\",\"inLanguage\":\"es\",\"potentialAction\":[{\"@type\":\"ReadAction\",\"target\":[\"https:\/\/www.oidossucios.com\/site\/llegan-los-calzones-a-caracas\/\"]}]},{\"@type\":[\"Person\"],\"@id\":\"https:\/\/www.oidossucios.com\/site\/#\/schema\/person\/24559eeb76bf83a63296fb072393a688\",\"name\":\"Oidossucios\",\"image\":{\"@type\":\"ImageObject\",\"@id\":\"https:\/\/www.oidossucios.com\/site\/#personlogo\",\"inLanguage\":\"es\",\"url\":\"https:\/\/secure.gravatar.com\/avatar\/74fcb480f42f1a33e50a0b6e6369a3f907be2e43dc84fa5f76c66e9c22b4a5ab?s=96&d=mm&r=g\",\"caption\":\"Oidossucios\"},\"sameAs\":[\"https:\/\/twitter.com\/oidossucios\"]}]}<\/script>\n<!-- \/ Yoast SEO plugin. -->","jetpack_sharing_enabled":true,"_links":{"self":[{"href":"https:\/\/www.oidossucios.com\/site\/wp-json\/wp\/v2\/posts\/531","targetHints":{"allow":["GET"]}}],"collection":[{"href":"https:\/\/www.oidossucios.com\/site\/wp-json\/wp\/v2\/posts"}],"about":[{"href":"https:\/\/www.oidossucios.com\/site\/wp-json\/wp\/v2\/types\/post"}],"author":[{"embeddable":true,"href":"https:\/\/www.oidossucios.com\/site\/wp-json\/wp\/v2\/users\/4"}],"replies":[{"embeddable":true,"href":"https:\/\/www.oidossucios.com\/site\/wp-json\/wp\/v2\/comments?post=531"}],"version-history":[{"count":0,"href":"https:\/\/www.oidossucios.com\/site\/wp-json\/wp\/v2\/posts\/531\/revisions"}],"wp:attachment":[{"href":"https:\/\/www.oidossucios.com\/site\/wp-json\/wp\/v2\/media?parent=531"}],"wp:term":[{"taxonomy":"category","embeddable":true,"href":"https:\/\/www.oidossucios.com\/site\/wp-json\/wp\/v2\/categories?post=531"},{"taxonomy":"post_tag","embeddable":true,"href":"https:\/\/www.oidossucios.com\/site\/wp-json\/wp\/v2\/tags?post=531"}],"curies":[{"name":"wp","href":"https:\/\/api.w.org\/{rel}","templated":true}]}}