{"id":5314,"date":"2012-04-26T15:28:00","date_gmt":"2012-04-26T15:28:00","guid":{"rendered":"https:\/\/www.oidossucios.com\/site\/2012\/04\/26\/lebronch-anuncia-la-fecha-de-su-de-chow\/"},"modified":"2012-04-26T15:28:00","modified_gmt":"2012-04-26T15:28:00","slug":"lebronch-anuncia-la-fecha-de-su-de-chow","status":"publish","type":"post","link":"https:\/\/www.oidossucios.com\/site\/lebronch-anuncia-la-fecha-de-su-de-chow\/","title":{"rendered":"Lebronch anuncia la fecha de su &quot;De Chow&quot;"},"content":{"rendered":"\n<p>Lebronch anunci\u00f3 recientemente que su nuevo disco <i>De Chow, <\/i>el pr\u00f3ximo jueves 3 de mayo estar\u00e1 disponible \u00fanicamente en su p\u00e1gina web <a href=\"http:\/\/lebronch.com\/\">http:\/\/lebronch.com<\/a>para descarga gratuita.<\/p>\n<p>Con este segundo trabajo discogr\u00e1fico Lebronch retoma el camino que abrieron con <i>Todos Los Topinos De Lebronch<\/i>, su primer \u00e1lbum.<\/p>\n<p>El tracklist de <i>De Chow<\/i> es:<\/p>\n<p>El Juez<\/p>\n<p>Mar\u00edos<\/p>\n<p>La Bienvenida<\/p>\n<p>Ovejas Cojas<\/p>\n<p>Cara De Cera<\/p>\n<p>Hijos Del Mundo<\/p>\n<p>Ni Culpa Ni Raz\u00f3n<\/p>\n<p>Ir Y Venir<\/p>\n<p>Se Llama<\/p>\n<p>De Chow<\/p>\n<p>La Chimboteca<\/p>\n<p><i>De Chow<\/i> fue producido por Sim\u00f3n Pe\u00f1uela, mezclado por Hector Castillo y masterizado por Dave McNair.<\/p>\n<p>Para el mes de mayo comienzan los viajes de promoci\u00f3n de este nuevo trabajo de la banda por toda Venezuela. Las ciudades que estar\u00e1n visitando en mayo son:<\/p>\n<p>11 de mayo \u00e0 Caracas (Molino Rojo)<\/p>\n<p>12 de mayo \u00e0 Puerto La Cruz (Tibur\u00f3n Bar)<\/p>\n<p>18 de mayo \u00e0 Puerto Ordaz (Strike Sport Bar)<\/p>\n<p>19 de mayo \u00e0 Puerto Ordaz (Strike Sport Bar)<\/p>\n<p>25 de mayo \u00e0 Barquisimeto (El Bunker)<\/p>\n<p>26 de mayo \u00e0 Coro (Boulevard Bar)<\/p>\n<p>En el transcurso del mes de mayo se ir\u00e1n anunciando las dem\u00e1s ciudades. Maracay, Valencia, Margarita, M\u00e9rida, San Crist\u00f3bal, El Tigre, Maracaibo, entre otras.<\/p>\n","protected":false},"excerpt":{"rendered":"<p>Lebronch anunci\u00f3 recientemente que su nuevo disco &quot;De Chow&quot;, el pr\u00f3ximo jueves 3 de mayo estar\u00e1 disponible \u00fanicamente en su p\u00e1gina web para descarga gratuita.<\/p>\n","protected":false},"author":4,"featured_media":100005314,"comment_status":"open","ping_status":"open","sticky":false,"template":"","format":"standard","meta":{"_jetpack_memberships_contains_paid_content":false,"footnotes":""},"categories":[250],"tags":[],"class_list":["post-5314","post","type-post","status-publish","format-standard","has-post-thumbnail","hentry","category-noticias"],"jetpack_featured_media_url":"https:\/\/www.oidossucios.com\/site\/wp-content\/uploads\/2012\/04\/5314.jpg","yoast_head":"<!-- This site is optimized with the Yoast SEO plugin v14.0.4 - https:\/\/yoast.com\/wordpress\/plugins\/seo\/ -->\n<title>Lebronch anuncia la fecha de su &quot;De Chow&quot; - OidosSucios.Com<\/title>\n<meta name=\"description\" content=\"Lebronch anunci\u00f3 recientemente que su nuevo disco &quot;De Chow&quot;, el pr\u00f3ximo jueves 3 de mayo estar\u00e1 disponible \u00fanicamente en su p\u00e1gina web para descarga gratuita.\" \/>\n<meta name=\"robots\" content=\"index, follow\" \/>\n<meta name=\"googlebot\" content=\"index, follow, max-snippet:-1, max-image-preview:large, max-video-preview:-1\" \/>\n<meta name=\"bingbot\" content=\"index, follow, max-snippet:-1, max-image-preview:large, max-video-preview:-1\" \/>\n<link rel=\"canonical\" href=\"https:\/\/www.oidossucios.com\/site\/lebronch-anuncia-la-fecha-de-su-de-chow\/\" \/>\n<meta property=\"og:locale\" content=\"es_ES\" \/>\n<meta property=\"og:type\" content=\"article\" \/>\n<meta property=\"og:title\" content=\"Lebronch anuncia la fecha de su &quot;De Chow&quot; - OidosSucios.Com\" \/>\n<meta property=\"og:description\" content=\"Lebronch anunci\u00f3 recientemente que su nuevo disco &quot;De Chow&quot;, el pr\u00f3ximo jueves 3 de mayo estar\u00e1 disponible \u00fanicamente en su p\u00e1gina web para descarga gratuita.\" \/>\n<meta property=\"og:url\" content=\"https:\/\/www.oidossucios.com\/site\/lebronch-anuncia-la-fecha-de-su-de-chow\/\" \/>\n<meta property=\"og:site_name\" content=\"OidosSucios.Com\" \/>\n<meta property=\"article:published_time\" content=\"2012-04-26T15:28:00+00:00\" \/>\n<meta property=\"og:image\" content=\"https:\/\/www.oidossucios.com\/site\/wp-content\/uploads\/2012\/04\/5314.jpg\" \/>\n\t<meta property=\"og:image:width\" content=\"350\" \/>\n\t<meta property=\"og:image:height\" content=\"300\" \/>\n<meta name=\"twitter:card\" content=\"summary_large_image\" \/>\n<meta name=\"twitter:creator\" content=\"@oidossucios\" \/>\n<script type=\"application\/ld+json\" class=\"yoast-schema-graph\">{\"@context\":\"https:\/\/schema.org\",\"@graph\":[{\"@type\":\"WebSite\",\"@id\":\"https:\/\/www.oidossucios.com\/site\/#website\",\"url\":\"https:\/\/www.oidossucios.com\/site\/\",\"name\":\"OidosSucios.Com\",\"description\":\"M\\u00fasica, conciertos, discos\",\"potentialAction\":[{\"@type\":\"SearchAction\",\"target\":\"https:\/\/www.oidossucios.com\/site\/?s={search_term_string}\",\"query-input\":\"required name=search_term_string\"}],\"inLanguage\":\"es\"},{\"@type\":\"ImageObject\",\"@id\":\"https:\/\/www.oidossucios.com\/site\/lebronch-anuncia-la-fecha-de-su-de-chow\/#primaryimage\",\"inLanguage\":\"es\",\"url\":\"https:\/\/www.oidossucios.com\/site\/wp-content\/uploads\/2012\/04\/5314.jpg\",\"width\":350,\"height\":300},{\"@type\":\"WebPage\",\"@id\":\"https:\/\/www.oidossucios.com\/site\/lebronch-anuncia-la-fecha-de-su-de-chow\/#webpage\",\"url\":\"https:\/\/www.oidossucios.com\/site\/lebronch-anuncia-la-fecha-de-su-de-chow\/\",\"name\":\"Lebronch anuncia la fecha de su &quot;De Chow&quot; - OidosSucios.Com\",\"isPartOf\":{\"@id\":\"https:\/\/www.oidossucios.com\/site\/#website\"},\"primaryImageOfPage\":{\"@id\":\"https:\/\/www.oidossucios.com\/site\/lebronch-anuncia-la-fecha-de-su-de-chow\/#primaryimage\"},\"datePublished\":\"2012-04-26T15:28:00+00:00\",\"dateModified\":\"2012-04-26T15:28:00+00:00\",\"author\":{\"@id\":\"https:\/\/www.oidossucios.com\/site\/#\/schema\/person\/24559eeb76bf83a63296fb072393a688\"},\"description\":\"Lebronch anunci\\u00f3 recientemente que su nuevo disco &quot;De Chow&quot;, el pr\\u00f3ximo jueves 3 de mayo estar\\u00e1 disponible \\u00fanicamente en su p\\u00e1gina web para descarga gratuita.\",\"inLanguage\":\"es\",\"potentialAction\":[{\"@type\":\"ReadAction\",\"target\":[\"https:\/\/www.oidossucios.com\/site\/lebronch-anuncia-la-fecha-de-su-de-chow\/\"]}]},{\"@type\":[\"Person\"],\"@id\":\"https:\/\/www.oidossucios.com\/site\/#\/schema\/person\/24559eeb76bf83a63296fb072393a688\",\"name\":\"Oidossucios\",\"image\":{\"@type\":\"ImageObject\",\"@id\":\"https:\/\/www.oidossucios.com\/site\/#personlogo\",\"inLanguage\":\"es\",\"url\":\"https:\/\/secure.gravatar.com\/avatar\/74fcb480f42f1a33e50a0b6e6369a3f907be2e43dc84fa5f76c66e9c22b4a5ab?s=96&d=mm&r=g\",\"caption\":\"Oidossucios\"},\"sameAs\":[\"https:\/\/twitter.com\/oidossucios\"]}]}<\/script>\n<!-- \/ Yoast SEO plugin. -->","jetpack_sharing_enabled":true,"_links":{"self":[{"href":"https:\/\/www.oidossucios.com\/site\/wp-json\/wp\/v2\/posts\/5314","targetHints":{"allow":["GET"]}}],"collection":[{"href":"https:\/\/www.oidossucios.com\/site\/wp-json\/wp\/v2\/posts"}],"about":[{"href":"https:\/\/www.oidossucios.com\/site\/wp-json\/wp\/v2\/types\/post"}],"author":[{"embeddable":true,"href":"https:\/\/www.oidossucios.com\/site\/wp-json\/wp\/v2\/users\/4"}],"replies":[{"embeddable":true,"href":"https:\/\/www.oidossucios.com\/site\/wp-json\/wp\/v2\/comments?post=5314"}],"version-history":[{"count":0,"href":"https:\/\/www.oidossucios.com\/site\/wp-json\/wp\/v2\/posts\/5314\/revisions"}],"wp:featuredmedia":[{"embeddable":true,"href":"https:\/\/www.oidossucios.com\/site\/wp-json\/wp\/v2\/media\/100005314"}],"wp:attachment":[{"href":"https:\/\/www.oidossucios.com\/site\/wp-json\/wp\/v2\/media?parent=5314"}],"wp:term":[{"taxonomy":"category","embeddable":true,"href":"https:\/\/www.oidossucios.com\/site\/wp-json\/wp\/v2\/categories?post=5314"},{"taxonomy":"post_tag","embeddable":true,"href":"https:\/\/www.oidossucios.com\/site\/wp-json\/wp\/v2\/tags?post=5314"}],"curies":[{"name":"wp","href":"https:\/\/api.w.org\/{rel}","templated":true}]}}