{"id":5365,"date":"2012-05-08T05:23:00","date_gmt":"2012-05-08T05:23:00","guid":{"rendered":"https:\/\/www.oidossucios.com\/site\/2012\/05\/08\/la-clem-de-la-clem-estrena-su-primer-album-via-web\/"},"modified":"2012-05-08T05:23:00","modified_gmt":"2012-05-08T05:23:00","slug":"la-clem-de-la-clem-estrena-su-primer-album-via-web","status":"publish","type":"post","link":"https:\/\/www.oidossucios.com\/site\/la-clem-de-la-clem-estrena-su-primer-album-via-web\/","title":{"rendered":"La Clem de la Clem estrena su primer \u00e1lbum v\u00eda web"},"content":{"rendered":"\n<p>Hace un par de d\u00edas, La Clem de la Clem estren\u00f3 a trav\u00e9s de <a href=\"http:\/\/www.laclemdelaclem.com\/\">su p\u00e1gina web<\/a> su \u00e1lbum debut titulado&nbsp;<i>Esto no es una banda<\/i>. Una producci\u00f3n que combina Electr\u00f3nica, Funk, guitarras distorsionadas, Rock, sintetizadores, beats y gritos.<\/p>\n<p><i>Esto no es una banda&nbsp;<\/i>fue grabado desde Enero de 2011 en Remoto Estudios bajo la producci\u00f3n de Ricardo Mart\u00ednez y el Mastering de Big Bass Brian.<\/p>\n<p>La Clem de la Clem es el proyecto solista de Clementina Francisco, no es una banda, y su primera presentaci\u00f3n ocurri\u00f3 en el festival Por el medio de la Calle de 2010. Tras eso, la cantante se present\u00f3 en diversos festivales y locales en el pa\u00eds, hasta sacar este disco el pasado 3 de Mayo.<\/p>\n<p>El disco est\u00e1 disponible para su descarga gratuita en <a href=\"http:\/\/www.laclemdelaclem.com\/\">www.laclemdelaclem.com<\/a>.<\/p>\n<p>M\u00e1s info:<\/p>\n<p>Twitter: @LaClemdeLaClem<\/p>\n<p>Facebook: La Clem de la Clem<\/p>\n<p><a href=\"http:\/\/www.laclemdelaclem.com\/\">www.laclemdelaclem.com<\/a><\/p>\n","protected":false},"excerpt":{"rendered":"<p>Hace un par de d\u00edas, La Clem de la Clem estren\u00f3 a trav\u00e9s de su p\u00e1gina web su \u00e1lbum debut titulado &quot;Esto no es una banda&quot;. <\/p>\n","protected":false},"author":4,"featured_media":100005365,"comment_status":"open","ping_status":"open","sticky":false,"template":"","format":"standard","meta":{"_jetpack_memberships_contains_paid_content":false,"footnotes":""},"categories":[250],"tags":[],"class_list":["post-5365","post","type-post","status-publish","format-standard","has-post-thumbnail","hentry","category-noticias"],"jetpack_featured_media_url":"https:\/\/www.oidossucios.com\/site\/wp-content\/uploads\/2012\/05\/5365.jpg","yoast_head":"<!-- This site is optimized with the Yoast SEO plugin v14.0.4 - https:\/\/yoast.com\/wordpress\/plugins\/seo\/ -->\n<title>La Clem de la Clem estrena su primer \u00e1lbum v\u00eda web - OidosSucios.Com<\/title>\n<meta name=\"description\" content=\"Hace un par de d\u00edas, La Clem de la Clem estren\u00f3 a trav\u00e9s de su p\u00e1gina web su \u00e1lbum debut titulado &quot;Esto no es una banda&quot;.\" \/>\n<meta name=\"robots\" content=\"index, follow\" \/>\n<meta name=\"googlebot\" content=\"index, follow, max-snippet:-1, max-image-preview:large, max-video-preview:-1\" \/>\n<meta name=\"bingbot\" content=\"index, follow, max-snippet:-1, max-image-preview:large, max-video-preview:-1\" \/>\n<link rel=\"canonical\" href=\"https:\/\/www.oidossucios.com\/site\/la-clem-de-la-clem-estrena-su-primer-album-via-web\/\" \/>\n<meta property=\"og:locale\" content=\"es_ES\" \/>\n<meta property=\"og:type\" content=\"article\" \/>\n<meta property=\"og:title\" content=\"La Clem de la Clem estrena su primer \u00e1lbum v\u00eda web - OidosSucios.Com\" \/>\n<meta property=\"og:description\" content=\"Hace un par de d\u00edas, La Clem de la Clem estren\u00f3 a trav\u00e9s de su p\u00e1gina web su \u00e1lbum debut titulado &quot;Esto no es una banda&quot;.\" \/>\n<meta property=\"og:url\" content=\"https:\/\/www.oidossucios.com\/site\/la-clem-de-la-clem-estrena-su-primer-album-via-web\/\" \/>\n<meta property=\"og:site_name\" content=\"OidosSucios.Com\" \/>\n<meta property=\"article:published_time\" content=\"2012-05-08T05:23:00+00:00\" \/>\n<meta property=\"og:image\" content=\"https:\/\/www.oidossucios.com\/site\/wp-content\/uploads\/2012\/05\/5365.jpg\" \/>\n\t<meta property=\"og:image:width\" content=\"350\" \/>\n\t<meta property=\"og:image:height\" content=\"300\" \/>\n<meta name=\"twitter:card\" content=\"summary_large_image\" \/>\n<meta name=\"twitter:creator\" content=\"@oidossucios\" \/>\n<script type=\"application\/ld+json\" class=\"yoast-schema-graph\">{\"@context\":\"https:\/\/schema.org\",\"@graph\":[{\"@type\":\"WebSite\",\"@id\":\"https:\/\/www.oidossucios.com\/site\/#website\",\"url\":\"https:\/\/www.oidossucios.com\/site\/\",\"name\":\"OidosSucios.Com\",\"description\":\"M\\u00fasica, conciertos, discos\",\"potentialAction\":[{\"@type\":\"SearchAction\",\"target\":\"https:\/\/www.oidossucios.com\/site\/?s={search_term_string}\",\"query-input\":\"required name=search_term_string\"}],\"inLanguage\":\"es\"},{\"@type\":\"ImageObject\",\"@id\":\"https:\/\/www.oidossucios.com\/site\/la-clem-de-la-clem-estrena-su-primer-album-via-web\/#primaryimage\",\"inLanguage\":\"es\",\"url\":\"https:\/\/www.oidossucios.com\/site\/wp-content\/uploads\/2012\/05\/5365.jpg\",\"width\":350,\"height\":300},{\"@type\":\"WebPage\",\"@id\":\"https:\/\/www.oidossucios.com\/site\/la-clem-de-la-clem-estrena-su-primer-album-via-web\/#webpage\",\"url\":\"https:\/\/www.oidossucios.com\/site\/la-clem-de-la-clem-estrena-su-primer-album-via-web\/\",\"name\":\"La Clem de la Clem estrena su primer \\u00e1lbum v\\u00eda web - OidosSucios.Com\",\"isPartOf\":{\"@id\":\"https:\/\/www.oidossucios.com\/site\/#website\"},\"primaryImageOfPage\":{\"@id\":\"https:\/\/www.oidossucios.com\/site\/la-clem-de-la-clem-estrena-su-primer-album-via-web\/#primaryimage\"},\"datePublished\":\"2012-05-08T05:23:00+00:00\",\"dateModified\":\"2012-05-08T05:23:00+00:00\",\"author\":{\"@id\":\"https:\/\/www.oidossucios.com\/site\/#\/schema\/person\/24559eeb76bf83a63296fb072393a688\"},\"description\":\"Hace un par de d\\u00edas, La Clem de la Clem estren\\u00f3 a trav\\u00e9s de su p\\u00e1gina web su \\u00e1lbum debut titulado &quot;Esto no es una banda&quot;.\",\"inLanguage\":\"es\",\"potentialAction\":[{\"@type\":\"ReadAction\",\"target\":[\"https:\/\/www.oidossucios.com\/site\/la-clem-de-la-clem-estrena-su-primer-album-via-web\/\"]}]},{\"@type\":[\"Person\"],\"@id\":\"https:\/\/www.oidossucios.com\/site\/#\/schema\/person\/24559eeb76bf83a63296fb072393a688\",\"name\":\"Oidossucios\",\"image\":{\"@type\":\"ImageObject\",\"@id\":\"https:\/\/www.oidossucios.com\/site\/#personlogo\",\"inLanguage\":\"es\",\"url\":\"https:\/\/secure.gravatar.com\/avatar\/74fcb480f42f1a33e50a0b6e6369a3f907be2e43dc84fa5f76c66e9c22b4a5ab?s=96&d=mm&r=g\",\"caption\":\"Oidossucios\"},\"sameAs\":[\"https:\/\/twitter.com\/oidossucios\"]}]}<\/script>\n<!-- \/ Yoast SEO plugin. -->","jetpack_sharing_enabled":true,"_links":{"self":[{"href":"https:\/\/www.oidossucios.com\/site\/wp-json\/wp\/v2\/posts\/5365","targetHints":{"allow":["GET"]}}],"collection":[{"href":"https:\/\/www.oidossucios.com\/site\/wp-json\/wp\/v2\/posts"}],"about":[{"href":"https:\/\/www.oidossucios.com\/site\/wp-json\/wp\/v2\/types\/post"}],"author":[{"embeddable":true,"href":"https:\/\/www.oidossucios.com\/site\/wp-json\/wp\/v2\/users\/4"}],"replies":[{"embeddable":true,"href":"https:\/\/www.oidossucios.com\/site\/wp-json\/wp\/v2\/comments?post=5365"}],"version-history":[{"count":0,"href":"https:\/\/www.oidossucios.com\/site\/wp-json\/wp\/v2\/posts\/5365\/revisions"}],"wp:featuredmedia":[{"embeddable":true,"href":"https:\/\/www.oidossucios.com\/site\/wp-json\/wp\/v2\/media\/100005365"}],"wp:attachment":[{"href":"https:\/\/www.oidossucios.com\/site\/wp-json\/wp\/v2\/media?parent=5365"}],"wp:term":[{"taxonomy":"category","embeddable":true,"href":"https:\/\/www.oidossucios.com\/site\/wp-json\/wp\/v2\/categories?post=5365"},{"taxonomy":"post_tag","embeddable":true,"href":"https:\/\/www.oidossucios.com\/site\/wp-json\/wp\/v2\/tags?post=5365"}],"curies":[{"name":"wp","href":"https:\/\/api.w.org\/{rel}","templated":true}]}}