{"id":5370,"date":"2012-05-08T06:44:00","date_gmt":"2012-05-08T06:44:00","guid":{"rendered":"https:\/\/www.oidossucios.com\/site\/2012\/05\/08\/mike-d-y-ad-rock-hablan-sobre-la-muerte-de-mca-su-companero-y-amigo-de-beastie-boys\/"},"modified":"2012-05-08T06:44:00","modified_gmt":"2012-05-08T06:44:00","slug":"mike-d-y-ad-rock-hablan-sobre-la-muerte-de-mca-su-companero-y-amigo-de-beastie-boys","status":"publish","type":"post","link":"https:\/\/www.oidossucios.com\/site\/mike-d-y-ad-rock-hablan-sobre-la-muerte-de-mca-su-companero-y-amigo-de-beastie-boys\/","title":{"rendered":"Mike D y Ad-Rock hablan sobre la muerte de MCA, su compa\u00f1ero y amigo de Beastie Boys"},"content":{"rendered":"\n<p>La muerte de Adam &#8220;MCA&#8221; Yauch ocurrida el pasado viernes impact\u00f3 a numerosos m\u00fasicos, quienes externaron la tristeza que esto les causaba, siendo Michael &#8220;Mike D&#8221; Diamond y Adam &#8220;Ad-Rock&#8221; Horovitz, compa\u00f1eros de MCA en la emblem\u00e1tica banda Beastie Boys, quienes se mantuvieron en silencio.<\/p>\n<p>Sin embargo, ambos m\u00fasicos han expresado ya su sentir de manera personal; mientras Ad-Rock utiliz\u00f3 el sitio de la banda en&nbsp;<a target=\"_blank\" href=\"https:\/\/www.tumblr.com\/register\/join_tumblr?referring_blog=officialbeastieboys\" rel=\"noopener noreferrer\">Tumblr<\/a>&nbsp;ligada al sitio web de la banda, Mike D hizo lo mismo a trav\u00e9s de&nbsp;<a target=\"_blank\" href=\"https:\/\/www.facebook.com\/photo.php?fbid=10150889667668945&amp;set=a.139327313944.104644.18279403944&amp;type=1\" rel=\"noopener noreferrer\">Facebook<\/a>, coincidiendo en que al perder a Adam no s\u00f3lo se fue su compa\u00f1ero creativo, sino un amigo y hermano.<\/p>\n<p>Ad-Rock expres\u00f3: &#8220;Como pueden imaginar, el panorama es muy jodido ahora, pero quiero agradecer a todos nuestros amigos y familia (que son casi lo mismo) por todo el amor y apoyo. Me complace saber que todo el amor que Yauch dej\u00f3 en el mundo est\u00e1 regresando a \u00e9l. Gracias&#8221;.<\/p>\n<p>Por su parte, Mike D escribi\u00f3: &#8220;Lo s\u00e9, deber\u00edamos haber twiteado e instagrameado cada trsiteza, felicidad y pensamiento inspirado, sonrisas o l\u00e1grimas hasta ahora, pero honestamente los \u00faltimos d\u00edas han sido un nublamiento de profundas emociones por nuestro cercano amigo, compa\u00f1ero de banda y verdadero hermano. Extra\u00f1o mucho a Adam. \u00c9l sirvi\u00f3 como un magn\u00edfico ejemplo, para m\u00ed y para muchos, de lo que la determinaci\u00f3n, fe, concentraci\u00f3n y humildad unida a un sentido del humor pueden lograr. El mundo necesita muchos m\u00e1s como \u00e9l. Te amamos Adam.&#8221;<\/p>\n<p>Fuente: www.warp.la<\/p>\n","protected":false},"excerpt":{"rendered":"<p>La muerte de Adam &#8220;MCA&#8221; Yauch ocurrida el pasado viernes impact\u00f3 a numerosos m\u00fasicos, quienes externaron la tristeza que esto les causaba, siendo Michael &#8220;Mike D&#8221; Diamond y Adam &#8220;Ad-Rock&#8221; Horovitz, compa\u00f1eros de MCA en la emblem\u00e1tica banda Beastie Boys, quienes se mantuvieron en silencio. Sin embargo, ambos m\u00fasicos han expresado ya su sentir de [&hellip;]<\/p>\n","protected":false},"author":4,"featured_media":100005370,"comment_status":"open","ping_status":"open","sticky":false,"template":"","format":"standard","meta":{"_jetpack_memberships_contains_paid_content":false,"footnotes":""},"categories":[142],"tags":[],"class_list":["post-5370","post","type-post","status-publish","format-standard","has-post-thumbnail","hentry","category-buzznews"],"jetpack_featured_media_url":"https:\/\/www.oidossucios.com\/site\/wp-content\/uploads\/2012\/05\/5370.jpg","yoast_head":"<!-- This site is optimized with the Yoast SEO plugin v14.0.4 - https:\/\/yoast.com\/wordpress\/plugins\/seo\/ -->\n<title>Mike D y Ad-Rock hablan sobre la muerte de MCA, su compa\u00f1ero y amigo de Beastie Boys - OidosSucios.Com<\/title>\n<meta name=\"robots\" content=\"index, follow\" \/>\n<meta name=\"googlebot\" content=\"index, follow, max-snippet:-1, max-image-preview:large, max-video-preview:-1\" \/>\n<meta name=\"bingbot\" content=\"index, follow, max-snippet:-1, max-image-preview:large, max-video-preview:-1\" \/>\n<link rel=\"canonical\" href=\"https:\/\/www.oidossucios.com\/site\/mike-d-y-ad-rock-hablan-sobre-la-muerte-de-mca-su-companero-y-amigo-de-beastie-boys\/\" \/>\n<meta property=\"og:locale\" content=\"es_ES\" \/>\n<meta property=\"og:type\" content=\"article\" \/>\n<meta property=\"og:title\" content=\"Mike D y Ad-Rock hablan sobre la muerte de MCA, su compa\u00f1ero y amigo de Beastie Boys - OidosSucios.Com\" \/>\n<meta property=\"og:description\" content=\"La muerte de Adam &#8220;MCA&#8221; Yauch ocurrida el pasado viernes impact\u00f3 a numerosos m\u00fasicos, quienes externaron la tristeza que esto les causaba, siendo Michael &#8220;Mike D&#8221; Diamond y Adam &#8220;Ad-Rock&#8221; Horovitz, compa\u00f1eros de MCA en la emblem\u00e1tica banda Beastie Boys, quienes se mantuvieron en silencio. Sin embargo, ambos m\u00fasicos han expresado ya su sentir de [&hellip;]\" \/>\n<meta property=\"og:url\" content=\"https:\/\/www.oidossucios.com\/site\/mike-d-y-ad-rock-hablan-sobre-la-muerte-de-mca-su-companero-y-amigo-de-beastie-boys\/\" \/>\n<meta property=\"og:site_name\" content=\"OidosSucios.Com\" \/>\n<meta property=\"article:published_time\" content=\"2012-05-08T06:44:00+00:00\" \/>\n<meta property=\"og:image\" content=\"https:\/\/www.oidossucios.com\/site\/wp-content\/uploads\/2012\/05\/5370.jpg\" \/>\n\t<meta property=\"og:image:width\" content=\"350\" \/>\n\t<meta property=\"og:image:height\" content=\"300\" \/>\n<meta name=\"twitter:card\" content=\"summary_large_image\" \/>\n<meta name=\"twitter:creator\" content=\"@oidossucios\" \/>\n<script type=\"application\/ld+json\" class=\"yoast-schema-graph\">{\"@context\":\"https:\/\/schema.org\",\"@graph\":[{\"@type\":\"WebSite\",\"@id\":\"https:\/\/www.oidossucios.com\/site\/#website\",\"url\":\"https:\/\/www.oidossucios.com\/site\/\",\"name\":\"OidosSucios.Com\",\"description\":\"M\\u00fasica, conciertos, discos\",\"potentialAction\":[{\"@type\":\"SearchAction\",\"target\":\"https:\/\/www.oidossucios.com\/site\/?s={search_term_string}\",\"query-input\":\"required name=search_term_string\"}],\"inLanguage\":\"es\"},{\"@type\":\"ImageObject\",\"@id\":\"https:\/\/www.oidossucios.com\/site\/mike-d-y-ad-rock-hablan-sobre-la-muerte-de-mca-su-companero-y-amigo-de-beastie-boys\/#primaryimage\",\"inLanguage\":\"es\",\"url\":\"https:\/\/www.oidossucios.com\/site\/wp-content\/uploads\/2012\/05\/5370.jpg\",\"width\":350,\"height\":300},{\"@type\":\"WebPage\",\"@id\":\"https:\/\/www.oidossucios.com\/site\/mike-d-y-ad-rock-hablan-sobre-la-muerte-de-mca-su-companero-y-amigo-de-beastie-boys\/#webpage\",\"url\":\"https:\/\/www.oidossucios.com\/site\/mike-d-y-ad-rock-hablan-sobre-la-muerte-de-mca-su-companero-y-amigo-de-beastie-boys\/\",\"name\":\"Mike D y Ad-Rock hablan sobre la muerte de MCA, su compa\\u00f1ero y amigo de Beastie Boys - OidosSucios.Com\",\"isPartOf\":{\"@id\":\"https:\/\/www.oidossucios.com\/site\/#website\"},\"primaryImageOfPage\":{\"@id\":\"https:\/\/www.oidossucios.com\/site\/mike-d-y-ad-rock-hablan-sobre-la-muerte-de-mca-su-companero-y-amigo-de-beastie-boys\/#primaryimage\"},\"datePublished\":\"2012-05-08T06:44:00+00:00\",\"dateModified\":\"2012-05-08T06:44:00+00:00\",\"author\":{\"@id\":\"https:\/\/www.oidossucios.com\/site\/#\/schema\/person\/24559eeb76bf83a63296fb072393a688\"},\"inLanguage\":\"es\",\"potentialAction\":[{\"@type\":\"ReadAction\",\"target\":[\"https:\/\/www.oidossucios.com\/site\/mike-d-y-ad-rock-hablan-sobre-la-muerte-de-mca-su-companero-y-amigo-de-beastie-boys\/\"]}]},{\"@type\":[\"Person\"],\"@id\":\"https:\/\/www.oidossucios.com\/site\/#\/schema\/person\/24559eeb76bf83a63296fb072393a688\",\"name\":\"Oidossucios\",\"image\":{\"@type\":\"ImageObject\",\"@id\":\"https:\/\/www.oidossucios.com\/site\/#personlogo\",\"inLanguage\":\"es\",\"url\":\"https:\/\/secure.gravatar.com\/avatar\/74fcb480f42f1a33e50a0b6e6369a3f907be2e43dc84fa5f76c66e9c22b4a5ab?s=96&d=mm&r=g\",\"caption\":\"Oidossucios\"},\"sameAs\":[\"https:\/\/twitter.com\/oidossucios\"]}]}<\/script>\n<!-- \/ Yoast SEO plugin. -->","jetpack_sharing_enabled":true,"_links":{"self":[{"href":"https:\/\/www.oidossucios.com\/site\/wp-json\/wp\/v2\/posts\/5370","targetHints":{"allow":["GET"]}}],"collection":[{"href":"https:\/\/www.oidossucios.com\/site\/wp-json\/wp\/v2\/posts"}],"about":[{"href":"https:\/\/www.oidossucios.com\/site\/wp-json\/wp\/v2\/types\/post"}],"author":[{"embeddable":true,"href":"https:\/\/www.oidossucios.com\/site\/wp-json\/wp\/v2\/users\/4"}],"replies":[{"embeddable":true,"href":"https:\/\/www.oidossucios.com\/site\/wp-json\/wp\/v2\/comments?post=5370"}],"version-history":[{"count":0,"href":"https:\/\/www.oidossucios.com\/site\/wp-json\/wp\/v2\/posts\/5370\/revisions"}],"wp:featuredmedia":[{"embeddable":true,"href":"https:\/\/www.oidossucios.com\/site\/wp-json\/wp\/v2\/media\/100005370"}],"wp:attachment":[{"href":"https:\/\/www.oidossucios.com\/site\/wp-json\/wp\/v2\/media?parent=5370"}],"wp:term":[{"taxonomy":"category","embeddable":true,"href":"https:\/\/www.oidossucios.com\/site\/wp-json\/wp\/v2\/categories?post=5370"},{"taxonomy":"post_tag","embeddable":true,"href":"https:\/\/www.oidossucios.com\/site\/wp-json\/wp\/v2\/tags?post=5370"}],"curies":[{"name":"wp","href":"https:\/\/api.w.org\/{rel}","templated":true}]}}