{"id":5371,"date":"2012-05-08T17:22:00","date_gmt":"2012-05-08T17:22:00","guid":{"rendered":"https:\/\/www.oidossucios.com\/site\/2012\/05\/08\/hopitalizan-de-emergencia-a-mikael-akerfeldt-lider-de-opeth-tras-un-accidente-automovilistico\/"},"modified":"2012-05-08T17:22:00","modified_gmt":"2012-05-08T17:22:00","slug":"hopitalizan-de-emergencia-a-mikael-akerfeldt-lider-de-opeth-tras-un-accidente-automovilistico","status":"publish","type":"post","link":"https:\/\/www.oidossucios.com\/site\/hopitalizan-de-emergencia-a-mikael-akerfeldt-lider-de-opeth-tras-un-accidente-automovilistico\/","title":{"rendered":"Hopitalizan de emergencia a Mikael Akerfeldt, l\u00edder de Opeth, tras un accidente automovil\u00edstico"},"content":{"rendered":"\n<p>El l\u00edder y fundador de&nbsp;Opeth, Mikael Akerfeldt, fue llevado de emergencia al hospital ayer lunes 7 de mayo, luego de sufrir un accidente automovil\u00edstico en Maplewood, Minnesota, previo al concierto que su Opeth banda dar\u00eda junto a&nbsp;Mastodon&nbsp;y&nbsp;Ghost. <\/p>\n<p>Aunque el grupo todav\u00eda no se ha pronunciado al respecto, fuentes cercanas a la banda afirman que el tambi\u00e9n cantante de Bloodbath se ha roto un brazo y que podr\u00eda tener golpes en la cabeza.<\/p>\n<p>Fue el manager de los de Atlanta qui\u00e9n inform\u00f3 a los all\u00ed presentes de que los suecos no iban salir a escena, ya que Mikael \u00c5kerfeldt se vio involucrado en un accidente de tr\u00e1fico que lo llev\u00f3 al hospital una hora escasa antes del show. Al acabar el concierto, los miembros de Mastodon comentaron que el cantante sueco estaba evolucionando favorablemente de sus heridas en un hospital cercano.<\/p>\n<p>Hasta el momento no se han revelado mayores detalles del incidente, pero se dice que el m\u00fasico se fractur\u00f3 un brazo durante el percance.<\/p>\n<p>Actualmente,&nbsp;Opeth&nbsp;encabeza la gira&nbsp;Heritage Hunter, junto con&nbsp;Mastodon, a la cual le restan fechas en Estados Unidos y Europa. A\u00fan no se sabe cu\u00e1l ser\u00e1 el alcance de los da\u00f1os que sufri\u00f3 ni por cuanto tiempo estar\u00e1 de baja. De momento, salvo el show de ayer, la banda no ha cancelado ning\u00fan concierto, y se espera que \u00c5kerfeldt vuelva a los escenarios lo antes posible. Tampoco se ha confirmado si la banda visitar\u00e1 Venezuela \u00a1NO JODA!<\/p>\n","protected":false},"excerpt":{"rendered":"<p>El l\u00edder y fundador de Opeth, Mikael Akerfeldt, fue llevado de emergencia al hospital luego de sufrir un accidente automovil\u00edstico en Maplewood, Minnesota, previo a un concierto. <\/p>\n","protected":false},"author":4,"featured_media":100005371,"comment_status":"open","ping_status":"open","sticky":false,"template":"","format":"standard","meta":{"_jetpack_memberships_contains_paid_content":false,"footnotes":""},"categories":[250],"tags":[],"class_list":["post-5371","post","type-post","status-publish","format-standard","has-post-thumbnail","hentry","category-noticias"],"jetpack_featured_media_url":"https:\/\/www.oidossucios.com\/site\/wp-content\/uploads\/2012\/05\/5371.jpg","yoast_head":"<!-- This site is optimized with the Yoast SEO plugin v14.0.4 - https:\/\/yoast.com\/wordpress\/plugins\/seo\/ -->\n<title>Hopitalizan de emergencia a Mikael Akerfeldt, l\u00edder de Opeth, tras un accidente automovil\u00edstico - OidosSucios.Com<\/title>\n<meta name=\"description\" content=\"El l\u00edder y fundador de Opeth, Mikael Akerfeldt, fue llevado de emergencia al hospital luego de sufrir un accidente automovil\u00edstico en Maplewood, Minnesota, previo a un concierto.\" \/>\n<meta name=\"robots\" content=\"index, follow\" \/>\n<meta name=\"googlebot\" content=\"index, follow, max-snippet:-1, max-image-preview:large, max-video-preview:-1\" \/>\n<meta name=\"bingbot\" content=\"index, follow, max-snippet:-1, max-image-preview:large, max-video-preview:-1\" \/>\n<link rel=\"canonical\" href=\"https:\/\/www.oidossucios.com\/site\/hopitalizan-de-emergencia-a-mikael-akerfeldt-lider-de-opeth-tras-un-accidente-automovilistico\/\" \/>\n<meta property=\"og:locale\" content=\"es_ES\" \/>\n<meta property=\"og:type\" content=\"article\" \/>\n<meta property=\"og:title\" content=\"Hopitalizan de emergencia a Mikael Akerfeldt, l\u00edder de Opeth, tras un accidente automovil\u00edstico - OidosSucios.Com\" \/>\n<meta property=\"og:description\" content=\"El l\u00edder y fundador de Opeth, Mikael Akerfeldt, fue llevado de emergencia al hospital luego de sufrir un accidente automovil\u00edstico en Maplewood, Minnesota, previo a un concierto.\" \/>\n<meta property=\"og:url\" content=\"https:\/\/www.oidossucios.com\/site\/hopitalizan-de-emergencia-a-mikael-akerfeldt-lider-de-opeth-tras-un-accidente-automovilistico\/\" \/>\n<meta property=\"og:site_name\" content=\"OidosSucios.Com\" \/>\n<meta property=\"article:published_time\" content=\"2012-05-08T17:22:00+00:00\" \/>\n<meta property=\"og:image\" content=\"https:\/\/www.oidossucios.com\/site\/wp-content\/uploads\/2012\/05\/5371.jpg\" \/>\n\t<meta property=\"og:image:width\" content=\"350\" \/>\n\t<meta property=\"og:image:height\" content=\"300\" \/>\n<meta name=\"twitter:card\" content=\"summary_large_image\" \/>\n<meta name=\"twitter:creator\" content=\"@oidossucios\" \/>\n<script type=\"application\/ld+json\" class=\"yoast-schema-graph\">{\"@context\":\"https:\/\/schema.org\",\"@graph\":[{\"@type\":\"WebSite\",\"@id\":\"https:\/\/www.oidossucios.com\/site\/#website\",\"url\":\"https:\/\/www.oidossucios.com\/site\/\",\"name\":\"OidosSucios.Com\",\"description\":\"M\\u00fasica, conciertos, discos\",\"potentialAction\":[{\"@type\":\"SearchAction\",\"target\":\"https:\/\/www.oidossucios.com\/site\/?s={search_term_string}\",\"query-input\":\"required name=search_term_string\"}],\"inLanguage\":\"es\"},{\"@type\":\"ImageObject\",\"@id\":\"https:\/\/www.oidossucios.com\/site\/hopitalizan-de-emergencia-a-mikael-akerfeldt-lider-de-opeth-tras-un-accidente-automovilistico\/#primaryimage\",\"inLanguage\":\"es\",\"url\":\"https:\/\/www.oidossucios.com\/site\/wp-content\/uploads\/2012\/05\/5371.jpg\",\"width\":350,\"height\":300},{\"@type\":\"WebPage\",\"@id\":\"https:\/\/www.oidossucios.com\/site\/hopitalizan-de-emergencia-a-mikael-akerfeldt-lider-de-opeth-tras-un-accidente-automovilistico\/#webpage\",\"url\":\"https:\/\/www.oidossucios.com\/site\/hopitalizan-de-emergencia-a-mikael-akerfeldt-lider-de-opeth-tras-un-accidente-automovilistico\/\",\"name\":\"Hopitalizan de emergencia a Mikael Akerfeldt, l\\u00edder de Opeth, tras un accidente automovil\\u00edstico - OidosSucios.Com\",\"isPartOf\":{\"@id\":\"https:\/\/www.oidossucios.com\/site\/#website\"},\"primaryImageOfPage\":{\"@id\":\"https:\/\/www.oidossucios.com\/site\/hopitalizan-de-emergencia-a-mikael-akerfeldt-lider-de-opeth-tras-un-accidente-automovilistico\/#primaryimage\"},\"datePublished\":\"2012-05-08T17:22:00+00:00\",\"dateModified\":\"2012-05-08T17:22:00+00:00\",\"author\":{\"@id\":\"https:\/\/www.oidossucios.com\/site\/#\/schema\/person\/24559eeb76bf83a63296fb072393a688\"},\"description\":\"El l\\u00edder y fundador de Opeth, Mikael Akerfeldt, fue llevado de emergencia al hospital luego de sufrir un accidente automovil\\u00edstico en Maplewood, Minnesota, previo a un concierto.\",\"inLanguage\":\"es\",\"potentialAction\":[{\"@type\":\"ReadAction\",\"target\":[\"https:\/\/www.oidossucios.com\/site\/hopitalizan-de-emergencia-a-mikael-akerfeldt-lider-de-opeth-tras-un-accidente-automovilistico\/\"]}]},{\"@type\":[\"Person\"],\"@id\":\"https:\/\/www.oidossucios.com\/site\/#\/schema\/person\/24559eeb76bf83a63296fb072393a688\",\"name\":\"Oidossucios\",\"image\":{\"@type\":\"ImageObject\",\"@id\":\"https:\/\/www.oidossucios.com\/site\/#personlogo\",\"inLanguage\":\"es\",\"url\":\"https:\/\/secure.gravatar.com\/avatar\/74fcb480f42f1a33e50a0b6e6369a3f907be2e43dc84fa5f76c66e9c22b4a5ab?s=96&d=mm&r=g\",\"caption\":\"Oidossucios\"},\"sameAs\":[\"https:\/\/twitter.com\/oidossucios\"]}]}<\/script>\n<!-- \/ Yoast SEO plugin. -->","jetpack_sharing_enabled":true,"_links":{"self":[{"href":"https:\/\/www.oidossucios.com\/site\/wp-json\/wp\/v2\/posts\/5371","targetHints":{"allow":["GET"]}}],"collection":[{"href":"https:\/\/www.oidossucios.com\/site\/wp-json\/wp\/v2\/posts"}],"about":[{"href":"https:\/\/www.oidossucios.com\/site\/wp-json\/wp\/v2\/types\/post"}],"author":[{"embeddable":true,"href":"https:\/\/www.oidossucios.com\/site\/wp-json\/wp\/v2\/users\/4"}],"replies":[{"embeddable":true,"href":"https:\/\/www.oidossucios.com\/site\/wp-json\/wp\/v2\/comments?post=5371"}],"version-history":[{"count":0,"href":"https:\/\/www.oidossucios.com\/site\/wp-json\/wp\/v2\/posts\/5371\/revisions"}],"wp:featuredmedia":[{"embeddable":true,"href":"https:\/\/www.oidossucios.com\/site\/wp-json\/wp\/v2\/media\/100005371"}],"wp:attachment":[{"href":"https:\/\/www.oidossucios.com\/site\/wp-json\/wp\/v2\/media?parent=5371"}],"wp:term":[{"taxonomy":"category","embeddable":true,"href":"https:\/\/www.oidossucios.com\/site\/wp-json\/wp\/v2\/categories?post=5371"},{"taxonomy":"post_tag","embeddable":true,"href":"https:\/\/www.oidossucios.com\/site\/wp-json\/wp\/v2\/tags?post=5371"}],"curies":[{"name":"wp","href":"https:\/\/api.w.org\/{rel}","templated":true}]}}