{"id":5372,"date":"2012-05-08T17:44:00","date_gmt":"2012-05-08T17:44:00","guid":{"rendered":"https:\/\/www.oidossucios.com\/site\/2012\/05\/08\/video-brian-head-welch-fue-fantastico-tocar-con-korn-otra-vez\/"},"modified":"2012-05-08T17:44:00","modified_gmt":"2012-05-08T17:44:00","slug":"video-brian-head-welch-fue-fantastico-tocar-con-korn-otra-vez","status":"publish","type":"post","link":"https:\/\/www.oidossucios.com\/site\/video-brian-head-welch-fue-fantastico-tocar-con-korn-otra-vez\/","title":{"rendered":"(Video) Brian &#8220;Head&#8221; Welch: &#8220;Fue fant\u00e1stico tocar con Korn otra vez&#8221;"},"content":{"rendered":"<p>Por <\/p>\n<p>El ex guitarrista de Korn Brian &#8220;Head&#8221; Welch&nbsp;se reuni\u00f3 en el escenario con sus antiguos compa\u00f1eros de banda el pasado s\u00e1bado 5 de Mayo en el&nbsp;Carolina Rebellion&nbsp;Festival de Rockingham, North Carolina, para interpretar juntos el cl\u00e1sico de Korn&nbsp;&#8220;Blind&#8221;. Esta fue la primera vez en 7 a\u00f1os que Head&nbsp;y los Korn tocaban juntos.<\/p>\n<p>Acerca del show, Welch coment\u00f3: &#8220;Fue incre\u00edble la noche del s\u00e1bado tocar con Korn. Reconciliarse con la familia siempre es bueno. Mucho amor en la tarima de los fans de Korn. Muchas l\u00e1grimas. Dios es amor&#8221;.<\/p>\n<p>Welch&nbsp;dej\u00f3 Korn&nbsp;en el 2005 para convertirse en cristiano tras muchos a\u00f1os de abusar de drogas y alcohol estando en la banda.<\/p>\n<p>A pesar que el guitarrista tiene una nueva banda llamada&nbsp;Love And Death, tanto \u00e9l como el bajista&nbsp;Reginald &#8220;Fieldy&#8221; Arvizu&nbsp;han declarado que su vuelta a la banda es posible bajo las correctas condiciones.<\/p>\n<p>Aqu\u00ed el video desde otra perspectiva:<\/p>\n<p><iframe loading=\"lazy\" width=\"560\" height=\"315\" frameborder=\"0\" allowfullscreen=\"\" src=\"http:\/\/www.youtube.com\/embed\/jTR5v9GCxCc\"><\/iframe><\/p>\n<p><!--[if !supportLineBreakNewLine]--><br \/><!--[endif]--><\/p>\n<p><!--nextpage--><img decoding=\"async\" class=\"aligncenter size-medium wp-image-111115599\" src=\"https:\/\/www.oidossucios.com\/site\/wp-content\/uploads\/2020\/02\/5599.jpg\" alt=\"(Video) Brian \"Head\" Welch: \"Fue fant\u00e1stico tocar con Korn otra vez\"\"  \/><a href='https:\/\/www.oidossucios.com\/site\/video-brian-head-welch-fue-fantastico-tocar-con-korn-otra-vez\/2\/'\n                        onclick='if (tpsInstance) { tpsInstance.setNext(); return false; }'\n                        rel='next'\n                        style=''\n                        class=''>Ver galer\u00eda<\/a>]]><\/p>\n","protected":false},"excerpt":{"rendered":"<p>El ex guitarrista de Korn Brian &quot;Head&quot; Welch se reuni\u00f3 en el escenario con sus antiguos compa\u00f1eros de banda el pasado s\u00e1bado para interpretar juntos el cl\u00e1sico &quot;Blind&quot;.<\/p>\n","protected":false},"author":4,"featured_media":100005372,"comment_status":"open","ping_status":"open","sticky":false,"template":"","format":"standard","meta":{"_jetpack_memberships_contains_paid_content":false,"footnotes":""},"categories":[685],"tags":[],"class_list":["post-5372","post","type-post","status-publish","format-standard","has-post-thumbnail","hentry","category-ultima"],"jetpack_featured_media_url":"https:\/\/www.oidossucios.com\/site\/wp-content\/uploads\/2012\/05\/5372.jpg","yoast_head":"<!-- This site is optimized with the Yoast SEO plugin v14.0.4 - https:\/\/yoast.com\/wordpress\/plugins\/seo\/ -->\n<title>(Video) Brian &quot;Head&quot; Welch: &quot;Fue fant\u00e1stico tocar con Korn otra vez&quot; - OidosSucios.Com<\/title>\n<meta name=\"description\" content=\"El ex guitarrista de Korn Brian &quot;Head&quot; Welch se reuni\u00f3 en el escenario con sus antiguos compa\u00f1eros de banda el pasado s\u00e1bado para interpretar juntos el cl\u00e1sico &quot;Blind&quot;.\" \/>\n<meta name=\"robots\" content=\"index, follow\" \/>\n<meta name=\"googlebot\" content=\"index, follow, max-snippet:-1, max-image-preview:large, max-video-preview:-1\" \/>\n<meta name=\"bingbot\" content=\"index, follow, max-snippet:-1, max-image-preview:large, max-video-preview:-1\" \/>\n<link rel=\"canonical\" href=\"https:\/\/www.oidossucios.com\/site\/video-brian-head-welch-fue-fantastico-tocar-con-korn-otra-vez\/\" \/>\n<link rel=\"next\" href=\"https:\/\/www.oidossucios.com\/site\/video-brian-head-welch-fue-fantastico-tocar-con-korn-otra-vez\/2\/\" \/>\n<meta property=\"og:locale\" content=\"es_ES\" \/>\n<meta property=\"og:type\" content=\"article\" \/>\n<meta property=\"og:title\" content=\"(Video) Brian &quot;Head&quot; Welch: &quot;Fue fant\u00e1stico tocar con Korn otra vez&quot; - OidosSucios.Com\" \/>\n<meta property=\"og:description\" content=\"El ex guitarrista de Korn Brian &quot;Head&quot; Welch se reuni\u00f3 en el escenario con sus antiguos compa\u00f1eros de banda el pasado s\u00e1bado para interpretar juntos el cl\u00e1sico &quot;Blind&quot;.\" \/>\n<meta property=\"og:url\" content=\"https:\/\/www.oidossucios.com\/site\/video-brian-head-welch-fue-fantastico-tocar-con-korn-otra-vez\/\" \/>\n<meta property=\"og:site_name\" content=\"OidosSucios.Com\" \/>\n<meta property=\"article:published_time\" content=\"2012-05-08T17:44:00+00:00\" \/>\n<meta property=\"og:image\" content=\"https:\/\/www.oidossucios.com\/site\/wp-content\/uploads\/2012\/05\/5372.jpg\" \/>\n\t<meta property=\"og:image:width\" content=\"350\" \/>\n\t<meta property=\"og:image:height\" content=\"300\" \/>\n<meta name=\"twitter:card\" content=\"summary_large_image\" \/>\n<meta name=\"twitter:creator\" content=\"@oidossucios\" \/>\n<script type=\"application\/ld+json\" class=\"yoast-schema-graph\">{\"@context\":\"https:\/\/schema.org\",\"@graph\":[{\"@type\":\"WebSite\",\"@id\":\"https:\/\/www.oidossucios.com\/site\/#website\",\"url\":\"https:\/\/www.oidossucios.com\/site\/\",\"name\":\"OidosSucios.Com\",\"description\":\"M\\u00fasica, conciertos, discos\",\"potentialAction\":[{\"@type\":\"SearchAction\",\"target\":\"https:\/\/www.oidossucios.com\/site\/?s={search_term_string}\",\"query-input\":\"required name=search_term_string\"}],\"inLanguage\":\"es\"},{\"@type\":\"ImageObject\",\"@id\":\"https:\/\/www.oidossucios.com\/site\/video-brian-head-welch-fue-fantastico-tocar-con-korn-otra-vez\/#primaryimage\",\"inLanguage\":\"es\",\"url\":\"https:\/\/www.oidossucios.com\/site\/wp-content\/uploads\/2012\/05\/5372.jpg\",\"width\":350,\"height\":300},{\"@type\":\"WebPage\",\"@id\":\"https:\/\/www.oidossucios.com\/site\/video-brian-head-welch-fue-fantastico-tocar-con-korn-otra-vez\/#webpage\",\"url\":\"https:\/\/www.oidossucios.com\/site\/video-brian-head-welch-fue-fantastico-tocar-con-korn-otra-vez\/\",\"name\":\"(Video) Brian \\\"Head\\\" Welch: \\\"Fue fant\\u00e1stico tocar con Korn otra vez\\\" - OidosSucios.Com\",\"isPartOf\":{\"@id\":\"https:\/\/www.oidossucios.com\/site\/#website\"},\"primaryImageOfPage\":{\"@id\":\"https:\/\/www.oidossucios.com\/site\/video-brian-head-welch-fue-fantastico-tocar-con-korn-otra-vez\/#primaryimage\"},\"datePublished\":\"2012-05-08T17:44:00+00:00\",\"dateModified\":\"2012-05-08T17:44:00+00:00\",\"author\":{\"@id\":\"https:\/\/www.oidossucios.com\/site\/#\/schema\/person\/24559eeb76bf83a63296fb072393a688\"},\"description\":\"El ex guitarrista de Korn Brian &quot;Head&quot; Welch se reuni\\u00f3 en el escenario con sus antiguos compa\\u00f1eros de banda el pasado s\\u00e1bado para interpretar juntos el cl\\u00e1sico &quot;Blind&quot;.\",\"inLanguage\":\"es\",\"potentialAction\":[{\"@type\":\"ReadAction\",\"target\":[\"https:\/\/www.oidossucios.com\/site\/video-brian-head-welch-fue-fantastico-tocar-con-korn-otra-vez\/\"]}]},{\"@type\":[\"Person\"],\"@id\":\"https:\/\/www.oidossucios.com\/site\/#\/schema\/person\/24559eeb76bf83a63296fb072393a688\",\"name\":\"Oidossucios\",\"image\":{\"@type\":\"ImageObject\",\"@id\":\"https:\/\/www.oidossucios.com\/site\/#personlogo\",\"inLanguage\":\"es\",\"url\":\"https:\/\/secure.gravatar.com\/avatar\/74fcb480f42f1a33e50a0b6e6369a3f907be2e43dc84fa5f76c66e9c22b4a5ab?s=96&d=mm&r=g\",\"caption\":\"Oidossucios\"},\"sameAs\":[\"https:\/\/twitter.com\/oidossucios\"]}]}<\/script>\n<!-- \/ Yoast SEO plugin. -->","jetpack_sharing_enabled":true,"_links":{"self":[{"href":"https:\/\/www.oidossucios.com\/site\/wp-json\/wp\/v2\/posts\/5372","targetHints":{"allow":["GET"]}}],"collection":[{"href":"https:\/\/www.oidossucios.com\/site\/wp-json\/wp\/v2\/posts"}],"about":[{"href":"https:\/\/www.oidossucios.com\/site\/wp-json\/wp\/v2\/types\/post"}],"author":[{"embeddable":true,"href":"https:\/\/www.oidossucios.com\/site\/wp-json\/wp\/v2\/users\/4"}],"replies":[{"embeddable":true,"href":"https:\/\/www.oidossucios.com\/site\/wp-json\/wp\/v2\/comments?post=5372"}],"version-history":[{"count":0,"href":"https:\/\/www.oidossucios.com\/site\/wp-json\/wp\/v2\/posts\/5372\/revisions"}],"wp:featuredmedia":[{"embeddable":true,"href":"https:\/\/www.oidossucios.com\/site\/wp-json\/wp\/v2\/media\/100005372"}],"wp:attachment":[{"href":"https:\/\/www.oidossucios.com\/site\/wp-json\/wp\/v2\/media?parent=5372"}],"wp:term":[{"taxonomy":"category","embeddable":true,"href":"https:\/\/www.oidossucios.com\/site\/wp-json\/wp\/v2\/categories?post=5372"},{"taxonomy":"post_tag","embeddable":true,"href":"https:\/\/www.oidossucios.com\/site\/wp-json\/wp\/v2\/tags?post=5372"}],"curies":[{"name":"wp","href":"https:\/\/api.w.org\/{rel}","templated":true}]}}